{"id":137905,"date":"2019-11-19T08:36:00","date_gmt":"2019-11-19T11:36:00","guid":{"rendered":"https:\/\/grandepremio.com\/br\/noticias\/foto-teste-em-valencia-tem-bandeira-vermelha-por-queda-de-marc-marquez\/"},"modified":"2020-05-15T08:55:08","modified_gmt":"2020-05-15T11:55:08","slug":"foto-teste-em-valencia-tem-bandeira-vermelha-por-queda-de-marc-marquez","status":"publish","type":"post","link":"https:\/\/grandepremio.com\/br\/motogp\/foto-teste-em-valencia-tem-bandeira-vermelha-por-queda-de-marc-marquez\/","title":{"rendered":"FOTO: Teste em Val\u00eancia tem bandeira vermelha por queda de Marc M\u00e1rquez"},"content":{"rendered":"\n<div>\n\tO dia n&atilde;o come&ccedil;ou da melhor maneira para os irm&atilde;os M&aacute;rquez em Val&ecirc;ncia. Nesta ter&ccedil;a-feira (19), no teste coletivo da <strong><a href=\"https:\/\/www.grandepremio.com\/br\/motogp\"><span>MotoGP<\/span><\/a><\/strong>, Marc sofreu uma forte queda que precisou interromper as atividades com bandeira vermelha.<br \/>\n\t&nbsp;<\/div>\n<div>\n\tAinda na parte inicial do ensaio, &Aacute;lex, <strong><a href=\"https:\/\/www.grandepremio.com\/br\/motogp\/noticias\/honda-atende-marquez-e-poe-irmao-alex-no-lugar-de-lorenzo-em-2020\"><span>em sua estreia com a Honda<\/span><\/a><\/strong>, vinha para completar sua oitava volta r&aacute;pida <strong><a href=\"https:\/\/www.grandepremio.com\/br\/motogp\/noticias\/foto-alex-marquez-estreia-na-honda-com-queda-em-teste-coletivo\"><span>quando acabou se acidentando na curva 10<\/span><\/a><\/strong>. O piloto, que era o s&eacute;timo mais r&aacute;pido na tabela, acabou n&atilde;o sofrendo nada, enquanto sua moto ficou destru&iacute;da.<\/p>\n<div class=\"imagem-noticia\">\n\t\t<img decoding=\"async\" src=\"https:\/\/www.grandepremio.com\/br\/wp-content\/uploads\/2019\/11\/20191119932957_EJvDsBpXsAAAPkZ_II.jpg\" title=\"M\u00e1rquez recolheu os peda\u00e7os de sua moto (Foto: Reprodu\u00e7\u00e3o)\" \/><\/div>\n<div class=\"legenda-imagem\">\n\t\t#iconeimagem M&aacute;rquez recolheu os peda&ccedil;os de sua moto (Foto: Reprodu&ccedil;&atilde;o)<\/div>\n<\/div>\n<div style=\"float: left;margin-right: 15px;margin-bottom:15px\">\n\t<\/div>\n<p>N&atilde;o demorou muito para ser a vez do hexacampe&atilde;o sofrer um violento incidente durante a sess&atilde;o. Na curva 13, com pneus frios, acabou tendo um highside e foi arremessado de sua RC213V.<br \/>\n&nbsp;<\/p>\n<div>\n\tO #93 logo se colocou de p&eacute; e saiu andando da &aacute;rea de escape, mas n&atilde;o antes de come&ccedil;ar a recolher todas as &lsquo;partes secretas&rsquo; da moto que ficaram no ch&atilde;o. No local, alguns representantes da Yamaha estavam com suas c&acirc;meras de telefone registrando a cena.<br \/>\n\t&nbsp;<\/div>\n<div>\n\tO teste coletivo foi retomado nem cinco minutos mais tarde, com a ordem sendo Fabio Quartararo na ponta, seguido por Franco Morbidelli, Marc, Maverick Vi&ntilde;ales e Andrea Dovizioso fechando o top-5.<\/div>\n<div>\n\t&nbsp;<\/div>\n<div class=\"embed-responsive embed-responsive-16by9\">\n\t<\/div>\n<table bgcolor=\"#990033\" border=\"1\" cellpadding=\"1\" cellspacing=\"1\" style=\"width: 100%\">\n<\/table>\n<table bgcolor=\"#BD728C\" border=\"1\" cellpadding=\"1\" cellspacing=\"1\" style=\"width: 100%\">\n<tbody>\n<tr>\n<td>\n\t\t\t\t<span style=\"color:#000000\"><span style=\"font-size:18px\"><strong>Paddockast #42<br \/>\n\t\t\t\tQUEM &Eacute; VOC&Ecirc; NO GP DO BRASIL?<\/strong><\/span><br \/>\n\t\t\t\t<br \/>\n\t\t\t\tOu&ccedil;a:<\/span> <a href=\"http:\/\/open.spotify.com\/show\/5OBbp8MzxQymoyneX4IviF?si=gYqPr53GSaa-AcxFpOzJHg\"><span style=\"color:#000080\">Spotify<\/span><\/a><span style=\"color:#000080\"> <\/span><span style=\"color:#000000\">|<\/span> <a href=\"http:\/\/podcasts.apple.com\/br\/podcast\/paddockast\/id1371540198\"><span style=\"color:#000080\">iTunes<\/span><\/a><span style=\"color:#000080\"> <\/span><span style=\"color:#000000\">|<\/span> <a href=\"http:\/\/www.subscribeonandroid.com\/www.central3.com.br\/category\/podcasts\/paddockast\/feed\/podcast\/\"><span style=\"color:#000080\">Android<\/span><\/a><span style=\"color:#000080\"> <\/span><span style=\"color:#000000\">|<\/span> <a href=\"http:\/\/player.fm\/series\/paddockast\"><span style=\"color:#000080\">playerFM<\/span><\/a><\/td>\n<\/tr>\n<\/tbody>\n<\/table>\n<p><\/p>\n<p><\/p>\n","protected":false},"excerpt":{"rendered":"<p>Marc M&aacute;rquez sofreu um grande rev&eacute;s durante o teste coletivo da MotoGP em Val&ecirc;ncia. Na curva 13, quando estava com pneus frios, acabou tendo um grande highside e foi arremessado de sua moto, caindo com viol&ecirc;ncia. A sess&atilde;o chegou a ser parada com bandeira vermelha, mas o piloto nada sofreu<\/p>\n","protected":false},"author":0,"featured_media":0,"comment_status":"closed","ping_status":"closed","sticky":false,"template":"","format":"standard","meta":{"42wp_featured_image_caption":"","42wp_featured_image_credits":"","42wp_featured_video":"","42wp_featured_image_hidden":false,"42wp_authors_list":[],"footnotes":""},"categories":[8],"tags":[130,101,79,1657,78,226,847,2221,1881],"42wp_author":[47109],"class_list":["post-137905","post","type-post","status-publish","format-standard","hentry","category-motogp","tag-honda","tag-marc-mrquez","tag-moto-gp","tag-moto-gp-2019","tag-motogp","tag-motogp-2019","tag-mundial-de-motovelocidade","tag-ricardo-tormo","tag-testes-coletivos","42wp_author-redacao-gp"],"_links":{"self":[{"href":"https:\/\/grandepremio.com\/br\/wp-json\/wp\/v2\/posts\/137905","targetHints":{"allow":["GET"]}}],"collection":[{"href":"https:\/\/grandepremio.com\/br\/wp-json\/wp\/v2\/posts"}],"about":[{"href":"https:\/\/grandepremio.com\/br\/wp-json\/wp\/v2\/types\/post"}],"replies":[{"embeddable":true,"href":"https:\/\/grandepremio.com\/br\/wp-json\/wp\/v2\/comments?post=137905"}],"version-history":[{"count":0,"href":"https:\/\/grandepremio.com\/br\/wp-json\/wp\/v2\/posts\/137905\/revisions"}],"wp:attachment":[{"href":"https:\/\/grandepremio.com\/br\/wp-json\/wp\/v2\/media?parent=137905"}],"wp:term":[{"taxonomy":"category","embeddable":true,"href":"https:\/\/grandepremio.com\/br\/wp-json\/wp\/v2\/categories?post=137905"},{"taxonomy":"post_tag","embeddable":true,"href":"https:\/\/grandepremio.com\/br\/wp-json\/wp\/v2\/tags?post=137905"},{"taxonomy":"42wp_author","embeddable":true,"href":"https:\/\/grandepremio.com\/br\/wp-json\/wp\/v2\/42wp_author?post=137905"}],"curies":[{"name":"wp","href":"https:\/\/api.w.org\/{rel}","templated":true}]}}