{"id":137937,"date":"2019-11-18T11:15:00","date_gmt":"2019-11-18T14:15:00","guid":{"rendered":"https:\/\/grandepremio.com\/br\/noticias\/f1-tem-maior-audiencia-de-2019-mas-gp-do-brasil-registra-queda\/"},"modified":"2020-05-15T09:13:18","modified_gmt":"2020-05-15T12:13:18","slug":"f1-tem-maior-audiencia-de-2019-mas-gp-do-brasil-registra-queda","status":"publish","type":"post","link":"https:\/\/grandepremio.com\/br\/f1\/f1-tem-maior-audiencia-de-2019-mas-gp-do-brasil-registra-queda\/","title":{"rendered":"F1 tem maior audi\u00eancia de 2019, mas GP do Brasil registra queda"},"content":{"rendered":"\n<div class=\"embed-responsive embed-responsive-16by9\">\n\t<\/div>\n<p>\nA transmiss&atilde;o do <a href=\"https:\/\/www.grandepremio.com\/br\/f1\/noticias\/opiniao-gp-interlagos-sua-linda-jamais-deixe-o-calendario-da-f1\"><span><strong>GP do Brasil<\/strong><\/span><\/a> na TV Globo igualou o recorde de audi&ecirc;ncia da categoria na televis&atilde;o brasileira em 2019 &#8211; <strong><a href=\"https:\/\/www.grandepremio.com\/br\/f1\/noticias\/gp-da-hungria-supera-alemanha-e-rende-novo-recorde-de-audiencia-da-f1-em-2019\"><span>marcou o mesmo que a prova na Hungria, em agosto<\/span><\/a><\/strong>.<br \/>\n<br \/>\nEm S&atilde;o Paulo, palco da prova, foram 13 pontos de audi&ecirc;ncia &mdash;&nbsp;cada ponto equivale a 73.015 domic&iacute;lios com TV e 200.766 pessoas na aferi&ccedil;&atilde;o determinada por este ano &mdash;, e 26,6% de participa&ccedil;&atilde;o (share).&nbsp;<br \/>\n<br \/>\nA emo&ccedil;&atilde;o dos giros finais da prova, por&eacute;m, fez diferen&ccedil;a: a &uacute;ltima volta,&nbsp;<strong><a href=\"https:\/\/grandepremio.com\/br\/f1\/noticias\/apos-segurar-hamilton-gasly-fica-sem-palavras-com-podio-e-muito-emocionante\"><span>que viu a batalha entre Pierre Gasly e Lewis Hamilton pelo segundo lugar<\/span><\/a><\/strong>, atr&aacute;s de Max Verstappen, teve pico de 16,3 pontos.<br \/>\n<br \/>\nOutro ponto positivo al&eacute;m do recorde foi o aumento em rela&ccedil;&atilde;o aos programas de domingo no canal: o GP recebeu do PopStar em 9,5 pontos e alavancou em quase quatro. Em rela&ccedil;&atilde;o ao Doming&atilde;o do Faust&atilde;o, que sucedeu a prova, viu a participa&ccedil;&atilde;o tamb&eacute;m ser maior, j&aacute; que o dominical teve 24,9% de todas as TVs sintonizadas.<\/p>\n<div class=\"imagem-noticia\">\n\t<img decoding=\"async\" src=\"https:\/\/s3-us-east-2.amazonaws.com\/cdngp\/main\/uploads\/2019\/11\/201911181213746_Reginaldo-Leme-Galv%C3%A3o-Bueno-e-Luciano-Burti_O.png\" title=\"Reginaldo Leme, Galv\u00e3o Bueno e Luciano Burti na transmiss\u00e3o do GP do Brasil 2019 Foto Reprodu\u00e7\u00e3o\/TV Globo)\" \/><\/div>\n<div class=\"legenda-imagem\">\n\t#iconeimagem Reginaldo Leme, Galv&atilde;o Bueno e Luciano Burti na transmiss&atilde;o do GP do Brasil 2019 Foto Reprodu&ccedil;&atilde;o\/TV Globo)<\/div>\n<table bgcolor=\"#add8e6<\/p>\n<p>&#8221; border=&#8221;1&#8243; cellpadding=&#8221;1&#8243; cellspacing=&#8221;1&#8243; style=&#8221;width: 100%&#8221;><\/p>\n<tbody>\n<tr>\n<td>\n\t\t\t\t<span style=\"color:#000000\"><span style=\"font-size:18px\"><strong>Paddockast # 42<br \/>\n\t\t\t\tQUEM &Eacute; VOC&Ecirc; NO GP DO BRASIL?<\/strong><\/span><\/span><br \/>\n\t\t\t\t<br \/>\n\t\t\t\tOu&ccedil;a: <a href=\"http:\/\/open.spotify.com\/show\/5OBbp8MzxQymoyneX4IviF?si=gYqPr53GSaa-AcxFpOzJHg\">Spotify<\/a> | <a href=\"http:\/\/podcasts.apple.com\/br\/podcast\/paddockast\/id1371540198\">iTunes<\/a> | <a href=\"http:\/\/www.subscribeonandroid.com\/www.central3.com.br\/category\/podcasts\/paddockast\/feed\/podcast\/\">Android<\/a> | <a href=\"http:\/\/player.fm\/series\/paddockast\">playerFM<\/a><\/td>\n<\/tr>\n<\/tbody>\n<\/table>\n<p>\nMas em compara&ccedil;&atilde;o com anos anteriores, houve queda. Historicamente, o GP do Brasil s&oacute; bateu os de 2013 e 2015, que marcaram 12,7 pontos. 2018 tamb&eacute;m viu audi&ecirc;ncia maior na prova vencida por Lewis Hamilton: 13,5 pontos na capital paulista.<br \/>\n<br \/>\nGalv&atilde;o Bueno, Reginaldo Leme e Luciano Burti comandaram uma transmiss&atilde;o em um feriado prolongado, por&eacute;m &mdash; na &uacute;ltima sexta-feira, 15 de novembro, foi comemorada a Proclama&ccedil;&atilde;o da Rep&uacute;blica e h&aacute; um outro feriado no dia 20, o da Consci&ecirc;ncia Negra&nbsp;&mdash;, o que pode ter afetado negativamente a audi&ecirc;ncia.&nbsp;&nbsp;<br \/>\n<br \/>\nA F&oacute;rmula 1 volta em duas semanas, com o encerramento da temporada em Abu Dhabi.&nbsp;<br \/><\/p>\n<div class=\"embed-responsive embed-responsive-16by9\">\n\t<\/div>\n<p><\/p>\n<div>\n<\/div>\n<p><\/p>\n","protected":false},"excerpt":{"rendered":"<p>A F&oacute;rmula 1 teve sua maior audi&ecirc;ncia no ano na TV Globo, empatando com a transmiss&atilde;o do GP da Hungria, com a corrida em Interlagos. Mas, em compara&ccedil;&atilde;o aos anos anteriores, houve queda<\/p>\n","protected":false},"author":0,"featured_media":0,"comment_status":"closed","ping_status":"closed","sticky":false,"template":"","format":"standard","meta":{"42wp_featured_image_caption":"","42wp_featured_image_credits":"","42wp_featured_video":"","42wp_featured_image_hidden":false,"42wp_authors_list":[],"footnotes":""},"categories":[2],"tags":[147,84,180,261,2167,1224,502,124,784],"42wp_author":[47136],"class_list":["post-137937","post","type-post","status-publish","format-standard","hentry","category-f1","tag-f1","tag-f1-2019","tag-formula-1","tag-formula-um","tag-galvo-bueno","tag-globo","tag-gp-do-brasil","tag-interlagos","tag-tv","42wp_author-victor-martins"],"_links":{"self":[{"href":"https:\/\/grandepremio.com\/br\/wp-json\/wp\/v2\/posts\/137937","targetHints":{"allow":["GET"]}}],"collection":[{"href":"https:\/\/grandepremio.com\/br\/wp-json\/wp\/v2\/posts"}],"about":[{"href":"https:\/\/grandepremio.com\/br\/wp-json\/wp\/v2\/types\/post"}],"replies":[{"embeddable":true,"href":"https:\/\/grandepremio.com\/br\/wp-json\/wp\/v2\/comments?post=137937"}],"version-history":[{"count":0,"href":"https:\/\/grandepremio.com\/br\/wp-json\/wp\/v2\/posts\/137937\/revisions"}],"wp:attachment":[{"href":"https:\/\/grandepremio.com\/br\/wp-json\/wp\/v2\/media?parent=137937"}],"wp:term":[{"taxonomy":"category","embeddable":true,"href":"https:\/\/grandepremio.com\/br\/wp-json\/wp\/v2\/categories?post=137937"},{"taxonomy":"post_tag","embeddable":true,"href":"https:\/\/grandepremio.com\/br\/wp-json\/wp\/v2\/tags?post=137937"},{"taxonomy":"42wp_author","embeddable":true,"href":"https:\/\/grandepremio.com\/br\/wp-json\/wp\/v2\/42wp_author?post=137937"}],"curies":[{"name":"wp","href":"https:\/\/api.w.org\/{rel}","templated":true}]}}