{"id":138054,"date":"2019-04-09T14:12:00","date_gmt":"2019-04-09T17:12:00","guid":{"rendered":"https:\/\/grandepremio.com\/br\/noticias\/vencedor-da-primeira-edicao-bird-espera-espetaculo-de-verdade-em-tracado-modificado-de-roma\/"},"modified":"2020-05-12T21:14:31","modified_gmt":"2020-05-13T00:14:31","slug":"vencedor-da-primeira-edicao-bird-espera-espetaculo-de-verdade-em-tracado-modificado-de-roma","status":"publish","type":"post","link":"https:\/\/grandepremio.com\/br\/formula-e\/vencedor-da-primeira-edicao-bird-espera-espetaculo-de-verdade-em-tracado-modificado-de-roma\/","title":{"rendered":"Vencedor da primeira edi\u00e7\u00e3o, Bird espera &#8220;espet\u00e1culo de verdade&#8221; em tra\u00e7ado modificado de Roma"},"content":{"rendered":"\n<div>\n\tSam Bird foi quem venceu <a href=\"https:\/\/www.grandepremio.com\/br\/f-e\/noticias\/bird-herda-ponta-apos-quebra-de-rosenqvist-resiste-aos-ataques-de-di-grassi-e-evans-e-vence-ep-de-roma\">a primeira edi&ccedil;&atilde;o do eP de Roma<\/a>. O piloto da Virgin avaliou que a corrida de 2018 foi um &quot;espet&aacute;culo de verdade&quot; e espera a mesma coisa no pr&oacute;ximo fim de semana, com os novos carros e mudan&ccedil;as na pista da capital italiana.<\/div>\n<div>\n\t&nbsp;<\/div>\n<div>\n\tO piloto, que venceu uma disputa pr&oacute;xima com Lucas Di Grassi em 2018, falou que a pista tem seus desn&iacute;veis, mas facilita bons pegas.&nbsp;<\/div>\n<div>\n\t&nbsp;<\/div>\n<div>\n\t&quot;H&aacute; irregularidades [na pista]. Uma em particular &eacute; grande na prepara&ccedil;&atilde;o para a curva nove, onde teve boas disputas na temporada passada com os carros Gen1. Como vai ser com o Gen2 &eacute; um pouco desconhecido&quot;, disse ao site ingl&ecirc;s &#039;E-Racing365&#039;.<\/div>\n<div>\n\t&nbsp;<\/div>\n<div>\n\t&quot;Vai ser interessante ver como os carros reagem e lidam com desafios como este, especialmente o c&acirc;mbio&quot;, falou.<\/div>\n<div>\n\t&nbsp;<\/div>\n<div>\n\tCom a zona de acionamento do modo ataque posicionada do lado de fora da curva seis, Bird avalia que o espa&ccedil;o de l&aacute; at&eacute; o maior ponto de ultrapassagem do tra&ccedil;ado, na curva nove, vai permitir um ganho interessante de velocidade para os confrontos.<\/div>\n<div>\n<div class=\"imagem-noticia\">\n\t\t<img decoding=\"async\" src=\"https:\/\/www.grandepremio.com\/br\/wp-content\/uploads\/2019\/04\/20191261816316_R3I2167_II.jpg\" title=\"Sam Bird (Foto: Virgin)\" \/><\/div>\n<div class=\"legenda-imagem\">\n\t\t#iconeimagem Sam Bird (Foto: Virgin)<\/div>\n<\/div>\n<div>\n\t&quot;Tirar o ganho de ataque significa que vai dar para ganhar um bom espa&ccedil;o antes da subida da ladeira. Vai depender de que a gente consegue fazer at&eacute; a curva nove. Entendo o motivo de ter sido colocado aqui [na curva seis], porque uma bela reta segue a &aacute;rea de ativa&ccedil;&atilde;o e deve causar muita a&ccedil;&atilde;o&quot;, seguiu.<\/div>\n<div>\n\t&nbsp;<\/div>\n<div>\n\t&quot;Como pista, Roma estreou um espet&aacute;culo de verdade ano passado, em termos de corrida, e vai fazer isso de novo, tenho certeza. Vai ser um desafio para todo mundo na quest&atilde;o da energia, caso a gente tenha uma prova sem interrup&ccedil;&otilde;es, e a F&oacute;rmula E precisa disso. Cuidar da energia &eacute; o que deveria ser central na FE. Espero que voltemos a isso em Roma, porque vai haver mais oportunidades de ultrapassagens&quot;, afirmou.<\/div>\n<div>\n\t&nbsp;<\/div>\n<div>\n\tElogiou ainda as mudan&ccedil;as na pista &#8211; um ajuste para aumentar o &acirc;ngulo na curva 15 e puxar um pouco para tr&aacute;s na chicane das curvas 16 e 17.<\/div>\n<div>\n\t&nbsp;<\/div>\n<div>\n\t&quot;A curva 15 vai ser um pouco mais ampla na sa&iacute;da, ent&atilde;o a velocidade m&iacute;nima cresce um pouco, e a chicane tamb&eacute;m &eacute; mais aberta no meio e na sa&iacute;da. Vamos sair de l&aacute; com mais velocidade. Acredito que s&atilde;o mudan&ccedil;as pequenas que tendem a melhorar o fluxo. O resto a pista &eacute; bem impressionante&quot;, finalizou.&nbsp;<\/div>\n<p>&nbsp;<\/p>\n<div class=\"embed-responsive embed-responsive-16by9\">\n\t<\/div>\n<p>\n<strong>Confira a programa&ccedil;&atilde;o do fim de semana do GP da China de F1<\/strong><br \/>\nHor&aacute;rios de Bras&iacute;lia, GMT -3<br \/><\/p>\n<table style=\"border-collapse: collapse;font-size: 14px;font-family: Roboto, sans-serif;width: 70%\">\n<thead style=\"text-transform: uppercase;padding: 20px\">\n<tr>\n<th style=\"padding: 15px 10px;text-align: left\">\n\t\t\t\tSESS&Atilde;O<\/th>\n<th style=\"padding: 15px 10px;text-align: left\">\n\t\t\t\tDIA<\/th>\n<th style=\"padding: 15px 10px;text-align: left\">\n\t\t\t\tDATA<\/th>\n<th style=\"padding: 15px 10px;text-align: left\">\n\t\t\t\tHORA<\/th>\n<\/tr>\n<\/thead>\n<tbody style=\"padding: 10px 0px\">\n<tr>\n<td style=\"padding: 13px\">\n\t\t\t\tTL1<\/td>\n<td style=\"padding: 13px\">\n\t\t\t\tS&aacute;bado<\/td>\n<td style=\"padding: 13px\">\n\t\t\t\t13\/4<\/td>\n<td style=\"padding: 13px\">\n\t\t\t\t2h30<\/td>\n<\/tr>\n<tr>\n<td style=\"padding: 13px\">\n\t\t\t\tTL2<\/td>\n<td style=\"padding: 13px\">\n\t\t\t\tS&aacute;bado<\/td>\n<td style=\"padding: 13px\">\n\t\t\t\t13\/4<\/td>\n<td style=\"padding: 13px\">\n\t\t\t\t5h<\/td>\n<\/tr>\n<tr>\n<td style=\"padding: 13px\">\n\t\t\t\tTC<\/td>\n<td style=\"padding: 13px\">\n\t\t\t\tS&aacute;bado<\/td>\n<td style=\"padding: 13px\">\n\t\t\t\t13\/4<\/td>\n<td style=\"padding: 13px\">\n\t\t\t\t6h45<\/td>\n<\/tr>\n<tr>\n<td style=\"padding: 13px\">\n\t\t\t\teP<\/td>\n<td style=\"padding: 13px\">\n\t\t\t\tS&aacute;bado<\/td>\n<td style=\"padding: 13px\">\n\t\t\t\t13\/4<\/td>\n<td style=\"padding: 13px\">\n\t\t\t\t11h03<\/td>\n<\/tr>\n<\/tbody>\n<\/table>\n<p><\/p>\n<div>\n<table bgcolor=\"#E6E6E6\" border=\"0\" cellpadding=\"1\" cellspacing=\"1\" style=\"width: 100%\">\n<tbody>\n<tr>\n<td>\n<div>\n\t\t\t\t\t\t<b><span style=\"color:#FF0040\">Apoie o <strong> GRANDE PR&Ecirc;MIO<\/strong><\/span><\/b><span style=\"color:#FF0040\">: garanta o futuro do nosso jornalismo <\/span><br \/>\n\t\t\t\t\t\t<br \/>\n\t\t\t\t\t\tO<strong> GRANDE PR&Ecirc;MIO <\/strong>&eacute; a maior m&iacute;dia digital de esporte a motor do Brasil, na Am&eacute;rica Latina e em L&iacute;ngua Portuguesa, editorialmente independente. Nossa grande equipe produz conte&uacute;do di&aacute;rio e pensa em inova&ccedil;&otilde;es constantemente, e n&atilde;o s&oacute; na internet: uma das nossas atua&ccedil;&otilde;es est&aacute; na realiza&ccedil;&atilde;o de eventos, como a Copa GP de Kart. Assim, seu apoio &eacute; sempre importante.<br \/>\n\t\t\t\t\t\t<br \/>\n\t\t\t\t\t\t<a href=\"https:\/\/grandepremium.grandepremio.com\/br\/assine\" target=\"_blank\" rel=\"noopener noreferrer\">Assine o GRANDE PREMIUM<\/a>: veja os planos e o que oferecem, tenha &agrave; disposi&ccedil;&atilde;o uma s&eacute;rie de benef&iacute;cios e exper&ecirc;ncias exclusivas, e fa&ccedil;a parte de um grupo especial, a Scuderia GP, com debate em alto n&iacute;vel.<\/div>\n<\/td>\n<\/tr>\n<\/tbody>\n<\/table>\n<\/div>\n<p><\/p>\n<div id=\"banner-300x250-area\">\n<p>window.uolads.push({ id: &#8220;banner-300&#215;250-area&#8221; });<\/p><\/div>\n<div class=\"fb-comments\" data-href=\"https:\/\/www.grandepremio.com\/br\/formula-e\/horario-da-formula-e-2019\" data-numposts=\"5\" data-width=\"100%\">\n\t&nbsp;<\/div>\n","protected":false},"excerpt":{"rendered":"<p>Depois de ganhar a primeira corrida disputada na pista de Roma, Sam Bird est&aacute; animado para a segunda edi&ccedil;&atilde;o: agora com novos carros, exig&ecirc;ncias e duas mudan&ccedil;as para tornar o tra&ccedil;ado mais veloz<\/p>\n","protected":false},"author":0,"featured_media":0,"comment_status":"closed","ping_status":"closed","sticky":false,"template":"","format":"standard","meta":{"42wp_featured_image_caption":"","42wp_featured_image_credits":"","42wp_featured_video":"","42wp_featured_image_hidden":false,"42wp_authors_list":[],"footnotes":""},"categories":[19],"tags":[379,840,1431,898,3253,976,639],"42wp_author":[47109],"class_list":["post-138054","post","type-post","status-publish","format-standard","hentry","category-formula-e","tag-fe","tag-formula-e","tag-formula-e-2019","tag-itlia","tag-roma","tag-sam-bird","tag-virgin","42wp_author-redacao-gp"],"_links":{"self":[{"href":"https:\/\/grandepremio.com\/br\/wp-json\/wp\/v2\/posts\/138054","targetHints":{"allow":["GET"]}}],"collection":[{"href":"https:\/\/grandepremio.com\/br\/wp-json\/wp\/v2\/posts"}],"about":[{"href":"https:\/\/grandepremio.com\/br\/wp-json\/wp\/v2\/types\/post"}],"replies":[{"embeddable":true,"href":"https:\/\/grandepremio.com\/br\/wp-json\/wp\/v2\/comments?post=138054"}],"version-history":[{"count":0,"href":"https:\/\/grandepremio.com\/br\/wp-json\/wp\/v2\/posts\/138054\/revisions"}],"wp:attachment":[{"href":"https:\/\/grandepremio.com\/br\/wp-json\/wp\/v2\/media?parent=138054"}],"wp:term":[{"taxonomy":"category","embeddable":true,"href":"https:\/\/grandepremio.com\/br\/wp-json\/wp\/v2\/categories?post=138054"},{"taxonomy":"post_tag","embeddable":true,"href":"https:\/\/grandepremio.com\/br\/wp-json\/wp\/v2\/tags?post=138054"},{"taxonomy":"42wp_author","embeddable":true,"href":"https:\/\/grandepremio.com\/br\/wp-json\/wp\/v2\/42wp_author?post=138054"}],"curies":[{"name":"wp","href":"https:\/\/api.w.org\/{rel}","templated":true}]}}