{"id":138096,"date":"2019-11-16T15:36:00","date_gmt":"2019-11-16T18:36:00","guid":{"rendered":"https:\/\/grandepremio.com\/br\/noticias\/por-corrida-dificil-de-vencer-hamilton-se-anima-com-terceira-posicao-no-grid\/"},"modified":"2020-05-15T10:30:09","modified_gmt":"2020-05-15T13:30:09","slug":"por-corrida-dificil-de-vencer-hamilton-se-anima-com-terceira-posicao-no-grid","status":"publish","type":"post","link":"https:\/\/grandepremio.com\/br\/f1\/por-corrida-dificil-de-vencer-hamilton-se-anima-com-terceira-posicao-no-grid\/","title":{"rendered":"Por &#8220;corrida dif\u00edcil de vencer&#8221;, Hamilton se anima com terceira posi\u00e7\u00e3o no grid"},"content":{"rendered":"\n<div>\n\t<strong><a href=\"https:\/\/www.grandepremio.com\/br\/f1\/noticias\/hamilton-bate-verstappen-por-0s026-e-lidera-tl3-em-interlagos\"><span>Ainda que tenha liderado o terceiro treino livre em Interlagos<\/span><\/a><\/strong>, Lewis Hamilton n&atilde;o foi capaz de repetir o desempenho quando foi para valer, neste s&aacute;bado &agrave; tarde, em Interlagos. O ingl&ecirc;s precisou usar tudo que tinha para se aproximar da Red Bull e da Ferrari e foi s&oacute; em sua &uacute;ltima tentativa no Q3 que obteve uma marca suficiente para abrir a segunda fila do grid. <strong><a href=\"https:\/\/www.grandepremio.com\/br\/f1\/noticias\/verstappen-ignora-favoritismo-da-ferrari-e-sai-na-pole-do-gp-do-brasil\"><span>O #44 ficou a 0s191 do tempo da pole, conquistada por Max Verstappen<\/span><\/a><\/strong>.<\/div>\n<div>\n\t<br \/>\n\t&quot;Tenho de dar os parab&eacute;ns a Max&quot;, disse o hexacampe&atilde;o logo ap&oacute;s garantir o terceiro posto. &quot;Obviamente, foi uma &oacute;tima volta dele. Parec&iacute;amos bastante competitivos no terceiro treino e, a&iacute;, acabamos perdendo um pouco na classifica&ccedil;&atilde;o. No entanto, estou feliz em ter ficado entre os dois carros da Ferrari, o que &eacute; sempre positivo&quot;, completou.&nbsp;<\/div>\n<div>\n<div class=\"imagem-noticia\">\n\t\t<img decoding=\"async\" src=\"https:\/\/www.grandepremio.com\/br\/wp-content\/uploads\/2019\/11\/201911161630549_IMG_0052_II.jpg\" title=\"Max Verstappen (Foto: Rodrigo Berton\/Grande Pr\u00eamio)\" \/><\/div>\n<div class=\"legenda-imagem\">\n\t\t#iconeimagem Max Verstappen (Foto: Rodrigo Berton\/Grande Pr&ecirc;mio)<\/div>\n<p>\tHamilton ainda se mostrou preocupado com a perda de pot&ecirc;ncia da Mercedes em rela&ccedil;&atilde;o aos demais rivais. &quot;Estamos perdendo um pouco. Eu dei absolutamente tudo de mim na volta final e estou contente com o que conseguimos.&quot;<\/p><\/div>\n<div>\n\t<br \/>\n\tSobre a corrida deste domingo, Lewis revelou cautela. &quot;Esta &eacute; uma prova dif&iacute;cil de vencer, porque &eacute; uma pista desafiadora&quot;, concluiu.<\/div>\n<p>O <strong>GRANDE PR&Ecirc;MIO<\/strong> cobre in loco o GP do Brasil com os jornalistas Evelyn Guimar&atilde;es, Felipe Noronha, Fernando Silva, Flavio Gomes, Gabriel Carvalho, Gabriel Curty e Pedro Henrique Marum, e o fot&oacute;grafo Rodrigo Berton. <strong><a href=\"https:\/\/grandepremio.com\/br\/f1\/\">Acompanhe todo o notici&aacute;rio aqui<\/a><\/strong> e tudo dos bastidores e das atividades em pista <strong><a href=\"https:\/\/grandepremio.com\/br\/f1\/ao-vivo\"><span>AO VIVO e em TEMPO REAL<\/span><\/a><\/strong>.<br \/>\n&nbsp;<\/p>\n<div class=\"embed-responsive embed-responsive-16by9\">\n\t<\/div>\n<table bgcolor=\"#add8e6<br \/>\n&#8221; border=&#8221;1&#8243; cellpadding=&#8221;1&#8243; cellspacing=&#8221;1&#8243; style=&#8221;width: 100%&#8221;><br \/>\n<tbody>\n<tr>\n<td>\n\t\t\t\t<span style=\"color:#000000\"><span style=\"font-size:18px\"><strong>Paddockast # 42<br \/>\n\t\t\t\tQUEM &Eacute; VOC&Ecirc; NO GP DO BRASIL?<\/strong><\/span><\/span><br \/>\n\t\t\t\t<br \/>\n\t\t\t\tOu&ccedil;a: <a href=\"http:\/\/open.spotify.com\/show\/5OBbp8MzxQymoyneX4IviF?si=gYqPr53GSaa-AcxFpOzJHg\">Spotify<\/a> | <a href=\"http:\/\/podcasts.apple.com\/br\/podcast\/paddockast\/id1371540198\">iTunes<\/a> | <a href=\"http:\/\/www.subscribeonandroid.com\/www.central3.com.br\/category\/podcasts\/paddockast\/feed\/podcast\/\">Android<\/a> | <a href=\"http:\/\/player.fm\/series\/paddockast\">playerFM<\/a><\/td>\n<\/tr>\n<\/tbody>\n<\/table>\n<p><\/p>\n<div>\n\t<\/p>\n<\/div>\n<p><\/p>\n","protected":false},"excerpt":{"rendered":"<p>Lewis Hamilton admitiu a maior for&ccedil;a de seus advers&aacute;rios na classifica&ccedil;&atilde;o deste s&aacute;bado em Interlagos. Mas se disse feliz pela terceira coloca&ccedil;&atilde;o no grid, apesar da perda de rendimento em rela&ccedil;&atilde;o aos rivais. &ldquo;Dei absolutamente tudo de mim na volta final&ldquo;<\/p>\n","protected":false},"author":0,"featured_media":0,"comment_status":"closed","ping_status":"closed","sticky":false,"template":"","format":"standard","meta":{"42wp_featured_image_caption":"","42wp_featured_image_credits":"","42wp_featured_video":"","42wp_featured_image_hidden":false,"42wp_authors_list":[],"footnotes":""},"categories":[2],"tags":[85,1222,147,84,180,988,502,219,124,87,82,833,612],"42wp_author":[47115],"class_list":["post-138096","post","type-post","status-publish","format-standard","hentry","category-f1","tag-frmula-1","tag-frmula-1-2019","tag-f1","tag-f1-2019","tag-formula-1","tag-formula-1-2019","tag-gp-do-brasil","tag-grande-prmio","tag-interlagos","tag-lewis-hamilton","tag-mercedes","tag-so-paulo","tag-valtteri-bottas","42wp_author-evelyn-guimaraes"],"_links":{"self":[{"href":"https:\/\/grandepremio.com\/br\/wp-json\/wp\/v2\/posts\/138096","targetHints":{"allow":["GET"]}}],"collection":[{"href":"https:\/\/grandepremio.com\/br\/wp-json\/wp\/v2\/posts"}],"about":[{"href":"https:\/\/grandepremio.com\/br\/wp-json\/wp\/v2\/types\/post"}],"replies":[{"embeddable":true,"href":"https:\/\/grandepremio.com\/br\/wp-json\/wp\/v2\/comments?post=138096"}],"version-history":[{"count":0,"href":"https:\/\/grandepremio.com\/br\/wp-json\/wp\/v2\/posts\/138096\/revisions"}],"wp:attachment":[{"href":"https:\/\/grandepremio.com\/br\/wp-json\/wp\/v2\/media?parent=138096"}],"wp:term":[{"taxonomy":"category","embeddable":true,"href":"https:\/\/grandepremio.com\/br\/wp-json\/wp\/v2\/categories?post=138096"},{"taxonomy":"post_tag","embeddable":true,"href":"https:\/\/grandepremio.com\/br\/wp-json\/wp\/v2\/tags?post=138096"},{"taxonomy":"42wp_author","embeddable":true,"href":"https:\/\/grandepremio.com\/br\/wp-json\/wp\/v2\/42wp_author?post=138096"}],"curies":[{"name":"wp","href":"https:\/\/api.w.org\/{rel}","templated":true}]}}