{"id":138245,"date":"2019-11-14T19:04:00","date_gmt":"2019-11-14T22:04:00","guid":{"rendered":"https:\/\/grandepremio.com\/br\/noticias\/perez-ve-temporada-decepcionante-em-2019-esperavamos-mais\/"},"modified":"2020-05-15T11:42:09","modified_gmt":"2020-05-15T14:42:09","slug":"perez-ve-temporada-decepcionante-em-2019-esperavamos-mais","status":"publish","type":"post","link":"https:\/\/grandepremio.com\/br\/f1\/perez-ve-temporada-decepcionante-em-2019-esperavamos-mais\/","title":{"rendered":"P\u00e9rez v\u00ea &#8220;temporada decepcionante&#8221; em 2019: &#8220;Esper\u00e1vamos mais&#8221;"},"content":{"rendered":"\n<div class=\"embed-responsive embed-responsive-16by9\">\n\t<\/div>\n<p><\/p>\n<div>\n\tAp&oacute;s uma sequ&ecirc;ncia de temporadas em que tinha o carro mais forte do pelot&atilde;o intermedi&aacute;rio, <a href=\"https:\/\/www.grandepremio.com\/br\/busca?s=Sergio%20P%C3%A9rez\">Sergio P&eacute;rez<\/a> e a Racing Point &#8211; ex-Force India &#8211; chegam ao fim de 2019 com menos motivos para comemorar. O piloto mexicano reconheceu que esperava menos do carro nesta temporada, mas mesmo assim a jornada na <a href=\"https:\/\/www.grandepremio.com\/br\/f1\">F&oacute;rmula 1<\/a> ficou abaixo do esperado.<\/div>\n<div>\n\t&nbsp;<\/div>\n<div>\n\tDurante entrevista na qual o <strong>GRANDE PR&Ecirc;MIO<\/strong> esteve presente em Interlagos, P&eacute;rez fez elogios ao time anglo-canadense, contudo n&atilde;o evitou afirmar que as expectativas originais n&atilde;o foram alcan&ccedil;adas.<\/div>\n<div>\n\t&nbsp;<\/div>\n<div>\n\t&quot;N&atilde;o acredito que tenhamos alcan&ccedil;ado o que a gente queria nesse ano. Tem sido uma temporada decepcionante de certa forma. Sab&iacute;amos que n&atilde;o seria &oacute;timo, uma vez que estamos apenas no come&ccedil;o [da equipe], mas esper&aacute;vamos ser mais competitivos nesse momento da temporada. Acredito que a segunda parte da temporada est&aacute; melhor, somos mais fortes e em diferentes circuitos, o que sempre &eacute; positivo&quot;, afirmou.&nbsp;<\/div>\n<div>\n<div class=\"imagem-noticia\">\n\t\t<img decoding=\"async\" src=\"https:\/\/www.grandepremio.com\/br\/wp-content\/uploads\/2019\/11\/20191132253466_RacingPoint_SergioPerez_73_II.jpg\" title=\"Sergio P\u00e9rez (Foto: Racing Point)\" \/><\/div>\n<div class=\"legenda-imagem\">\n\t\t#iconeimagem Sergio P&eacute;rez (Foto: Racing Point)<\/div>\n<\/div>\n<div>\n\t&quot;Acredito que a McLaren, no pelot&atilde;o intermedi&aacute;rio, tem sido muito consistente, forte, mas acredito que estamos na briga com todas as outras equipes. Marcamos bons pontos desde o recesso, ent&atilde;o creio que tem muita coisa positiva para tirar, mas o panorama geral &eacute; que n&atilde;o estamos onde n&oacute;s quer&iacute;amos&quot;, seguiu.<\/div>\n<div>\n\t&nbsp;<\/div>\n<div>\n\tUm dos grandes problemas da Racing Point de 2019 &eacute; o ritmo de classifica&ccedil;&atilde;o, que dificilmente permite um avan&ccedil;o grande aos s&aacute;bados. O fato de ter que ganhar muitas posi&ccedil;&otilde;es durante as corridas influi bastante. A sorte &eacute; que a equipe tem sido, segundo ele, esperta.<\/div>\n<div>\n\t&nbsp;<\/div>\n<div>\n\t&quot;&Eacute;, compromete. N&atilde;o temos bom ritmo de classifica&ccedil;&atilde;o, mas quando chega a corrida parecemos estar no lado mais forte [do grid] &#8211; as boas estrat&eacute;gias da equipe ajudam. Acredito que temos sido impressionantes neste sentido, sobretudo nas duas &uacute;ltimas corridas, sendo mais espertos que as outras equipes por meio da estrat&eacute;gia e com tudo que &eacute; poss&iacute;vel&quot;, falou.&nbsp;<\/div>\n<div>\n\t&nbsp;<\/div>\n<div>\n\t&quot;Espero que continuemos assim. Ainda temos amanh&atilde; e muito mais para disputar: estamos em grande batalha com a Toro Rosso no Mundial de Construtores. Espero que possamos terminar &agrave; frente&quot;, afirmou.<\/div>\n<div>\n\t&nbsp;<\/div>\n<div>\n\tA Racing Point atualmente tem 65 pontos e ocupa o sexto lugar do Mundial de Construtores. Em s&eacute;timo, a Toro Rosso te um ponto a menos. J&aacute; a Renault tem 83 pontos e &eacute; a quarta colocada. &Eacute; poss&iacute;vel alcan&ccedil;ar?<\/div>\n<div>\n\t&nbsp;<\/div>\n<div>\n\t&quot;Ainda n&atilde;o acabou, ent&atilde;o vamos dar nosso m&aacute;ximo&quot;, finalizou.<br \/>\n\t<br \/>\n\t<span style=\"font-family: roboto, sans-serif;font-size: 20px\">O&nbsp;<\/span><span style=\"font-family: roboto, sans-serif;font-size: 20px;font-weight: 700\">GRANDE PR&Ecirc;MIO&nbsp;<\/span><span style=\"font-family: roboto, sans-serif;font-size: 20px\">cobre in loco o GP do Brasil com os jornalistas Evelyn Guimar&atilde;es, Felipe Noronha, Fernando Silva, Flavio Gomes, Gabriel Carvalho, Gabriel Curty e Pedro Henrique Marum, e o fot&oacute;grafo Rodrigo Berton. Acompanhe todo o notici&aacute;rio&nbsp;<\/span><a href=\"http:\/\/grandepremio.com\/br\/f1\" style=\"font-family: roboto, sans-serif;font-size: 20px;background-color: transparent\"><span><span style=\"font-weight: 700\">aqui&nbsp;<\/span><\/span><\/a><span style=\"font-family: roboto, sans-serif;font-size: 20px\">e tudo dos bastidores e das atividades em pista&nbsp;<\/span><span style=\"font-family: roboto, sans-serif;font-size: 20px;background-color: transparent\"><span style=\"font-weight: 700\"><a href=\"http:\/\/grandepremio.com\/br\/f1\/ao-vivo\" style=\"background-color: transparent\">AO VIVO e em TEMPO REAL<\/a>.<\/span><\/span><\/p>\n<div>\n\t\t&nbsp;<\/div>\n<\/div>\n<p><\/p>\n<div class=\"embed-responsive embed-responsive-16by9\">\n\t<\/div>\n<p><\/p>\n<div>\n<\/div>\n<p><\/p>\n","protected":false},"excerpt":{"rendered":"<p>Sergio P&eacute;rez deixou claro que o ano foi um tanto quanto decepcionante para a Racing Point, ainda que uma queda de desempenho em rela&ccedil;&atilde;o aos &uacute;ltimos anos fosse esperada. Mas ainda resta um objetivo: vencer a batalha contra a Toro Rosso no Mundial de Construtores<\/p>\n","protected":false},"author":0,"featured_media":0,"comment_status":"closed","ping_status":"closed","sticky":false,"template":"","format":"standard","meta":{"42wp_featured_image_caption":"","42wp_featured_image_credits":"","42wp_featured_video":"","42wp_featured_image_hidden":false,"42wp_authors_list":[],"footnotes":""},"categories":[2],"tags":[84,988,2359,502,124,310,648],"42wp_author":[47120],"class_list":["post-138245","post","type-post","status-publish","format-standard","hentry","category-f1","tag-f1-2019","tag-formula-1-2019","tag-gp-brasil","tag-gp-do-brasil","tag-interlagos","tag-racing-point","tag-sergio-prez","42wp_author-pedro-henrique-marum"],"_links":{"self":[{"href":"https:\/\/grandepremio.com\/br\/wp-json\/wp\/v2\/posts\/138245","targetHints":{"allow":["GET"]}}],"collection":[{"href":"https:\/\/grandepremio.com\/br\/wp-json\/wp\/v2\/posts"}],"about":[{"href":"https:\/\/grandepremio.com\/br\/wp-json\/wp\/v2\/types\/post"}],"replies":[{"embeddable":true,"href":"https:\/\/grandepremio.com\/br\/wp-json\/wp\/v2\/comments?post=138245"}],"version-history":[{"count":0,"href":"https:\/\/grandepremio.com\/br\/wp-json\/wp\/v2\/posts\/138245\/revisions"}],"wp:attachment":[{"href":"https:\/\/grandepremio.com\/br\/wp-json\/wp\/v2\/media?parent=138245"}],"wp:term":[{"taxonomy":"category","embeddable":true,"href":"https:\/\/grandepremio.com\/br\/wp-json\/wp\/v2\/categories?post=138245"},{"taxonomy":"post_tag","embeddable":true,"href":"https:\/\/grandepremio.com\/br\/wp-json\/wp\/v2\/tags?post=138245"},{"taxonomy":"42wp_author","embeddable":true,"href":"https:\/\/grandepremio.com\/br\/wp-json\/wp\/v2\/42wp_author?post=138245"}],"curies":[{"name":"wp","href":"https:\/\/api.w.org\/{rel}","templated":true}]}}