{"id":138321,"date":"2019-11-12T08:30:00","date_gmt":"2019-11-12T11:30:00","guid":{"rendered":"https:\/\/grandepremio.com\/br\/noticias\/como-f1-mira-eliminar-plasticos-e-zerar-emissao-de-carbono-ate-2030\/"},"modified":"2020-05-15T12:54:15","modified_gmt":"2020-05-15T15:54:15","slug":"como-f1-mira-eliminar-plasticos-e-zerar-emissao-de-carbono-ate-2030","status":"publish","type":"post","link":"https:\/\/grandepremio.com\/br\/f1\/como-f1-mira-eliminar-plasticos-e-zerar-emissao-de-carbono-ate-2030\/","title":{"rendered":"Como F1 mira eliminar pl\u00e1sticos e zerar emiss\u00e3o de carbono at\u00e9 2030"},"content":{"rendered":"\n<div class=\"embed-responsive embed-responsive-16by9\">\n\t<\/div>\n<p>A F1 apresentou, nesta manh&atilde; de ter&ccedil;a-feira (12), um grande projeto que pretende tornar o esporte verdadeiramente sustent&aacute;vel, dentro e fora das pistas, e livre de emiss&atilde;o de carbono at&eacute; 2030. Em um mundo que pede cada vez mais aten&ccedil;&atilde;o ao meio ambiente e em alerta por conta do aquecimento global, a F1, na sua condi&ccedil;&atilde;o de vanguarda do esporte a motor, se v&ecirc; respons&aacute;vel por criar uma nova mentalidade capaz de abranger pilotos, equipes, os f&atilde;s do esporte e a ind&uacute;stria automobil&iacute;stica como um todo. Assim, a F1, com o que definiu como &ldquo;uma estrat&eacute;gia para o futuro&rdquo;, determinou bases para eliminar o consumo de pl&aacute;sticos at&eacute; 2025 e, em 2030, zerar a emiss&atilde;o de carbono.<\/p>\n<div>\n\t&nbsp;<\/div>\n<div>\n\tEm termos tecnol&oacute;gicos, a F1 deixa claro que n&atilde;o vai adotar uma nova gera&ccedil;&atilde;o de motores totalmente el&eacute;tricos e vai manter a filosofia das unidades de pot&ecirc;ncia h&iacute;bridas, como vem sendo desde 2014, mas vai desenvolver tecnologias para que o ICE (motor de combust&atilde;o interna) n&atilde;o emitam carbono.<\/div>\n<div>\n\t&nbsp;<\/div>\n<div>\n\tTrata-se de uma iniciativa inovadora e que vem sendo alvo de estudos envolvendo a FIA, as equipes da F1, promotores, especialistas em sustentabilidade e at&eacute; jornalistas ao longo dos &uacute;ltimos 12 meses.&nbsp;<\/p>\n<div class=\"imagem-noticia\">\n\t\t<img decoding=\"async\" src=\"https:\/\/www.grandepremio.com\/br\/wp-content\/uploads\/2019\/11\/20191131737360_Largada_01_II.jpg\" title=\"A largada do GP dos Estados Unidos de F1 (Foto: AFP)\" \/><\/div>\n<div class=\"legenda-imagem\">\n\t\t#iconeimagem A emiss&atilde;o de carbono est&aacute; com os dias contados na F1 (Foto: AFP)<\/div>\n<\/div>\n<div>\n\tA proposta de uma F1 sustent&aacute;vel diz respeito n&atilde;o apenas ao fim das emiss&otilde;es de carbono at&eacute; 2030, mas tamb&eacute;m vem na esteira de um esporte mais verde com os primeiros anos da <strong><a href=\"https:\/\/www.grandepremio.com\/br\/f1\/noticias\/de-olho-em-sustentabilidade-f1-define-uso-de-combustiveis-renovaveis-em-2021\"><span>revolu&ccedil;&atilde;o que o esporte vai implantar a partir de 2021 com o uso de composi&ccedil;&otilde;es mais renov&aacute;veis nos seus combust&iacute;veis<\/span><\/a><\/strong>.<\/div>\n<div>\n\t&nbsp;<\/div>\n<div>\n\tA F1 se preocupa em ser mais sustent&aacute;vel tamb&eacute;m fora das pistas e trabalha para que inclusive as f&aacute;bricas das equipes e fornecedoras do esporte possam operar exclusivamente com energia renov&aacute;vel.&nbsp;<\/div>\n<div>\n\t&nbsp;<\/div>\n<div>\n\tAt&eacute; 2025, o projeto visa eliminar o uso dos pl&aacute;sticos, incentivando materiais que sejam reutiliz&aacute;veis e recicl&aacute;veis, al&eacute;m de incentivar os f&atilde;s que viajam para acompanhar a F1 ao redor do mundo a fazer uso de transportes ecol&oacute;gicos e sustent&aacute;veis, que tamb&eacute;m incentivem projetos como, por exemplo, o fim da emiss&atilde;o de carbono.<\/div>\n<div>\n\t&nbsp;<\/div>\n<div>\n\tChase Carey, chef&atilde;o da F1, ressaltou a import&acirc;ncia que o esporte deve ter, na sua condi&ccedil;&atilde;o de vanguarda tecnol&oacute;gica, ao liderar o projeto para entregar uma categoria mais sustent&aacute;vel e limpa, alinhada com as necessidades do mundo atual.<\/p>\n<div class=\"imagem-noticia\">\n\t\t<img decoding=\"async\" src=\"https:\/\/www.grandepremio.com\/br\/wp-content\/uploads\/2019\/11\/2019529916842_000_1H11UE_II.jpg\" title=\"Jean Todt, Ross Brawn e Chase Carey (Foto: AFP)\" \/><\/div>\n<div class=\"legenda-imagem\">\n\t\t#iconeimagem Chase Carey e Jean Todt lideram a iniciativa para o desenvolvimento de uma F1 mais sustent&aacute;vel (Foto: AFP)<\/div>\n<\/div>\n<div>\n\t&ldquo;Ao longo de seus 70 anos de hist&oacute;ria, a F1 foi pioneira em numerosas tecnologias e inova&ccedil;&otilde;es que contribu&iacute;ram positivamente &agrave; sociedade e ajudaram a combater as emiss&otilde;es de carbono. Desde a aerodin&acirc;mica inovadora ao design dos freios, o progresso liderado pelas equipes da F1 beneficiou a centenas de milh&otilde;es de carros de passeio. Poucas pessoas sabem que as unidades de pot&ecirc;ncia h&iacute;brida da F1 atual &eacute; a mais eficiente do mundo, j&aacute; que oferece mais pot&ecirc;ncia com menos combust&iacute;vel e, portanto, CO2, que qualquer outro carro&rdquo;, explicou.<\/div>\n<div>\n\t&nbsp;<\/div>\n<div>\n\t&ldquo;Acreditamos que a F1 pode seguir sendo uma l&iacute;der para a ind&uacute;stria automotiva, trabalhando com o setor para oferecer o primeiro motor de combust&atilde;o interna h&iacute;brido que reduza enormemente as emiss&otilde;es de carbono. Ao lan&ccedil;ar a primeira estrat&eacute;gia de sustentabilidade da F1, reconhecemos o papel fundamental que todas as organiza&ccedil;&otilde;es devem desempenhar para abordar este problema global&rdquo;, disse Carey.<\/div>\n<div>\n\t&nbsp;<\/div>\n<div>\n\t&ldquo;Ao aproveitar o imenso talento, a paix&atilde;o e o impulso pela inova&ccedil;&atilde;o de todos os membros da comunidade, esperamos ter um impacto positivo significativo no meio ambiente e nas comunidades em que operamos. O que est&aacute; sendo colocado em curso a partir de hoje vai reduzir nossa emiss&atilde;o de carbono e garantir&aacute; que seremos &lsquo;carbono zero&rsquo; para 2030&rdquo;, completou.<\/div>\n<div>\n\t&nbsp;<\/div>\n<div>\n\tJean Todt, presidente da FIA e grande entusiasta de tecnologias verdes e sustent&aacute;veis, se mostrou bastante feliz com a iniciativa da F1 e comprometido em garantir um esporte a motor mais ecol&oacute;gico e sustent&aacute;vel.<\/div>\n<div>\n\t&nbsp;<\/div>\n<div>\n\t&ldquo;Nosso compromisso com a prote&ccedil;&atilde;o ambiental &eacute; crucial. A FIA d&aacute; as boas-vindas a esta iniciativa da F1. N&atilde;o somente &eacute; muito alentadora para o futuro do automobilismo, mas tamb&eacute;m pode ter grandes benef&iacute;cios para a sociedade em geral. Esta estrat&eacute;gia est&aacute; alinhada com as ideias iniciadas h&aacute; alguns anos pela FIA com a cria&ccedil;&atilde;o do Programa de Certifica&ccedil;&atilde;o Ambiental, mais recentemente com a Comiss&atilde;o de Meio Ambiente e Sustentabilidade da FIA, e pesquisas sobre combust&iacute;veis renov&aacute;veis para corridas&rdquo;, comentou.<\/div>\n<div>\n\t&nbsp;<\/div>\n<div>\n\t&ldquo;Al&eacute;m disso, em 2014 apresentamos a unidade de pot&ecirc;ncia h&iacute;brida na F1, que foi essencial para o desenvolvimento da categoria rainha dos esportes a motor. Esta mesma raz&atilde;o foi o que nos levou a manter esta filosofia no marco dos regulamentos da F1 que v&atilde;o ser aplic&aacute;veis a partir de 2021. Com a participa&ccedil;&atilde;o das equipes, os pilotos, as v&aacute;rias partes interessadas na F1 e, fundamentalmente, os milh&otilde;es de f&atilde;s ao redor do mundo, a FIA e a F1 est&atilde;o comprometidas a impulsionar o desenvolvimento e garantir que o automobilismo cres&ccedil;a como laborat&oacute;rio para inova&ccedil;&otilde;es ben&eacute;ficas para o meio ambiente&rdquo;, concluiu.<br \/>\n\t<br \/>\n\tA iniciativa da F1 logo ganhou repercuss&atilde;o e elogios. CEO da McLaren, Zak Brown entende que o esporte est&aacute; no rumo certo.<br \/>\n\t<br \/>\n\t&ldquo;N&oacute;s parabenizamos a F1 pelo comprometimento por um esporte mais sustent&aacute;vel. A McLaren vai continuar a trabalhar em parceria com a F1 para ajudar nesta estrat&eacute;gia como uma parte essencial do nosso programa de desenvolvimento sustent&aacute;vel. Uma vez que a McLaren opera nos mundos da tecnologia, corridas e mobilidade, n&oacute;s reconhecemos nossa responsabilidade para a sustentabilidade, desde minimizar nosso impacto ambiental para maximizar nosso impacto social entre as pessoas, tecnologia, processos e opera&ccedil;&otilde;es&quot;, salientou o dirigente norte-americano.<br \/>\n\t<br \/>\n\t&quot;Esta abordagem ecoa as expectativas dos nossos f&atilde;s, fornecedores, parceiros, funcion&aacute;rios e acionistas. Acreditamos que o esporte a motor tem uma oportunidade para demonstrar a sustentabilidade como chave tecnol&oacute;gica para desenvolver nossa ind&uacute;stria em uma vitrine para o futuro. Apoiamos e aplaudimos a estrat&eacute;gia de sustentabilidade da F1 anunciada hoje&rdquo;, pontuou.<br \/>\n\t<br \/>\n\tO <strong>GRANDE PR&Ecirc;MIO<\/strong> cobre in loco o GP do Brasil com os jornalistas Evelyn Guimar&atilde;es, Felipe Noronha, Fernando Silva, Flavio Gomes, Gabriel Carvalho, Gabriel Curty e Pedro Henrique Marum, e o fot&oacute;grafo Rodrigo Berton. <strong><a href=\"https:\/\/grandepremio.com\/br\/f1\/\">Acompanhe todo o notici&aacute;rio aqui<\/a><\/strong> e tudo dos bastidores e das atividades em pista <strong><a href=\"https:\/\/grandepremio.com\/br\/f1\/ao-vivo\">AO VIVO e em TEMPO REAL<\/a><\/strong>.<\/div>\n<div class=\"embed-responsive embed-responsive-16by9\">\n\t<\/div>\n<table bgcolor=\"#add8e6<\/p>\n<p>&#8221; border=&#8221;1&#8243; cellpadding=&#8221;1&#8243; cellspacing=&#8221;1&#8243; style=&#8221;width: 100%&#8221;><\/p>\n<tbody>\n<tr>\n<td>\n\t\t\t\t<span style=\"color:#000000\"><span style=\"font-size:18px\"><strong>Paddockast # 41<br \/>\n\t\t\t\tMAIORES VIT&Oacute;RIAS DE HAMILTON NA F1<\/strong><\/span><\/span><br \/>\n\t\t\t\t<br \/>\n\t\t\t\tOu&ccedil;a: <a href=\"http:\/\/open.spotify.com\/show\/5OBbp8MzxQymoyneX4IviF?si=gYqPr53GSaa-AcxFpOzJHg\">Spotify<\/a> | <a href=\"http:\/\/podcasts.apple.com\/br\/podcast\/paddockast\/id1371540198\">iTunes<\/a> | <a href=\"http:\/\/www.subscribeonandroid.com\/www.central3.com.br\/category\/podcasts\/paddockast\/feed\/podcast\/\">Android<\/a> | <a href=\"http:\/\/player.fm\/series\/paddockast\">playerFM<\/a><\/td>\n<\/tr>\n<\/tbody>\n<\/table>\n<div>\n\t<\/p>\n<\/div>\n<p><\/p>\n","protected":false},"excerpt":{"rendered":"<p>&ldquo;Uma estrat&eacute;gia para o futuro&rdquo;. &Eacute; assim que a F1 define seu projeto para ser mais sustent&aacute;vel, dentro e fora da pista, nos pr&oacute;ximos anos. A inten&ccedil;&atilde;o da categoria &eacute; eliminar os pl&aacute;sticos at&eacute; 2025, al&eacute;m de incentivar o uso de transportes mais limpos at&eacute; para os f&atilde;s do esporte. E, at&eacute; 2030, a meta &eacute; assegurar a constru&ccedil;&atilde;o de motores de combust&atilde;o interna que n&atilde;o emitam carbono<\/p>\n","protected":false},"author":0,"featured_media":0,"comment_status":"closed","ping_status":"closed","sticky":false,"template":"","format":"standard","meta":{"42wp_featured_image_caption":"","42wp_featured_image_credits":"","42wp_featured_video":"","42wp_featured_image_hidden":false,"42wp_authors_list":[],"footnotes":""},"categories":[2],"tags":[85,1222,147,84,219,1805,220],"42wp_author":[47109],"class_list":["post-138321","post","type-post","status-publish","format-standard","hentry","category-f1","tag-frmula-1","tag-frmula-1-2019","tag-f1","tag-f1-2019","tag-grande-prmio","tag-sustentabilidade","tag-warm-up","42wp_author-redacao-gp"],"_links":{"self":[{"href":"https:\/\/grandepremio.com\/br\/wp-json\/wp\/v2\/posts\/138321","targetHints":{"allow":["GET"]}}],"collection":[{"href":"https:\/\/grandepremio.com\/br\/wp-json\/wp\/v2\/posts"}],"about":[{"href":"https:\/\/grandepremio.com\/br\/wp-json\/wp\/v2\/types\/post"}],"replies":[{"embeddable":true,"href":"https:\/\/grandepremio.com\/br\/wp-json\/wp\/v2\/comments?post=138321"}],"version-history":[{"count":0,"href":"https:\/\/grandepremio.com\/br\/wp-json\/wp\/v2\/posts\/138321\/revisions"}],"wp:attachment":[{"href":"https:\/\/grandepremio.com\/br\/wp-json\/wp\/v2\/media?parent=138321"}],"wp:term":[{"taxonomy":"category","embeddable":true,"href":"https:\/\/grandepremio.com\/br\/wp-json\/wp\/v2\/categories?post=138321"},{"taxonomy":"post_tag","embeddable":true,"href":"https:\/\/grandepremio.com\/br\/wp-json\/wp\/v2\/tags?post=138321"},{"taxonomy":"42wp_author","embeddable":true,"href":"https:\/\/grandepremio.com\/br\/wp-json\/wp\/v2\/42wp_author?post=138321"}],"curies":[{"name":"wp","href":"https:\/\/api.w.org\/{rel}","templated":true}]}}