{"id":13841,"date":"2025-12-16T04:45:00","date_gmt":"2025-12-16T07:45:00","guid":{"rendered":"https:\/\/grandepremio.com\/br\/noticias\/mitch-evans-destaca-frustracao-abandono-sao-paulo-nao-comeco-que-esperava\/"},"modified":"2025-12-15T16:32:27","modified_gmt":"2025-12-15T19:32:27","slug":"mitch-evans-destaca-frustracao-abandono-sao-paulo-nao-comeco-que-esperava","status":"publish","type":"post","link":"https:\/\/grandepremio.com\/br\/formula-e\/mitch-evans-destaca-frustracao-abandono-sao-paulo-nao-comeco-que-esperava\/","title":{"rendered":"Evans destaca frustra\u00e7\u00e3o com abandono em S\u00e3o Paulo: &#8220;N\u00e3o \u00e9 come\u00e7o que esperava&#8221;"},"content":{"rendered":"\n<p class=\"wp-block-paragraph\">O <strong>eP de S\u00e3o Paulo<\/strong> terminou de forma precoce e frustrante para <strong>Mitch Evans<\/strong>. Ap\u00f3s se envolver em um toque com <strong>Oliver Rowland<\/strong> ainda na primeira metade da prova no <strong>Anhembi<\/strong>, o piloto da <strong>Jaguar <\/strong><a href=\"https:\/\/www.grandepremio.com\/br\/formula-e\/noticias\/jake-dennis-vence-ep-de-sao-paulo-marcado-acidente-forte-pepe-marti-felipe-drugovich-5o\/\">abandonou a corrida de abertura da temporada 2025\/26<\/a> da <strong>F\u00f3rmula E<\/strong> ap\u00f3s um choque com <strong>S\u00e9bastien Buemi<\/strong> que o jogou no muro. Segundo o neozeland\u00eas, o ritmo da equipe brit\u00e2nica era bom, mas ficou comprometido com o primeiro contato, o que resultou em uma prova decepcionante antes mesmo do fim antecipado.<\/p>\n\n\n\n<p class=\"wp-block-paragraph\">A Jaguar chegou \u00e0 capital paulista embalada pelo bom desempenho na pr\u00e9-temporada e com expectativa de iniciar o \u00faltimo ano da era <strong>Gen3 Evo<\/strong> disputando os <strong>Mundiais de Pilotos<\/strong>, <strong>Equipes<\/strong> e <strong>Construtores<\/strong>. Evans, no entanto, viu qualquer chance de resultado ruir ap\u00f3s um contato com Rowland na volta 14, que comprometeu seriamente o rendimento do I-Type 7.<\/p>\n\n\n\n<p class=\"wp-block-paragraph\">\u201cFoi dif\u00edcil. O que come\u00e7ou como um in\u00edcio de corrida limpo e promissor, comigo e com Ant\u00f3nio andando bem por um tempo, durou pouco depois que outro piloto bateu em mim, comprometendo muito meu ritmo e, basicamente, encerrando minha corrida\u201d, afirmou.<\/p>\n\n\n\n<p class=\"wp-block-paragraph\">Mesmo tentando seguir na prova ap\u00f3s o primeiro incidente, Evans acabou se envolvendo em uma nova batida mais adiante, quando disputava posi\u00e7\u00e3o com Buemi e acabou no muro, acionando uma das interven\u00e7\u00f5es de full-course yellow da corrida. Sem condi\u00e7\u00f5es de continuar, foi obrigado a abandonar, deixando a Jaguar sem pontuar na etapa de abertura do campeonato.<\/p>\n\n\n\n<figure class=\"wp-block-image size-large\"><img decoding=\"async\" src=\"https:\/\/www.grandepremio.com\/br\/wp-content\/uploads\/2025\/12\/SG1_6042_yhmvU0OF_20251206055801-2048x2048-1-1200x800.jpg\" alt=\"\" class=\"wp-image-1044362\"\/><figcaption class=\"wp-element-caption\">Mitch Evans n\u00e3o escondeu frustra\u00e7\u00e3o por deixar eP de S\u00e3o Paulo zerado (Foto: F\u00f3rmula E)<\/figcaption><\/figure>\n\n\n\n<p class=\"wp-block-paragraph\">Apesar do resultado negativo, Evans buscou extrair aspectos positivos do fim de semana e destacou a import\u00e2ncia de voltar \u00e0 pista ap\u00f3s o per\u00edodo fora de competi\u00e7\u00f5es, al\u00e9m de j\u00e1 projetar a sequ\u00eancia da temporada.<\/p>\n\n\n\n<p class=\"wp-block-paragraph\">\u201cClaramente, n\u00e3o \u00e9 o come\u00e7o de temporada que esperava, mas foi bom estar de volta \u00e0 pista neste fim de semana. Agora, vamos seguir em frente e empurrar forte para a pr\u00f3xima etapa ap\u00f3s o ano novo\u201d, concluiu.<\/p>\n\n\n\n<p class=\"wp-block-paragraph\">A&nbsp;<a href=\"https:\/\/www.grandepremio.com\/br\/formula-e\/\" target=\"_blank\" rel=\"noreferrer noopener\"><\/a><a href=\"https:\/\/www.grandepremio.com\/br\/formula-e\/\" target=\"_blank\" rel=\"noreferrer noopener\">F\u00f3rmula E<\/a>, agora,&nbsp;parte para uma pausa e volta a acelerar no&nbsp;<strong>eP da Cidade do&nbsp;<a href=\"https:\/\/es.grandepremio.com\/\" target=\"_blank\" rel=\"noreferrer noopener\">M\u00e9xico<\/a><\/strong>, entre os dias&nbsp;<strong>9 e 10 de janeiro<\/strong>. Emissora oficial no Brasil, o&nbsp;<strong>GRANDE PR\u00caMIO&nbsp;<\/strong>transmite todas as atividades de pista&nbsp;<strong>AO VIVO<\/strong>&nbsp;e&nbsp;<strong>COM IMAGENS<\/strong>&nbsp;no&nbsp;<strong><a href=\"https:\/\/www.youtube.com\/@GrandePremio1\">YouTube<\/a>&nbsp;<\/strong>e na&nbsp;<strong>GPTV<\/strong>.<\/p>\n\n\n\n<p class=\"wp-block-paragraph\">\u25b6\ufe0f&nbsp;<strong>Inscreva-se no canal do GRANDE PR\u00caMIO no YouTube:&nbsp;<a href=\"https:\/\/www.youtube.com\/channel\/UC9OlHEgxoaY6QY6nWPoiqQg?sub_confirmation=1\" target=\"_blank\" rel=\"noreferrer noopener\">GP<\/a><\/strong><\/p>\n\n\n\n<figure class=\"wp-block-embed is-type-video is-provider-youtube wp-block-embed-youtube wp-embed-aspect-16-9 wp-has-aspect-ratio\"><div class=\"wp-block-embed__wrapper\">\n<iframe loading=\"lazy\" title=\"\ud83d\udd34CORRIDA eP DE S\u00c3O PAULO COM DRUGOVICH | F\u00d3RMULA E 2025\/2026 AO VIVO E COM IMAGENS | 1\u00aa ETAPA\" width=\"500\" height=\"281\" src=\"https:\/\/www.youtube.com\/embed\/qdBabpGo_bA?feature=oembed\" frameborder=\"0\" allow=\"accelerometer; autoplay; clipboard-write; encrypted-media; gyroscope; picture-in-picture; web-share\" referrerpolicy=\"strict-origin-when-cross-origin\" allowfullscreen><\/iframe>\n<\/div><\/figure>\n","protected":false},"excerpt":{"rendered":"<p>Mitch Evans destacou in\u00edcio forte de corrida da Jaguar em S\u00e3o Paulo, mas lamentou incidentes com Oliver Rowland e S\u00e9bastien Buemi que estragaram prova e for\u00e7aram abandono<\/p>\n","protected":false},"author":0,"featured_media":1001044355,"comment_status":"closed","ping_status":"closed","sticky":false,"template":"","format":"standard","meta":{"42wp_featured_image_caption":"","42wp_featured_image_credits":"","42wp_featured_video":"","42wp_featured_image_hidden":false,"42wp_authors_list":[],"footnotes":""},"categories":[19],"tags":[25774,28679,6853,31468,840,43531,1491,28285,35442,910,909,965,36219,45270,876,43530],"42wp_author":[47164],"class_list":["post-13841","post","type-post","status-publish","format-standard","has-post-thumbnail","hentry","category-formula-e","tag-antonio-felix-da-costa","tag-calendario-formula-e","tag-classificacao-formula-e","tag-ep-de-sao-paulo","tag-formula-e","tag-formula-e-2026","tag-grande-premio","tag-grandepremio","tag-horarios-formula-e","tag-jaguar","tag-mitch-evans","tag-oliver-rowland","tag-onde-assistir-formula-e","tag-sao-paulo-2026","tag-sebastien-buemi","tag-temporada-2026-da-formula-e","42wp_author-marcos-gil-ribeiro"],"_links":{"self":[{"href":"https:\/\/grandepremio.com\/br\/wp-json\/wp\/v2\/posts\/13841","targetHints":{"allow":["GET"]}}],"collection":[{"href":"https:\/\/grandepremio.com\/br\/wp-json\/wp\/v2\/posts"}],"about":[{"href":"https:\/\/grandepremio.com\/br\/wp-json\/wp\/v2\/types\/post"}],"replies":[{"embeddable":true,"href":"https:\/\/grandepremio.com\/br\/wp-json\/wp\/v2\/comments?post=13841"}],"version-history":[{"count":0,"href":"https:\/\/grandepremio.com\/br\/wp-json\/wp\/v2\/posts\/13841\/revisions"}],"wp:featuredmedia":[{"embeddable":true,"href":"https:\/\/grandepremio.com\/br\/wp-json\/wp\/v2\/media\/1001044355"}],"wp:attachment":[{"href":"https:\/\/grandepremio.com\/br\/wp-json\/wp\/v2\/media?parent=13841"}],"wp:term":[{"taxonomy":"category","embeddable":true,"href":"https:\/\/grandepremio.com\/br\/wp-json\/wp\/v2\/categories?post=13841"},{"taxonomy":"post_tag","embeddable":true,"href":"https:\/\/grandepremio.com\/br\/wp-json\/wp\/v2\/tags?post=13841"},{"taxonomy":"42wp_author","embeddable":true,"href":"https:\/\/grandepremio.com\/br\/wp-json\/wp\/v2\/42wp_author?post=13841"}],"curies":[{"name":"wp","href":"https:\/\/api.w.org\/{rel}","templated":true}]}}