{"id":138436,"date":"2026-06-19T03:30:00","date_gmt":"2026-06-19T06:30:00","guid":{"rendered":"https:\/\/grandepremio.com\/br\/?p=138436"},"modified":"2026-06-19T06:01:26","modified_gmt":"2026-06-19T09:01:26","slug":"classificacao-gp-da-tchequia-vai-passar-tv-confira-horarios-motogp","status":"publish","type":"post","link":"https:\/\/grandepremio.com\/br\/motogp\/classificacao-gp-da-tchequia-vai-passar-tv-confira-horarios-motogp\/","title":{"rendered":"Classifica\u00e7\u00e3o do GP da Tch\u00e9quia vai passar na TV? Confira hor\u00e1rios da MotoGP"},"content":{"rendered":"\n<p class=\"wp-block-paragraph\">O&nbsp;<strong>Mundial de Motovelocidade&nbsp;<\/strong>j\u00e1 acelera de novo neste fim de semana para a nona etapa da temporada&nbsp;<strong>2026<\/strong>: o&nbsp;<strong>GP da Tch\u00e9quia<\/strong>. Desta vez,&nbsp;<strong>Brno&nbsp;<\/strong>ser\u00e1 o palco das disputas de&nbsp;<strong>Moto3<\/strong>,&nbsp;<strong>Moto2<\/strong>&nbsp;e&nbsp;<strong>MotoGP<\/strong>.<\/p>\n\n\n\n<p class=\"wp-block-paragraph\">Em se tratando de uma corrida na\u00a0<strong>Europa<\/strong>, o padr\u00e3o de hor\u00e1rios de mant\u00e9m o mesmo das \u00faltimas corridas. Nesta sexta-feira (19), a MotoGP define os pilotos que v\u00e3o direto ao Q2 a partir das 10h (de\u00a0<strong>Bras\u00edlia<\/strong>). No s\u00e1bado (20), a classifica\u00e7\u00e3o come\u00e7a \u00e0s 5h50, com a corrida sprint largando \u00e0s 10h. No domingo (21), o\u00a0<strong>GP da Tch\u00e9quia<\/strong>\u00a0come\u00e7a \u00e0s 9h.<\/p>\n\n\n\n<figure class=\"wp-block-embed is-type-video is-provider-youtube wp-block-embed-youtube wp-embed-aspect-16-9 wp-has-aspect-ratio\"><div class=\"wp-block-embed__wrapper\">\n<iframe loading=\"lazy\" title=\"MARC M\u00c1RQUEZ REVIVE &amp;apos;BALATON MARC&amp;apos; COM VIT\u00d3RIA CENTEN\u00c1RIA NA HUNGRIA | Motoca GP\" width=\"500\" height=\"281\" src=\"https:\/\/www.youtube.com\/embed\/2gExvtfWw1A?feature=oembed\" frameborder=\"0\" allow=\"accelerometer; autoplay; clipboard-write; encrypted-media; gyroscope; picture-in-picture; web-share\" referrerpolicy=\"strict-origin-when-cross-origin\" allowfullscreen><\/iframe>\n<\/div><\/figure>\n\n\n\n<p class=\"wp-block-paragraph\">No Brasil, a transmiss\u00e3o \u00e9 feita pela&nbsp;<strong>ESPN 4&nbsp;<\/strong>e pelo servi\u00e7o de streaming&nbsp;<strong>Disney +<\/strong>. A narra\u00e7\u00e3o fica por conta de&nbsp;<strong>Hamilton Rodrigues<\/strong>, com coment\u00e1rios de&nbsp;<strong>Fausto Macieira&nbsp;<\/strong>e&nbsp;<strong>Juliana Tesser<\/strong>. Em&nbsp;<strong>Portugal<\/strong>, a exibi\u00e7\u00e3o \u00e9 da&nbsp;<strong>Sport TV4<\/strong>.<\/p>\n\n\n\n<p class=\"wp-block-paragraph\">O espectador tamb\u00e9m tem a op\u00e7\u00e3o de assistir todas as atividades do fim de semana por meio do&nbsp;<strong>VideoPass<\/strong>, o streaming oficial da MotoGP. O servi\u00e7o pago conta com quatro possibilidades de assinatura: o pacote anual com v\u00eddeo e cronometragem custa \u20ac 128,99 (cerca de R$ 784); enquanto a vers\u00e3o apenas de v\u00eddeo tem o valor de \u20ac 119,99 (aproximadamente R$ 696); a assinatura mensal do combo v\u00eddeo e cronometragem custa \u20ac 32,99 (em torno de R$ 191,40); com a assinatura sem os tempos baixando para \u20ac 29,99 (por volta de R$ 174).<\/p>\n\n\n\n<figure class=\"wp-block-image size-large\"><img decoding=\"async\" src=\"https:\/\/www.grandepremio.com\/br\/wp-content\/uploads\/2026\/06\/701126_Pedro-Acosta_Red-Bull-KTM_MotoGP_RC16_Automotodrom-Brno-_CZE_20-07-2025-51_12th-Rnd.-MotoGP-2025-Brno-_CZE_-1200x800.jpg\" alt=\"\" class=\"wp-image-1099584\" \/><figcaption class=\"wp-element-caption\">MotoGP volta \u00e0 Tch\u00e9quia neste fim de semana (Foto: KTM)<\/figcaption><\/figure>\n\n\n\n<p class=\"wp-block-paragraph\">\u25b6\ufe0f<strong>Inscreva-se nos dois canais do GRANDE PR\u00caMIO no YouTube:&nbsp;<a href=\"https:\/\/www.youtube.com\/channel\/UC9OlHEgxoaY6QY6nWPoiqQg?sub_confirmation=1\">GP<\/a>&nbsp;|&nbsp;<a href=\"https:\/\/www.youtube.com\/channel\/UC9csiS6q_C3C0FYhyr1rnFA?sub_confirmation=1\">GPTV<\/a><\/strong><\/p>\n\n\n\n<p class=\"wp-block-paragraph\">O&nbsp;<strong>GRANDE PR\u00caMIO&nbsp;<\/strong>faz a cobertura completa do evento, assim como das demais classes do Mundial de Motovelocidade.<\/p>\n\n\n\n<h2 class=\"wp-block-heading\" id=\"h-motogp-2026-gp-da-tchequia-brno-horarios\">MotoGP 2026, GP da Tch\u00e9quia, Brno, Hor\u00e1rios:<\/h2>\n\n\n\n<figure class=\"wp-block-table\"><table class=\"has-fixed-layout\"><tbody><tr><td><strong>DIA<\/strong><\/td><td><strong>CATEGORIA<\/strong><\/td><td><strong>SESS\u00c3O<\/strong><\/td><td><strong>HORA DO BRASIL<\/strong><\/td><td><strong>ESPN 4<\/strong><\/td><td><strong>DIA<\/strong><\/td><td><strong>HORA DE PORTUGAL<\/strong><\/td><td><strong>SPORT TV 4<\/strong><\/td><\/tr><tr><td><strong>Sexta<\/strong><\/td><td>Moto3<\/td><td>Treino livre 1<\/td><td>4h &#8211; 4h35<\/td><td>&nbsp;<\/td><td><strong>Sexta<\/strong><\/td><td>8h &#8211; 8h35<\/td><td>\u2705<\/td><\/tr><tr><td><strong>Sexta<\/strong><\/td><td>Moto2<\/td><td>Treino livre 1<\/td><td>4h50 &#8211; 5h30<\/td><td>&nbsp;<\/td><td><strong>Sexta<\/strong><\/td><td>8h50 &#8211; 9h30<\/td><td>\u2705<\/td><\/tr><tr><td><strong>Sexta<\/strong><\/td><td>MotoGP<\/td><td>Treino livre 1<\/td><td>5h45 &#8211; 6h30<\/td><td>&nbsp;<\/td><td><strong>Sexta<\/strong><\/td><td>9h45 &#8211; 10h30<\/td><td>\u2705<\/td><\/tr><tr><td><strong>Sexta<\/strong><\/td><td>Moto3<\/td><td>Treino<\/td><td>8h15 &#8211; 8h50<\/td><td>\u2705<\/td><td><strong>Sexta<\/strong><\/td><td>12h15 &#8211; 12h50<\/td><td>\u2705<\/td><\/tr><tr><td><strong>Sexta<\/strong><\/td><td>Moto2<\/td><td>Treino<\/td><td>9h05 &#8211; 9h45<\/td><td>\u2705<\/td><td><strong>Sexta<\/strong><\/td><td>13h05 &#8211; 13h45<\/td><td>\u2705<\/td><\/tr><tr><td><strong>Sexta<\/strong><\/td><td>MotoGP<\/td><td>Treino<\/td><td>10h &#8211; 11h<\/td><td>\u2705<\/td><td><strong>Sexta<\/strong><\/td><td>14h &#8211; 15h<\/td><td>\u2705<\/td><\/tr><tr><td><strong>S\u00e1bado<\/strong><\/td><td>Moto3<\/td><td>Treino livre 2<\/td><td>3h40 &#8211; 4h10<\/td><td>&nbsp;<\/td><td><strong>S\u00e1bado<\/strong><\/td><td>7h40 &#8211; 8h10<\/td><td>\u2705<\/td><\/tr><tr><td><strong>S\u00e1bado<\/strong><\/td><td>Moto2<\/td><td>Treino livre 2<\/td><td>4h25 &#8211; 4h55<\/td><td>&nbsp;<\/td><td><strong>S\u00e1bado<\/strong><\/td><td>8h25 &#8211; 8h55<\/td><td>\u2705<\/td><\/tr><tr><td><strong>S\u00e1bado<\/strong><\/td><td>MotoGP<\/td><td>Treino livre 2<\/td><td>5h10 &#8211; 5h40<\/td><td>\u2705<\/td><td><strong>S\u00e1bado<\/strong><\/td><td>9h10 &#8211; 9h40<\/td><td>\u2705<\/td><\/tr><tr><td><strong>S\u00e1bado<\/strong><\/td><td>MotoGP<\/td><td>Q1<\/td><td>5h50 &#8211; 6h05<\/td><td>\u2705<\/td><td><strong>S\u00e1bado<\/strong><\/td><td>9h50 &#8211; 9h05<\/td><td>\u2705<\/td><\/tr><tr><td><strong>S\u00e1bado<\/strong><\/td><td>MotoGP<\/td><td>Q2<\/td><td>6h15 &#8211; 6h30<\/td><td>\u2705<\/td><td><strong>S\u00e1bado<\/strong><\/td><td>10h15 &#8211; 10h30<\/td><td>\u2705<\/td><\/tr><tr><td><strong>S\u00e1bado<\/strong><\/td><td>Moto3<\/td><td>Q1<\/td><td>7h45 &#8211; 8h<\/td><td>\u2705<\/td><td><strong>S\u00e1bado<\/strong><\/td><td>11h45 &#8211; 12h<\/td><td>\u2705<\/td><\/tr><tr><td><strong>S\u00e1bado<\/strong><\/td><td>Moto3<\/td><td>Q2<\/td><td>8h10 &#8211; 8h25<\/td><td>\u2705<\/td><td><strong>S\u00e1bado<\/strong><\/td><td>12h10 &#8211; 12h25<\/td><td>\u2705<\/td><\/tr><tr><td><strong>S\u00e1bado<\/strong><\/td><td>Moto2<\/td><td>Q1<\/td><td>8h40- 8h55<\/td><td>\u2705<\/td><td><strong>S\u00e1bado<\/strong><\/td><td>12h40 &#8211; 12h55<\/td><td>\u2705<\/td><\/tr><tr><td><strong>S\u00e1bado<\/strong><\/td><td>Moto2<\/td><td>Q2<\/td><td>9h05 &#8211; 9h20<\/td><td>\u2705<\/td><td><strong>S\u00e1bado<\/strong><\/td><td>13h05 &#8211; 13h20<\/td><td>\u2705<\/td><\/tr><tr><td><strong>S\u00e1bado<\/strong><\/td><td>MotoGP<\/td><td>Sprint &#8211; 10 voltas<\/td><td>10h<\/td><td>\u2705<\/td><td><strong>S\u00e1bado<\/strong><\/td><td>14h<\/td><td>\u2705<\/td><\/tr><tr><td><strong>Domingo<\/strong><\/td><td>MotoGP<\/td><td>Warm-Up<\/td><td>4h40 &#8211; 4h50<\/td><td>&nbsp;<\/td><td><strong>Domingo<\/strong><\/td><td>8h40 &#8211; 8h50<\/td><td>\u2705<\/td><\/tr><tr><td><strong>Domingo<\/strong><\/td><td>Moto3<\/td><td>GP &#8211; 16 voltas<\/td><td>6h<\/td><td>\u2705<\/td><td><strong>Domingo<\/strong><\/td><td>10h<\/td><td>\u2705<\/td><\/tr><tr><td><strong>Domingo<\/strong><\/td><td>Moto2<\/td><td>GP &#8211; 18 voltas<\/td><td>7h15<\/td><td>\u2705<\/td><td><strong>Domingo<\/strong><\/td><td>11h15<\/td><td>\u2705<\/td><\/tr><tr><td><strong>Domingo<\/strong><\/td><td>MotoGP<\/td><td>GP &#8211; 21 voltas<\/td><td>9h<\/td><td>\u2705<\/td><td><strong>Domingo<\/strong><\/td><td>13h<\/td><td>\u2705<\/td><\/tr><\/tbody><\/table><\/figure>\n","protected":false},"excerpt":{"rendered":"<p>No Brasil, a transmiss\u00e3o da etapa de Balaton Park do Mundial de Motovelocidade \u00e9 da ESPN 4 e do servi\u00e7o de streaming Disney +. Em Portugal, o Sport TV 4 exibe as atividades do fim de semana<\/p>\n","protected":false},"author":18,"featured_media":1001094821,"comment_status":"closed","ping_status":"closed","sticky":false,"template":"","format":"standard","meta":{"42wp_featured_image_caption":"","42wp_featured_image_credits":"","42wp_featured_video":"","42wp_featured_image_hidden":false,"42wp_authors_list":[],"footnotes":""},"categories":[8],"tags":[4658,2090,2335,151,4087,5214,39473,26718,131,6513,110,28833,2327,25775,28285,3504,130,1975,187,144,24704,132,137,1661,1300,2287,813,79,78,27236,45225,45222,554,45223,45224,25819,29345,32257,28766,307,45226,25667,27587,26690,136,25818,43603,2984,25769,41398,45227,172],"42wp_author":[47161],"class_list":["post-138436","post","type-post","status-publish","format-standard","has-post-thumbnail","hentry","category-motogp","tag-ai-ogura","tag-alex-marquez","tag-alex-rins","tag-brad-binder","tag-brno","tag-classificacao-motogp","tag-corrida-motogp","tag-diogo-moreira","tag-ducati","tag-espn","tag-fabio-quartararo","tag-fermin-aldeguer","tag-francesco-bagnaia","tag-gp-da-tchequia","tag-grandepremio","tag-gresini","tag-honda","tag-jack-miller","tag-joan-mir","tag-johann-zarco","tag-jorge-martin","tag-ktm","tag-lcr","tag-luca-marini","tag-marc-marquez","tag-marco-bezzecchi","tag-moto","tag-moto-gp","tag-motogp","tag-motogp-2026","tag-motogp-2026-calendario","tag-motogp-26","tag-motogp-ao-vivo","tag-motogp-calendario-2026","tag-motogp-classificacao-2026","tag-motogp-hoje","tag-motogp-horario","tag-motogp-sprint","tag-motogp-standings","tag-motor","tag-onde-assistir-motogp-2026","tag-pecco-bagnaia","tag-pedro-acosta","tag-pilotos-motogp","tag-pramac","tag-raul-fernandez","tag-resultado-motogp","tag-sprint","tag-tchequia","tag-temporada-motogp","tag-toprak-razgatliolgu","tag-yamaha","42wp_author-kaio-esteves"],"_links":{"self":[{"href":"https:\/\/grandepremio.com\/br\/wp-json\/wp\/v2\/posts\/138436","targetHints":{"allow":["GET"]}}],"collection":[{"href":"https:\/\/grandepremio.com\/br\/wp-json\/wp\/v2\/posts"}],"about":[{"href":"https:\/\/grandepremio.com\/br\/wp-json\/wp\/v2\/types\/post"}],"author":[{"embeddable":true,"href":"https:\/\/grandepremio.com\/br\/wp-json\/wp\/v2\/users\/18"}],"replies":[{"embeddable":true,"href":"https:\/\/grandepremio.com\/br\/wp-json\/wp\/v2\/comments?post=138436"}],"version-history":[{"count":1,"href":"https:\/\/grandepremio.com\/br\/wp-json\/wp\/v2\/posts\/138436\/revisions"}],"predecessor-version":[{"id":141206,"href":"https:\/\/grandepremio.com\/br\/wp-json\/wp\/v2\/posts\/138436\/revisions\/141206"}],"wp:featuredmedia":[{"embeddable":true,"href":"https:\/\/grandepremio.com\/br\/wp-json\/wp\/v2\/media\/1001094821"}],"wp:attachment":[{"href":"https:\/\/grandepremio.com\/br\/wp-json\/wp\/v2\/media?parent=138436"}],"wp:term":[{"taxonomy":"category","embeddable":true,"href":"https:\/\/grandepremio.com\/br\/wp-json\/wp\/v2\/categories?post=138436"},{"taxonomy":"post_tag","embeddable":true,"href":"https:\/\/grandepremio.com\/br\/wp-json\/wp\/v2\/tags?post=138436"},{"taxonomy":"42wp_author","embeddable":true,"href":"https:\/\/grandepremio.com\/br\/wp-json\/wp\/v2\/42wp_author?post=138436"}],"curies":[{"name":"wp","href":"https:\/\/api.w.org\/{rel}","templated":true}]}}