{"id":13973,"date":"2025-12-10T11:42:32","date_gmt":"2025-12-10T14:42:32","guid":{"rendered":"https:\/\/grandepremio.com\/br\/noticias\/kush-maini-assina-art-2026-encara-4a-temporada-formula-2\/"},"modified":"2025-12-10T11:45:26","modified_gmt":"2025-12-10T14:45:26","slug":"kush-maini-assina-art-2026-encara-4a-temporada-formula-2","status":"publish","type":"post","link":"https:\/\/grandepremio.com\/br\/f2\/kush-maini-assina-art-2026-encara-4a-temporada-formula-2\/","title":{"rendered":"Maini assina com ART para 2026 e encara 4\u00aa temporada na F\u00f3rmula 2"},"content":{"rendered":"\n<p class=\"wp-block-paragraph\">A <strong>ART<\/strong> anunciou, na \u00faltima ter\u00e7a-feira (9), a contrata\u00e7\u00e3o de <strong>Kush Maini<\/strong> para a temporada 2026 da <strong>F\u00f3rmula 2<\/strong>. O indiano, que competiu pela <strong>DAMS<\/strong> em 2025 e <a href=\"https:\/\/www.grandepremio.com\/br\/f2\/noticias\/leonardo-fornaroli-zera-abu-dhabi-mas-ve-invicta-campea-confira-classificacao-final-f2\/\">terminou na 16\u00aa posi\u00e7\u00e3o<\/a>, est\u00e1 prestes a come\u00e7ar o quarto ano na categoria de acesso, com duas vit\u00f3rias e sete p\u00f3dios conquistados at\u00e9 aqui.<\/p>\n\n\n\n<p class=\"wp-block-paragraph\">Vale lembrar que em 2024, o piloto de 25 anos, que tamb\u00e9m ocupa a fun\u00e7\u00e3o de reserva na <strong>Alpine<\/strong>, foi companheiro de <strong>Gabriel Bortoleto<\/strong> na <strong>Invicta<\/strong> durante a campanha vitoriosa do brasileiro. Antes, em 2023, vestiu as cores da <strong>Campos<\/strong>, exatamente quando teve o melhor resultado na competi\u00e7\u00e3o, com o 11\u00ba lugar.<\/p>\n\n\n\n<p class=\"wp-block-paragraph\">&#8220;Estou muito feliz por me juntar a uma equipe t\u00e3o hist\u00f3rica como a ART&#8221;, come\u00e7ou Maini. &#8220;Meus primeiros contatos com os engenheiros e mec\u00e2nicos foram muito positivos. Aprecio a determina\u00e7\u00e3o e o ambiente humano dentro da equipe, e mal posso esperar para come\u00e7ar a trabalhar com eles e ver o que podemos alcan\u00e7ar juntos&#8221;, completou.<\/p>\n\n\n\n<p class=\"wp-block-paragraph\">No primeiro dia dos destes de p\u00f3s-temporada da <strong>F2<\/strong>, realizados em <strong>Abu Dhabi<\/strong>, o indiano <a href=\"https:\/\/www.grandepremio.com\/br\/f2\/noticias\/oliver-goethe-lidera-1o-dia-testes-formula-2-abu-dhabi-rafael-camara-emmo-fittipaldi\/\">terminou na oitava posi\u00e7\u00e3o<\/a>. <strong>Oliver Goethe<\/strong> foi quem liderou a tabela de tempos, com <strong>Rafael C\u00e2mara<\/strong>, atual campe\u00e3o da <strong>F\u00f3rmula 3<\/strong>, terminando em segundo, e <strong>Emmo Fittipaldi<\/strong> em 20\u00ba.<\/p>\n\n\n\n<figure class=\"wp-block-image size-full\"><img decoding=\"async\" src=\"https:\/\/www.grandepremio.com\/br\/wp-content\/uploads\/2025\/12\/kush-maini-alpine.jpg\" alt=\"\" class=\"wp-image-1043258\"\/><figcaption class=\"wp-element-caption\">Kush Maini fechou acordo com ART para temporada 2026 da F2 (Foto: F\u00f3rmula 2)<\/figcaption><\/figure>\n\n\n\n<p class=\"wp-block-paragraph\" style=\"font-size:30px\"><strong>MELHORES DO ANO:<\/strong>\u00a0Vote nas categorias\u00a0<a href=\"https:\/\/docs.google.com\/forms\/d\/1yfWim9C-6jY_lK8SDqb3wF8KmFa9fIpq39vsT5TOqsQ\">clicando no link<\/a>.<\/p>\n\n\n\n<p class=\"wp-block-paragraph\"><strong>S\u00e9bastien Philippe<\/strong>, chefe de equipe da ART, tamb\u00e9m se manifestou sobre a chegada de Maini e elogiou a maturidade e velocidade do piloto. &#8220;Kush demonstrou velocidade real e maturidade na F2, e sua vit\u00f3ria em <strong>M\u00f4naco<\/strong> \u00e9 um claro exemplo do seu potencial. Estamos felizes em receb\u00ea-lo na ART e ansiosos para trabalhar juntos em 2026&#8243;, encerrou.<\/p>\n\n\n\n<p class=\"wp-block-paragraph\">Os testes coletivos da F2 no circuito de <strong>Yas Marina<\/strong> continuam nesta quinta-feira (11).<\/p>\n\n\n\n<p class=\"wp-block-paragraph\">\u25b6\ufe0f <strong>OPINI\u00c3O GP:\u00a0<a href=\"https:\/\/www.grandepremio.com\/br\/f1\/noticias\/opiniao-gp-formula-1-se-despede-de-2025-com-temporada-falha-e-sem-deixar-saudades\/\">F1 se despede de 2025 com temporada falha. E sem deixar saudades<\/a><\/strong><br>\u25b6\ufe0f <strong>Inscreva-se nos dois canais do GRANDE PR\u00caMIO no YouTube:\u00a0<a href=\"https:\/\/www.youtube.com\/channel\/UC9OlHEgxoaY6QY6nWPoiqQg?sub_confirmation=1\" target=\"_blank\" rel=\"noreferrer noopener\">GP<\/a>\u00a0|\u00a0<a href=\"https:\/\/www.youtube.com\/channel\/UC9csiS6q_C3C0FYhyr1rnFA?sub_confirmation=1\" target=\"_blank\" rel=\"noreferrer noopener\">GP2<\/a><\/strong><\/p>\n\n\n\n<figure class=\"wp-block-embed is-type-video is-provider-youtube wp-block-embed-youtube wp-embed-aspect-16-9 wp-has-aspect-ratio\"><div class=\"wp-block-embed__wrapper\">\n<iframe loading=\"lazy\" title=\"SA\u00cdDA DE MARKO \u00c9 ROMPIMENTO FINAL DE RED BULL QUE OLHA \u00c0 FRENTE NA F1 | Paddock Sprint\" width=\"500\" height=\"281\" src=\"https:\/\/www.youtube.com\/embed\/E7vykuJm4ks?feature=oembed\" frameborder=\"0\" allow=\"accelerometer; autoplay; clipboard-write; encrypted-media; gyroscope; picture-in-picture; web-share\" referrerpolicy=\"strict-origin-when-cross-origin\" allowfullscreen><\/iframe>\n<\/div><\/figure>\n\n\n\n<h2 class=\"wp-block-heading\" id=\"h-f1-hoje-saiba-aqui-as-noticias-mais-importantes-do-dia-da-formula-1\"><strong>F1 hoje: saiba aqui as not\u00edcias mais importantes do dia da F\u00f3rmula 1<\/strong><\/h2>\n\n\n\n<p class=\"wp-block-paragraph\">A reda\u00e7\u00e3o do\u00a0<strong>GRANDE PR\u00caMIO<\/strong>\u00a0selecionou as not\u00edcias mais importantes das \u00faltimas horas para voc\u00ea ficar por dentro de tudo que acontece na F1.<\/p>\n\n\n\n<p class=\"wp-block-paragraph\">\u25b6\ufe0f <a href=\"https:\/\/www.grandepremio.com\/br\/f1\/noticias\/gp-de-monaco-anuncia-patrocinio-marca-grife-muda-nome-f1-2026\/\">GP de M\u00f4naco anuncia patroc\u00ednio de marca de grife e muda de nome para F1 2026<\/a><br>\u25b6\ufe0f <a href=\"https:\/\/www.grandepremio.com\/br\/f1\/noticias\/honda-foge-metas-mas-garante-potencial-ser-bem-sucedida-2026\/\">Honda foge de metas, mas garante \u201cpotencial para ser bem-sucedida\u201d em 2026<\/a><br>\u25b6\ufe0f <a href=\"https:\/\/www.grandepremio.com\/br\/f1\/noticias\/lando-norris-revela-incomodo-charles-leclerc-durante-final-formula-1-abu-dhabi\/\">Norris revela inc\u00f4modo com Leclerc durante final da F\u00f3rmula 1 em Abu Dhabi<\/a><br>\u25b6\ufe0f AN\u00c1LISE: <a href=\"https:\/\/www.grandepremio.com\/br\/f1\/noticias\/red-bull-honda-assinam-divorcio-encaram-futuro-nebuloso-f1-a-partir-2026\/\">Red Bull e Honda assinam div\u00f3rcio e encaram futuro nebuloso na F1 a partir de 2026<\/a><\/p>\n\n\n\n<p class=\"wp-block-paragraph\">Para mais informa\u00e7\u00f5es, veja aqui as\u00a0<a href=\"https:\/\/www.grandepremio.com\/br\/ultimas-noticias\/\">\u00faltimas not\u00edcias da F\u00f3rmula 1<\/a>.<\/p>\n","protected":false},"excerpt":{"rendered":"<p>Depois de representar as cores da DAMS em 2025 e conquistar uma vit\u00f3ria, em M\u00f4naco, Kush Maini decidiu respirar novos ares e fechou um acordo com a ART para 2026<\/p>\n","protected":false},"author":0,"featured_media":1001043246,"comment_status":"closed","ping_status":"closed","sticky":false,"template":"","format":"standard","meta":{"42wp_featured_image_caption":"","42wp_featured_image_credits":"","42wp_featured_video":"","42wp_featured_image_hidden":false,"42wp_authors_list":[],"footnotes":""},"categories":[9],"tags":[651,29654,30246,111,41547,2208,41881,1491,28285,35029,32107,35030,41882],"42wp_author":[47160],"class_list":["post-13973","post","type-post","status-publish","format-standard","has-post-thumbnail","hentry","category-f2","tag-art-grand-prix","tag-calendario-f2","tag-classificacao-f2","tag-f2","tag-f2-2025","tag-formula-2","tag-formula-2-2025","tag-grande-premio","tag-grandepremio","tag-horarios-f2","tag-kush-maini","tag-onde-assistir-f2","tag-temporada-2025-f2","42wp_author-vicente-soella"],"_links":{"self":[{"href":"https:\/\/grandepremio.com\/br\/wp-json\/wp\/v2\/posts\/13973","targetHints":{"allow":["GET"]}}],"collection":[{"href":"https:\/\/grandepremio.com\/br\/wp-json\/wp\/v2\/posts"}],"about":[{"href":"https:\/\/grandepremio.com\/br\/wp-json\/wp\/v2\/types\/post"}],"replies":[{"embeddable":true,"href":"https:\/\/grandepremio.com\/br\/wp-json\/wp\/v2\/comments?post=13973"}],"version-history":[{"count":0,"href":"https:\/\/grandepremio.com\/br\/wp-json\/wp\/v2\/posts\/13973\/revisions"}],"wp:featuredmedia":[{"embeddable":true,"href":"https:\/\/grandepremio.com\/br\/wp-json\/wp\/v2\/media\/1001043246"}],"wp:attachment":[{"href":"https:\/\/grandepremio.com\/br\/wp-json\/wp\/v2\/media?parent=13973"}],"wp:term":[{"taxonomy":"category","embeddable":true,"href":"https:\/\/grandepremio.com\/br\/wp-json\/wp\/v2\/categories?post=13973"},{"taxonomy":"post_tag","embeddable":true,"href":"https:\/\/grandepremio.com\/br\/wp-json\/wp\/v2\/tags?post=13973"},{"taxonomy":"42wp_author","embeddable":true,"href":"https:\/\/grandepremio.com\/br\/wp-json\/wp\/v2\/42wp_author?post=13973"}],"curies":[{"name":"wp","href":"https:\/\/api.w.org\/{rel}","templated":true}]}}