{"id":13976,"date":"2025-12-10T11:03:35","date_gmt":"2025-12-10T14:03:35","guid":{"rendered":"https:\/\/grandepremio.com\/br\/noticias\/oliver-goethe-lidera-1o-dia-testes-formula-2-abu-dhabi-rafael-camara-emmo-fittipaldi\/"},"modified":"2025-12-19T18:17:10","modified_gmt":"2025-12-19T21:17:10","slug":"oliver-goethe-lidera-1o-dia-testes-formula-2-abu-dhabi-rafael-camara-emmo-fittipaldi","status":"publish","type":"post","link":"https:\/\/grandepremio.com\/br\/f2\/oliver-goethe-lidera-1o-dia-testes-formula-2-abu-dhabi-rafael-camara-emmo-fittipaldi\/","title":{"rendered":"Goethe lidera 1\u00ba dia de testes da F\u00f3rmula 2 em Abu Dhabi. C\u00e2mara \u00e9 2\u00ba e Fittipaldi, 20\u00ba"},"content":{"rendered":"\n<p class=\"wp-block-paragraph\">Ap\u00f3s o fim da temporada e o t\u00edtulo de <strong>Leonardo Fornaroli<\/strong>, a <strong>F2 <\/strong>seguiu a programa\u00e7\u00e3o em <strong>Abu Dhabi <\/strong>nesta quarta-feira (10), com o primeiro dos <strong>tr\u00eas dias<\/strong> de testes p\u00f3s-temporada. E a ponta ficou com <strong>Oliver Goethe<\/strong>, da <strong>Academia Red Bull<\/strong>, que registrou <strong>1min37s203 <\/strong>na sess\u00e3o vespertina com a <strong>MP <\/strong>ap\u00f3s tamb\u00e9m liderar de manh\u00e3. <strong>Rafael C\u00e2mara<\/strong> e <strong>Joshua D\u00fcrksen <\/strong>fecharam logo atr\u00e1s, enquanto o outro brasileiro na pista, <strong>Emmo Fittipaldi<\/strong>, foi o <strong>20\u00ba<\/strong>. <strong>Colton Herta<\/strong>, uma das grandes novidades de 2026, foi o <strong>17\u00ba<\/strong>.<\/p>\n\n\n\n<p class=\"wp-block-paragraph\">Abaixo dos tr\u00eas primeiros colocados, apareceu <strong>Gabriele Min\u00ec<\/strong>, com a <strong>MP<\/strong>, e o estreante <strong>Mari Boya<\/strong>, da <strong>Prema<\/strong>. <strong>Sebasti\u00e1n Montoya <\/strong>foi o sexto, seguido por <strong>Noel Le\u00f3n<\/strong>, enquanto <strong>Kush Maini <\/strong>fechou o primeiro dia em oitavo. Por fim, <strong>Alex Dunne <\/strong>foi o nono e <strong>Tasanapol Inthraphuvasak<\/strong> completou o grupo dos dez primeiros com a ART.<\/p>\n\n\n\n<p class=\"wp-block-paragraph\">O teste da F2 foi dividido em duas partes, uma de manh\u00e3 e outra \u00e0 tarde, com direito a pausa para o almo\u00e7o entre as duas sess\u00f5es. E a a\u00e7\u00e3o come\u00e7ou de forma lenta, com voltas de instala\u00e7\u00e3o e pouca a\u00e7\u00e3o de verdade na pista. <\/p>\n\n\n\n<p class=\"wp-block-paragraph\">Dunne logo comandou a tabela de tempos, com <strong>1min40s180<\/strong>, mas os giros foram baixando consideravelmente. Pilotos como <strong>Joshua D\u00fcrksen<\/strong>, <strong>Gabriele Min\u00ec <\/strong>e <strong>Nikola<\/strong> <strong>Tsolov <\/strong>tamb\u00e9m melhoraram, mas foi <strong>Oliver Goethe <\/strong>que fechou \u00e0 frente na sess\u00e3o inicial.<\/p>\n\n\n\n<figure class=\"wp-block-image size-full\"><img decoding=\"async\" src=\"https:\/\/www.grandepremio.com\/br\/wp-content\/uploads\/2025\/12\/F2-2025-POS-TEMPORADA-ABU-DHABI-RAFAEL-CAMARA.jpg\" alt=\"\" class=\"wp-image-1043219\"\/><figcaption class=\"wp-element-caption\">Rafael C\u00e2mara chegou a liderar a atividade e terminou em segundo (Foto: F2)<\/figcaption><\/figure>\n\n\n\n<p class=\"wp-block-paragraph\">Para v\u00e1rios dos novatos na pista, por\u00e9m, os tempos foram pouco representativos nesta primeira atividade. O objetivo era permanecer o m\u00e1ximo de tempo na pista e se adaptar ao carro, planos seguidos por pilotos como C\u00e2mara, Herta, <strong>Noel Le\u00f3n<\/strong>, <strong>Mari Boya<\/strong> e Fittipaldi. Todos estavam em seus primeiros contatos com um monoposto de F\u00f3rmula 2, afinal de contas.<\/p>\n\n\n\n<p class=\"wp-block-paragraph\">Ap\u00f3s a lideran\u00e7a de Goethe na parte matutina, os pilotos voltaram \u00e0 pista de Abu Dhabi \u00e0 tarde \u2014 e Dunne novamente abriu na lideran\u00e7a. Dessa vez, por\u00e9m, o irland\u00eas ficou bastante tempo com a primeira coloca\u00e7\u00e3o. A \u00fanica interven\u00e7\u00e3o do dia viria com <strong>Ritomo Miyata<\/strong>, que parou na curva 5 e for\u00e7ou a primeira bandeira vermelha dos testes. Rapidamente, todavia, a pista foi liberada de novo.<\/p>\n\n\n\n<p class=\"wp-block-paragraph\">No retorno da atividade, C\u00e2mara aproveitou para cal\u00e7ar pneus m\u00e9dios e registrou o melhor tempo, com <strong>1min38s425<\/strong>. Maini subiu para o segundo lugar, <strong>0s177 <\/strong>atr\u00e1s do brasileiro, enquanto Dunne era o terceiro. Neste momento, Herta ocupava a <strong>17\u00aa <\/strong>coloca\u00e7\u00e3o; Fittipaldi era o <strong>20\u00ba<\/strong>. Rafa seguiu com a primeira posi\u00e7\u00e3o at\u00e9 os \u00faltimos <strong>30 minutos<\/strong> do teste, quando Le\u00f3n alcan\u00e7ou <strong>1min37s819 <\/strong>com a <strong>Campos <\/strong>e tomou a frente.<\/p>\n\n\n\n<p class=\"wp-block-paragraph\">C\u00e2mara logo respondeu e fez <strong>1min37s373<\/strong>, o suficiente para desbancar Le\u00f3n por quase <strong>0s5<\/strong>, mas viu D\u00fcrksen ir al\u00e9m e registrar <strong>1min37s290 <\/strong>instantes depois. Em uma esp\u00e9cie de batalha particular, o brasileiro voltou a subir o ritmo e fez <strong>1min37s269 <\/strong>na volta seguinte, tomando de novo a ponta, mas a perdeu para Goethe \u2014 que j\u00e1 havia liderado de manh\u00e3 \u2014, com <strong>1min37s203<\/strong>.<\/p>\n\n\n\n<p class=\"wp-block-paragraph\">\u25b6\ufe0f <strong>Inscreva-se no canal do GRANDE PR\u00caMIO no YouTube:&nbsp;<a href=\"https:\/\/www.youtube.com\/channel\/UC9OlHEgxoaY6QY6nWPoiqQg?sub_confirmation=1\" target=\"_blank\" rel=\"noreferrer noopener\">GP<\/a><\/strong><\/p>\n\n\n\n<h2 class=\"wp-block-heading\" id=\"h-f2-2025-pos-temporada-abu-dhabi-dia-1\">F2 2025, P\u00f3s Temporada, Abu Dhabi, Dia 1:<\/h2>\n\n\n\n<figure class=\"wp-block-table\"><table class=\"has-fixed-layout\"><tbody><tr><td><strong>1<\/strong><\/td><td>O GOETHE<\/td><td>MP<\/td><td>1:37.203<\/td><td>&nbsp;<\/td><td>41<\/td><\/tr><tr><td><strong>2<\/strong><\/td><td>R C\u00c2MARA<\/td><td>Invicta<\/td><td>1:37.269<\/td><td>+0.066<\/td><td>33<\/td><\/tr><tr><td><strong>3<\/strong><\/td><td>J D\u00dcRKSEN<\/td><td>Invicta<\/td><td>1:37.290<\/td><td>+0.087<\/td><td>54<\/td><\/tr><tr><td><strong>4<\/strong><\/td><td>G MIN\u00cc<\/td><td>MP<\/td><td>1:37.565<\/td><td>+0.362<\/td><td>41<\/td><\/tr><tr><td><strong>5<\/strong><\/td><td>M BOYA<\/td><td>Prema<\/td><td>1:37.705<\/td><td>+0.502<\/td><td>37<\/td><\/tr><tr><td><strong>6<\/strong><\/td><td>S MONTOYA<\/td><td>Prema<\/td><td>1:37.769<\/td><td>+0.566<\/td><td>38<\/td><\/tr><tr><td><strong>7<\/strong><\/td><td>N LE\u00d3N<\/td><td>Campos<\/td><td>1:37.819<\/td><td>+0.616<\/td><td>53<\/td><\/tr><tr><td><strong>8<\/strong><\/td><td>K MAINI<\/td><td>ART<\/td><td>1:38.602<\/td><td>+1.399<\/td><td>40<\/td><\/tr><tr><td><strong>9<\/strong><\/td><td>A DUNNE<\/td><td>Rodin<\/td><td>1:38.669<\/td><td>+1.466<\/td><td>44<\/td><\/tr><tr><td><strong>10<\/strong><\/td><td>T INTHRAPHUVASAK<\/td><td>ART<\/td><td>1:38.730<\/td><td>+1.527<\/td><td>37<\/td><\/tr><tr><td><strong>11<\/strong><\/td><td>D BEGANOVIC<\/td><td>DAMS<\/td><td>1:38.745<\/td><td>+1.542<\/td><td>51<\/td><\/tr><tr><td><strong>12<\/strong><\/td><td>R VILLAG\u00d3MEZ<\/td><td>Van Amersfoort<\/td><td>1:38.751<\/td><td>+1.548<\/td><td>45<\/td><\/tr><tr><td><strong>13<\/strong><\/td><td>N TSOLOV<\/td><td>Campos<\/td><td>1:38.922<\/td><td>+1.719<\/td><td>41<\/td><\/tr><tr><td><strong>14<\/strong><\/td><td>N VARRONE<\/td><td>Van Amersfoort<\/td><td>1:38.981<\/td><td>+1.778<\/td><td>43<\/td><\/tr><tr><td><strong>15<\/strong><\/td><td>R BILINSKI<\/td><td>DAMS<\/td><td>1:39.021<\/td><td>+1.818<\/td><td>48<\/td><\/tr><tr><td><strong>16<\/strong><\/td><td>M STENSHORNE<\/td><td>Rodin<\/td><td>1:39.239<\/td><td>+2.036<\/td><td>53<\/td><\/tr><tr><td><strong>17<\/strong><\/td><td>C HERTA<\/td><td>Hitech TGR<\/td><td>1:39.416<\/td><td>+2.213<\/td><td>51<\/td><\/tr><tr><td><strong>18<\/strong><\/td><td>R MIYATA<\/td><td>Hitech TGR<\/td><td>1:39.598<\/td><td>+2.395<\/td><td>40<\/td><\/tr><tr><td><strong>19<\/strong><\/td><td>C SHIELDS<\/td><td>AIX<\/td><td>1:40.356<\/td><td>+3.153<\/td><td>36<\/td><\/tr><tr><td><strong>20<\/strong><\/td><td>E FITTIPALDI<\/td><td>AIX<\/td><td>1:41.472<\/td><td>+4.269<\/td><td>44<\/td><\/tr><tr><td><strong>21<\/strong><\/td><td>L VAN HOEPEN<\/td><td>Trident<\/td><td>2:00.072<\/td><td>+22.869<\/td><td>61<\/td><\/tr><tr><td><strong>22<\/strong><\/td><td>J BENNETT<\/td><td>Trident<\/td><td>2:02.526<\/td><td>+25.323<\/td><td>58<\/td><\/tr><\/tbody><\/table><\/figure>\n","protected":false},"excerpt":{"rendered":"<p>A F\u00f3rmula 2 encerrou o primeiro dia de testes p\u00f3s-temporada, em Abu Dhabi, com lideran\u00e7a de Oliver Goethe nos dois per\u00edodos do dia. Rafael C\u00e2mara estreou o novo equipamento com voltas competitivas, enquanto Emmo Fittipaldi e Colton Herta finalizaram na parte mais baixa da tabela de tempos<\/p>\n","protected":false},"author":0,"featured_media":1000908233,"comment_status":"closed","ping_status":"closed","sticky":false,"template":"","format":"standard","meta":{"42wp_featured_image_caption":"","42wp_featured_image_credits":"","42wp_featured_video":"","42wp_featured_image_hidden":false,"42wp_authors_list":[],"footnotes":""},"categories":[9],"tags":[41547,30245,1491,28397,27860],"42wp_author":[47142],"class_list":["post-13976","post","type-post","status-publish","format-standard","has-post-thumbnail","hentry","category-f2","tag-f2-2025","tag-f2-ao-vivo","tag-grande-premio","tag-oliver-goethe","tag-rafael-camara","42wp_author-jp-nascimento"],"_links":{"self":[{"href":"https:\/\/grandepremio.com\/br\/wp-json\/wp\/v2\/posts\/13976","targetHints":{"allow":["GET"]}}],"collection":[{"href":"https:\/\/grandepremio.com\/br\/wp-json\/wp\/v2\/posts"}],"about":[{"href":"https:\/\/grandepremio.com\/br\/wp-json\/wp\/v2\/types\/post"}],"replies":[{"embeddable":true,"href":"https:\/\/grandepremio.com\/br\/wp-json\/wp\/v2\/comments?post=13976"}],"version-history":[{"count":0,"href":"https:\/\/grandepremio.com\/br\/wp-json\/wp\/v2\/posts\/13976\/revisions"}],"wp:featuredmedia":[{"embeddable":true,"href":"https:\/\/grandepremio.com\/br\/wp-json\/wp\/v2\/media\/1000908233"}],"wp:attachment":[{"href":"https:\/\/grandepremio.com\/br\/wp-json\/wp\/v2\/media?parent=13976"}],"wp:term":[{"taxonomy":"category","embeddable":true,"href":"https:\/\/grandepremio.com\/br\/wp-json\/wp\/v2\/categories?post=13976"},{"taxonomy":"post_tag","embeddable":true,"href":"https:\/\/grandepremio.com\/br\/wp-json\/wp\/v2\/tags?post=13976"},{"taxonomy":"42wp_author","embeddable":true,"href":"https:\/\/grandepremio.com\/br\/wp-json\/wp\/v2\/42wp_author?post=13976"}],"curies":[{"name":"wp","href":"https:\/\/api.w.org\/{rel}","templated":true}]}}