{"id":13977,"date":"2025-12-10T10:15:28","date_gmt":"2025-12-10T13:15:28","guid":{"rendered":"https:\/\/grandepremio.com\/br\/noticias\/pepe-marti-recorda-acidente-sao-paulo-critica-rivais-padrao-abaixo-que-esperava\/"},"modified":"2025-12-15T14:10:46","modified_gmt":"2025-12-15T17:10:46","slug":"pepe-marti-recorda-acidente-sao-paulo-critica-rivais-padrao-abaixo-que-esperava","status":"publish","type":"post","link":"https:\/\/grandepremio.com\/br\/formula-e\/pepe-marti-recorda-acidente-sao-paulo-critica-rivais-padrao-abaixo-que-esperava\/","title":{"rendered":"Mart\u00ed recorda acidente em S\u00e3o Paulo e critica rivais: &#8220;Padr\u00e3o abaixo do que esperava&#8221;"},"content":{"rendered":"\n<p class=\"wp-block-paragraph\"><strong>Pepe Mart\u00ed<\/strong> viveu um despertar abrupto para a agressividade da <strong>F\u00f3rmula E<\/strong> em sua estreia oficial na categoria. O espanhol, que fazia corrida s\u00f3lida rumo a um inesperado top-5 no <strong>eP de S\u00e3o Paulo<\/strong>, <a href=\"https:\/\/www.grandepremio.com\/br\/video\/formula-e\/pepe-marti-atropela-antonio-felix-da-costa-nico-muller-causa-forte-acidente-ep-de-sao-paulo\/\">sofreu um acidente violento<\/a> nas voltas finais ap\u00f3s ser surpreendido pela desacelera\u00e7\u00e3o do pelot\u00e3o durante um full-course yellow. Apesar de escapar ileso, ele admitiu que o impacto psicol\u00f3gico foi maior que o f\u00edsico.<\/p>\n\n\n\n<p class=\"wp-block-paragraph\">A prova caminhava para ser um marco positivo para Mart\u00ed. Mesmo ap\u00f3s quebrar o bra\u00e7o da suspens\u00e3o dianteira no \u00fanico treino livre realizado \u2014 j\u00e1 que <a href=\"https:\/\/www.grandepremio.com\/br\/formula-e\/noticias\/formula-e-cancela-tl1-ep-de-sao-paulo-problemas-comunicacao-circuito\/\">o TL1 de sexta acabou cancelado por falha generalizada nas comunica\u00e7\u00f5es da FIA<\/a> \u2014, o estreante encaixou ritmo forte, ganhou posi\u00e7\u00f5es ao longo da corrida e se colocou entre os protagonistas na etapa final.<\/p>\n\n\n\n<p class=\"wp-block-paragraph\">Tudo desmoronou, por\u00e9m, no acidente que causou a bandeira vermelha. Enquanto o pelot\u00e3o reduzia a velocidade devido \u00e0 batida de <strong>Mitch Evans<\/strong>, Mart\u00ed n\u00e3o conseguiu reagir a tempo ao ritmo mais lento e decolou sobre as traseiras de <strong>Ant\u00f3nio F\u00e9lix da Costa<\/strong> e <strong>Nico M\u00fcller<\/strong>. O carro da <strong>Cupra Kiro<\/strong> foi lan\u00e7ado ao ar e capotou.<\/p>\n\n\n\n<p class=\"wp-block-paragraph\">Felizmente, Mart\u00ed saiu ileso do acidente. Inclusive, tentou ajudar a conter as chamas que acometeram a dianteira do carro enquanto os fiscais encontravam dificuldade para adentrar a pista. Mas reconheceu que o momento ficou gravado na mem\u00f3ria.<\/p>\n\n\n\n\n\n\n\n<h2 class=\"wp-block-heading\" id=\"h-melhores-do-ano-vote-nas-categorias-clicando-no-link\"><strong>MELHORES DO ANO:\u00a0Vote nas categorias<a href=\"https:\/\/docs.google.com\/forms\/d\/1yfWim9C-6jY_lK8SDqb3wF8KmFa9fIpq39vsT5TOqsQ\">\u00a0clicando no link<\/a>.<\/strong><\/h2>\n\n\n\n<p class=\"wp-block-paragraph\">\u201cEstou bem. Para ser sincero, estou mais machucado mentalmente do que fisicamente. T\u00ednhamos uma corrida muito boa nas m\u00e3os. Depois de perder o TL1 e quebrar o bra\u00e7o da suspens\u00e3o na primeira volta do s\u00e1bado, conseguir brigar por um top-5 seria incr\u00edvel. A equipe fez tudo muito bem. Por isso d\u00f3i\u201d, admitiu.<\/p>\n\n\n\n<p class=\"wp-block-paragraph\">\u201cPulei r\u00e1pido e vi o pneu dianteiro embaixo do carro, pegando fogo. O chassi estava literalmente queimando. S\u00f3 queria que algu\u00e9m chegasse logo. Os fiscais estavam com dificuldade para atravessar o port\u00e3o. N\u00e3o tenho nada contra eles, mas tentei acelerar as coisas\u201d, explicou.<\/p>\n\n\n\n<p class=\"wp-block-paragraph\">Na avalia\u00e7\u00e3o do pr\u00f3prio Mart\u00ed, o acidente tamb\u00e9m foi fruto da adapta\u00e7\u00e3o ao estilo extremamente f\u00edsico da F\u00f3rmula E. Ele se disse surpreso com o n\u00edvel dos contatos e com alguns padr\u00f5es de pilotagem \u2014 tema que j\u00e1 vinha lhe incomodando ao longo da prova.<\/p>\n\n\n\n<p class=\"wp-block-paragraph\">\u201cN\u00e3o sei quantas mensagens minhas apareceram no r\u00e1dio, mas fiquei bem irritado com alguns pilotos. Entendo que aqui o contato faz parte e cada posi\u00e7\u00e3o vale muito. Mas fiquei surpreso com o n\u00edvel de toques numa categoria de f\u00f3rmula. \u00c0s vezes, os padr\u00f5es de pilotagem ficam abaixo do que esperava. Tamb\u00e9m cometi um erro, e isso \u00e9 culpa minha. Preciso me adaptar\u201d, concluiu.<\/p>\n\n\n\n<p class=\"wp-block-paragraph\">A&nbsp;<a href=\"https:\/\/www.grandepremio.com\/br\/formula-e\/\" target=\"_blank\" rel=\"noreferrer noopener\"><\/a><a href=\"https:\/\/www.grandepremio.com\/br\/formula-e\/\" target=\"_blank\" rel=\"noreferrer noopener\">F\u00f3rmula E<\/a>, agora,&nbsp;parte para uma pausa e volta a acelerar no&nbsp;<strong>eP da Cidade do&nbsp;<a href=\"https:\/\/es.grandepremio.com\/\" target=\"_blank\" rel=\"noreferrer noopener\">M\u00e9xico<\/a><\/strong>, entre os dias&nbsp;<strong>9 e 10 de janeiro<\/strong>. Emissora oficial no Brasil, o&nbsp;<strong>GRANDE PR\u00caMIO&nbsp;<\/strong>transmite todas as atividades de pista&nbsp;<strong>AO VIVO<\/strong>&nbsp;e&nbsp;<strong>COM IMAGENS<\/strong>&nbsp;no&nbsp;<strong><a href=\"https:\/\/www.youtube.com\/@GrandePremio1\">YouTube<\/a>&nbsp;<\/strong>e na&nbsp;<strong>GPTV<\/strong>.<\/p>\n\n\n\n<p class=\"wp-block-paragraph\">\u25b6\ufe0f&nbsp;<strong>Inscreva-se no canal do GRANDE PR\u00caMIO no YouTube:&nbsp;<a href=\"https:\/\/www.youtube.com\/channel\/UC9OlHEgxoaY6QY6nWPoiqQg?sub_confirmation=1\" target=\"_blank\" rel=\"noreferrer noopener\">GP<\/a><\/strong><\/p>\n\n\n\n<figure class=\"wp-block-embed is-type-video is-provider-youtube wp-block-embed-youtube wp-embed-aspect-16-9 wp-has-aspect-ratio\"><div class=\"wp-block-embed__wrapper\">\n<iframe loading=\"lazy\" title=\"\ud83d\udd34CORRIDA eP DE S\u00c3O PAULO COM DRUGOVICH | F\u00d3RMULA E 2025\/2026 AO VIVO E COM IMAGENS | 1\u00aa ETAPA\" width=\"500\" height=\"281\" src=\"https:\/\/www.youtube.com\/embed\/qdBabpGo_bA?feature=oembed\" frameborder=\"0\" allow=\"accelerometer; autoplay; clipboard-write; encrypted-media; gyroscope; picture-in-picture; web-share\" referrerpolicy=\"strict-origin-when-cross-origin\" allowfullscreen><\/iframe>\n<\/div><\/figure>\n\n\n\n<h2 class=\"wp-block-heading\" id=\"h-formula-e-hoje-saiba-aqui-as-noticias-mais-importantes-do-dia-da-formula-e\"><strong>F\u00f3rmula E hoje: saiba aqui as not\u00edcias mais importantes do dia da F\u00f3rmula E<\/strong><\/h2>\n\n\n\n<p class=\"wp-block-paragraph\">A reda\u00e7\u00e3o do\u00a0<strong>GRANDE PR\u00caMIO<\/strong>\u00a0selecionou as not\u00edcias mais importantes das \u00faltimas horas para voc\u00ea ficar por dentro de tudo que acontece na F\u00f3rmula E.<\/p>\n\n\n\n<p class=\"wp-block-paragraph\">\u25b6\ufe0f\u00a0<a href=\"https:\/\/www.grandepremio.com\/br\/formula-e\/noticias\/nick-cassidy-celebra-podio-sao-paulo-lamenta-safety-car-podia-vencer\/\">Cassidy celebra p\u00f3dio em S\u00e3o Paulo, mas lamenta safety-car: \u201cPodia vencer\u201d<\/a><\/p>\n\n\n\n<p class=\"wp-block-paragraph\">\u25b6\ufe0f\u00a0<a href=\"https:\/\/www.grandepremio.com\/br\/formula-e\/noticias\/andretti-gosto-pode-fazer-abertura-formula-e-felipe-drugovich-corresponde\/\">Andretti d\u00e1 gosto do que pode fazer na estreia da F\u00f3rmula E. E Drugovich corresponde<\/a><\/p>\n\n\n\n<p class=\"wp-block-paragraph\">\u25b6\ufe0f\u00a0<a href=\"https:\/\/www.grandepremio.com\/br\/formula-e\/noticias\/oliver-rowland-reconhece-surpresa-2o-lugar-ep-de-sao-paulo-objetivo-era-5o-6o\/\">Rowland reconhece surpresa com 2\u00ba lugar no eP de S\u00e3o Paulo: \u201cObjetivo era 5\u00ba ou 6\u00ba\u201d<\/a><\/p>\n\n\n\n<p class=\"wp-block-paragraph\">Para mais informa\u00e7\u00f5es, veja aqui as\u00a0<a href=\"https:\/\/www.grandepremio.com\/br\/formula-e\/ultimas-noticias\/\">\u00faltimas not\u00edcias da F\u00f3rmula E<\/a>.<a href=\"https:\/\/www.grandepremio.com\/br\/chefao\/\" target=\"_blank\" rel=\"noreferrer noopener\"><\/a><\/p>\n","protected":false},"excerpt":{"rendered":"<p>Pepe Mart\u00ed disse que acidente cinematogr\u00e1fico no eP de S\u00e3o Paulo &#8220;machucou mais mental que fisicamente&#8221; e revelou ter se surpreendido com n\u00edvel de toques em disputas na F\u00f3rmula E<\/p>\n","protected":false},"author":0,"featured_media":1001042751,"comment_status":"closed","ping_status":"closed","sticky":false,"template":"","format":"standard","meta":{"42wp_featured_image_caption":"","42wp_featured_image_credits":"","42wp_featured_video":"","42wp_featured_image_hidden":false,"42wp_authors_list":[],"footnotes":""},"categories":[19],"tags":[25774,28679,6853,41812,31468,840,43531,1491,28285,35442,2349,36219,33769,45270,43530],"42wp_author":[47164],"class_list":["post-13977","post","type-post","status-publish","format-standard","has-post-thumbnail","hentry","category-formula-e","tag-antonio-felix-da-costa","tag-calendario-formula-e","tag-classificacao-formula-e","tag-cupra-kiro","tag-ep-de-sao-paulo","tag-formula-e","tag-formula-e-2026","tag-grande-premio","tag-grandepremio","tag-horarios-formula-e","tag-nico-muller","tag-onde-assistir-formula-e","tag-pepe-marti","tag-sao-paulo-2026","tag-temporada-2026-da-formula-e","42wp_author-marcos-gil-ribeiro"],"_links":{"self":[{"href":"https:\/\/grandepremio.com\/br\/wp-json\/wp\/v2\/posts\/13977","targetHints":{"allow":["GET"]}}],"collection":[{"href":"https:\/\/grandepremio.com\/br\/wp-json\/wp\/v2\/posts"}],"about":[{"href":"https:\/\/grandepremio.com\/br\/wp-json\/wp\/v2\/types\/post"}],"replies":[{"embeddable":true,"href":"https:\/\/grandepremio.com\/br\/wp-json\/wp\/v2\/comments?post=13977"}],"version-history":[{"count":0,"href":"https:\/\/grandepremio.com\/br\/wp-json\/wp\/v2\/posts\/13977\/revisions"}],"wp:featuredmedia":[{"embeddable":true,"href":"https:\/\/grandepremio.com\/br\/wp-json\/wp\/v2\/media\/1001042751"}],"wp:attachment":[{"href":"https:\/\/grandepremio.com\/br\/wp-json\/wp\/v2\/media?parent=13977"}],"wp:term":[{"taxonomy":"category","embeddable":true,"href":"https:\/\/grandepremio.com\/br\/wp-json\/wp\/v2\/categories?post=13977"},{"taxonomy":"post_tag","embeddable":true,"href":"https:\/\/grandepremio.com\/br\/wp-json\/wp\/v2\/tags?post=13977"},{"taxonomy":"42wp_author","embeddable":true,"href":"https:\/\/grandepremio.com\/br\/wp-json\/wp\/v2\/42wp_author?post=13977"}],"curies":[{"name":"wp","href":"https:\/\/api.w.org\/{rel}","templated":true}]}}