{"id":14065,"date":"2025-12-08T13:26:05","date_gmt":"2025-12-08T16:26:05","guid":{"rendered":"https:\/\/grandepremio.com\/br\/noticias\/escrevam-quiserem-lando-norris-se-irrita-pergunta-sobre-max-verstappen-abu-dhabi\/"},"modified":"2025-12-08T13:34:00","modified_gmt":"2025-12-08T16:34:00","slug":"escrevam-quiserem-lando-norris-se-irrita-pergunta-sobre-max-verstappen-abu-dhabi","status":"publish","type":"post","link":"https:\/\/grandepremio.com\/br\/f1\/escrevam-quiserem-lando-norris-se-irrita-pergunta-sobre-max-verstappen-abu-dhabi\/","title":{"rendered":"&#8220;Escrevam o que quiserem&#8221;: Norris se irrita com pergunta sobre Verstappen em Abu Dhabi"},"content":{"rendered":"\n<p class=\"wp-block-paragraph\">N\u00e3o foi apenas <strong>Max Verstappen<\/strong> que <a href=\"https:\/\/www.grandepremio.com\/br\/f1\/noticias\/esta-me-dando-sorrisinho-max-verstappen-revolta-questao-sobre-choque-espanha-f1-formula-1\/\">ficou um tanto irritado com as perguntas<\/a> feitas durante a coletiva de imprensa do <strong>GP de Abu Dhabi<\/strong>, realizada ap\u00f3s <a href=\"https:\/\/www.grandepremio.com\/br\/f1\/noticias\/lando-norris-conquista-titulo-formula-1-2025-podio-gp-abu-dhabi-max-verstappen-vence\/\">a corrida de domingo (7)<\/a> e acompanhada pelo <strong>GRANDE PR\u00caMIO<\/strong>. Depois de <a href=\"https:\/\/www.grandepremio.com\/br\/video\/f1\/lando-norris-se-emociona-e-chora-no-carro-ao-confirmar-titulo-f1-2025-abu-dhabi\/\">esbanjar alegria com a conquista do primeiro t\u00edtulo mundial<\/a> de <strong>F\u00f3rmula 1<\/strong>, <strong>Lando Norris<\/strong> subiu o tom ao ser questionado sobre a sensa\u00e7\u00e3o de derrotar o piloto da <strong>Red Bull<\/strong> em 2025.<\/p>\n\n\n\n<p class=\"wp-block-paragraph\">O terceiro lugar no circuito de&nbsp;<strong><a href=\"https:\/\/www.grandepremio.com\/br\/circuito\/yas-marina\/\" target=\"_blank\" rel=\"noreferrer noopener\">Yas Marina<\/a><\/strong>&nbsp;foi o suficiente para fazer o titular da&nbsp;<strong>McLaren<\/strong>&nbsp;realizar o sonho de crian\u00e7a e chegar ao topo da principal categoria do automobilismo. Com sete vit\u00f3rias em 24 etapas, <a href=\"https:\/\/www.grandepremio.com\/br\/galeria\/f1\/lando-norris-campeao-classificacao-final-temporada-2025-formula-1-f1-gp-abu-dhabi\/\">bateu a marca dos 423 pontos<\/a> e superou o tetracampe\u00e3o por somente 2, enquanto&nbsp;<strong><a href=\"https:\/\/www.grandepremio.com\/br\/piloto\/oscar-piastri\/\" target=\"_blank\" rel=\"noreferrer noopener\">Oscar Piastri<\/a><\/strong>, companheiro de equipe,&nbsp;<a href=\"https:\/\/www.grandepremio.com\/br\/f1\/noticias\/oscar-piastri-diz-nada-vai-mudar-duelo-lando-norris-apos-titulo-nao-virou-super-homem\/\">teve de se contentar com a \u00faltima vaga do top-3<\/a>, com 410 tentos.<\/p>\n\n\n\n<p class=\"wp-block-paragraph\">Vale lembrar que desde 2021, quando derrotou <strong>Lewis Hamilton<\/strong> exatamente no mesmo local, Verstappen emplacou uma sequ\u00eancia de campeonatos e se tornou quase que imbat\u00edvel na <strong>F1<\/strong>. Tanto \u00e9 verdade que, embora a Red Bull n\u00e3o tenha come\u00e7ado a temporada com o p\u00e9 direito, bastou a equipe entregar um carro competitivo ao <strong>#1<\/strong> para ele quase protagonizar uma das maiores viradas da hist\u00f3ria do esporte a motor, considerando que esteve 104 pontos atr\u00e1s do l\u00edder ap\u00f3s o <strong>GP dos Pa\u00edses Baixos<\/strong>.<\/p>\n\n\n\n<p class=\"wp-block-paragraph\">Desta forma, durante as entrevistas em Abu Dhabi, Norris foi lembrado de que ele mesmo j\u00e1 classificou Max como um dos grandes pilotos da hist\u00f3ria e, por isso, acabou sendo questionado sobre a satisfa\u00e7\u00e3o de sair vitorioso em um duelo contra o titular taurino. Mas o brit\u00e2nico n\u00e3o pareceu ter ficado muito feliz com a pergunta.<\/p>\n\n\n\n<figure class=\"wp-block-image size-large\"><img decoding=\"async\" src=\"https:\/\/www.grandepremio.com\/br\/wp-content\/uploads\/2025\/12\/abu-dhabi-2025-f1-corrida-mclaren-lando-norris-07-1200x800.jpg\" alt=\"\" class=\"wp-image-1041996\"\/><figcaption class=\"wp-element-caption\">Lando Norris se irritou a receber pergunta sobre Max Verstappen em Abu Dhabi (Foto: F1)<\/figcaption><\/figure>\n\n\n\n<p class=\"wp-block-paragraph\">&#8220;Odeio ter de me comparar com outras pessoas. Isso \u00e9 algo para voc\u00eas decidirem \u2014 se algu\u00e9m \u00e9 melhor que outro ou n\u00e3o. Tudo o que tento fazer todo fim de semana \u00e9 o meu melhor. Mas a\u00ed voc\u00eas decidem que ele \u00e9 melhor que ele, ou que algu\u00e9m tem um carro pior e est\u00e1 fazendo mais \u2014 escrevam o que quiserem, decidam o que quiserem. Certamente sinto que, em alguns momentos, pilotei melhor do que acho que outras pessoas conseguiriam. E sinto que pilotei em um n\u00edvel que n\u00e3o acho que outros conseguem igualar&#8221;, come\u00e7ou.<\/p>\n\n\n\n<p class=\"wp-block-paragraph\">&#8220;Mas tamb\u00e9m cometi erros? Cometi mais erros que outras pessoas em alguns momentos? Sim. Tem coisas que Max pode fazer melhor do que eu \u00e0s vezes? Sim. Acredito que ele seja imbat\u00edvel? N\u00e3o. Mas voc\u00ea tamb\u00e9m n\u00e3o sabe, n\u00e9? \u00c9 dif\u00edcil saber. [Red Bull e Verstappen] tamb\u00e9m tiveram dificuldades com o carro no meio da temporada. Tiveram uma segunda metade de ano incr\u00edvel&#8221;, reconheceu.<\/p>\n\n\n\n<p class=\"wp-block-paragraph\">&#8220;Aproveitaram o fato de que t\u00ednhamos dois pilotos lutando pelo campeonato. Ele tirou o m\u00e1ximo proveito disso e pilotou como um tetracampe\u00e3o mundial. E estou muito feliz por ter competido contra ele e tentado me provar contra ele&#8221;, acrescentou Norris, que voltou a deixar claro que n\u00e3o est\u00e1 na F1 para ser melhor do que ningu\u00e9m, mas apenas para alcan\u00e7ar os objetivos e deixar as pessoas mais pr\u00f3ximas contentes com o seu sucesso.<\/p>\n\n\n\n<p class=\"wp-block-paragraph\">\u25b6\ufe0f <strong>OPINI\u00c3O GP:\u00a0<a href=\"https:\/\/www.grandepremio.com\/br\/f1\/noticias\/opiniao-gp-formula-1-se-despede-de-2025-com-temporada-falha-e-sem-deixar-saudades\/\">F1 se despede de 2025 com temporada falha. E sem deixar saudades<\/a><\/strong><br>\u25b6\ufe0f <strong>Inscreva-se nos dois canais do GRANDE PR\u00caMIO no YouTube:\u00a0<a href=\"https:\/\/www.youtube.com\/channel\/UC9OlHEgxoaY6QY6nWPoiqQg?sub_confirmation=1\" target=\"_blank\" rel=\"noreferrer noopener\">GP<\/a>\u00a0|\u00a0<a href=\"https:\/\/www.youtube.com\/channel\/UC9csiS6q_C3C0FYhyr1rnFA?sub_confirmation=1\" target=\"_blank\" rel=\"noreferrer noopener\">GP2<\/a><\/strong><\/p>\n\n\n\n<figure class=\"wp-block-image size-large\"><img decoding=\"async\" src=\"https:\/\/www.grandepremio.com\/br\/wp-content\/uploads\/2025\/12\/abu-dhabi-2025-f1-corrida-mclaren-lando-norris-afp-09-1200x800.jpg\" alt=\"\" class=\"wp-image-1042007\"\/><figcaption class=\"wp-element-caption\">Lando Norris falou sobre o que realmente importa para ele na F1 (Foto: AFP) <\/figcaption><\/figure>\n\n\n\n<p class=\"wp-block-paragraph\">&#8220;Minha motiva\u00e7\u00e3o n\u00e3o \u00e9 provar que sou melhor do que algu\u00e9m. N\u00e3o \u00e9 isso o que me faz feliz. N\u00e3o vou acordar amanh\u00e3 e pensar: &#8216;Estou t\u00e3o feliz porque derrotei Max.&#8217; Sinceramente, l\u00e1 no fundo, n\u00e3o me importo com isso. N\u00e3o me importo se todos da imprensa disserem: &#8216;Voc\u00ea acha que \u00e9 melhor que ele?&#8217; ou &#8216;Oscar \u00e9 melhor&#8217;, ou seja l\u00e1 o que for. N\u00e3o importa. N\u00e3o tenho interesse nisso&#8221;, desabafou.<\/p>\n\n\n\n<p class=\"wp-block-paragraph\">&#8220;Fiz apenas o que precisava fazer para ser campe\u00e3o mundial. \u00c9 isso. E deixei as pessoas que amo felizes. No fim do dia, \u00e9 tudo o que realmente importa para mim&#8221;, sublinhou. &#8220;N\u00e3o vou acordar feliz amanh\u00e3 s\u00f3 porque posso dizer para mim mesmo: &#8216;Sou campe\u00e3o mundial.&#8217; Talvez me fa\u00e7a sorrir, mas n\u00e3o \u00e9 isso que realmente importa. O que vai importar \u00e9 que minha m\u00e3e est\u00e1 feliz, meu pai est\u00e1 feliz, minhas irm\u00e3s est\u00e3o felizes, meu irm\u00e3o est\u00e1 feliz, meus amigos est\u00e3o felizes. E \u00e9 s\u00f3 disso que preciso na minha vida&#8221;, concluiu.<\/p>\n\n\n\n<p class=\"wp-block-paragraph\">A\u00a0<strong><a href=\"https:\/\/www.grandepremio.com\/br\/f1\/\" target=\"_blank\" rel=\"noreferrer noopener\"><\/a><a href=\"https:\/\/www.grandepremio.com\/br\/f1\/\" target=\"_blank\" rel=\"noreferrer noopener\">F\u00f3rmula 1<\/a>\u00a0<\/strong>volta no dia 9 de dezembro com os testes coletivos da pr\u00e9-temporada, em\u00a0<strong>Abu Dhabi<\/strong>.<\/p>\n\n\n\n<figure class=\"wp-block-embed is-type-video is-provider-youtube wp-block-embed-youtube wp-embed-aspect-16-9 wp-has-aspect-ratio\"><div class=\"wp-block-embed__wrapper\">\n<iframe loading=\"lazy\" title=\"VERSTAPPEN VENCE, MAS NORRIS \u00c9 CAMPE\u00c3O EM ABU DHABI: A CLASSIFICA\u00c7\u00c3O DA F1 [grande premio]\" width=\"500\" height=\"281\" src=\"https:\/\/www.youtube.com\/embed\/ERKbs2bDr88?feature=oembed\" frameborder=\"0\" allow=\"accelerometer; autoplay; clipboard-write; encrypted-media; gyroscope; picture-in-picture; web-share\" referrerpolicy=\"strict-origin-when-cross-origin\" allowfullscreen><\/iframe>\n<\/div><\/figure>\n\n\n\n<p class=\"wp-block-paragraph\" style=\"font-size:27px\"><strong>F1 hoje: saiba aqui as not\u00edcias mais importantes do dia da F\u00f3rmula 1<\/strong><\/p>\n\n\n\n<p class=\"wp-block-paragraph\">A reda\u00e7\u00e3o do\u00a0<strong>GRANDE PR\u00caMIO<\/strong>\u00a0selecionou as not\u00edcias mais importantes das \u00faltimas horas para voc\u00ea ficar por dentro de tudo que acontece na F1.<\/p>\n\n\n\n<p class=\"wp-block-paragraph\">\u25b6\ufe0f <a href=\"https:\/\/www.grandepremio.com\/br\/f1\/noticias\/gabriel-bortoleto-gracas-deus-fim-efeito-solo-f1-nao-vamos-mais-usar-carro\/\">Bortoleto d\u00e1 \u201cgra\u00e7as a Deus\u201d por fim de efeito solo na F1: \u201cN\u00e3o vamos mais usar esse carro\u201d<\/a><br>\u25b6\ufe0f <a href=\"https:\/\/www.grandepremio.com\/br\/f1\/noticias\/choro-engenheiro-max-verstappen-gianpiero-lambiase-abu-dhabi-diz-futuro-red-bull\/\">O que choro de engenheiro de Verstappen em Abu Dhabi diz sobre futuro na Red Bull<\/a><br>\u25b6\ufe0f <a href=\"https:\/\/www.grandepremio.com\/br\/f1\/noticias\/max-verstappen-explica-por-que-rejeitou-tatica-lewis-hamilton-contra-lando-norris-abu-dhabi\/\">Verstappen explica por que rejeitou \u2018t\u00e1tica Hamilton\u2019 contra Norris em Abu Dhabi<\/a><\/p>\n\n\n\n<p class=\"wp-block-paragraph\">Para mais informa\u00e7\u00f5es, veja aqui as\u00a0<a href=\"https:\/\/www.grandepremio.com\/br\/ultimas-noticias\/\">\u00faltimas not\u00edcias da\u00a0<\/a><a href=\"https:\/\/www.grandepremio.com\/br\/f1\/\" target=\"_blank\" rel=\"noreferrer noopener\">F\u00f3rmula 1<\/a>.<\/p>\n","protected":false},"excerpt":{"rendered":"<p>Ao ser questionado sobre a sensa\u00e7\u00e3o de superar Max Verstappen, um dos maiores pilotos da hist\u00f3ria da F\u00f3rmula 1, Lando Norris adotou discurso de que as motiva\u00e7\u00f5es na carreira v\u00e3o al\u00e9m daquilo que acontece nas pistas<\/p>\n","protected":false},"author":0,"featured_media":1001040479,"comment_status":"closed","ping_status":"closed","sticky":false,"template":"","format":"standard","meta":{"42wp_featured_image_caption":"","42wp_featured_image_credits":"","42wp_featured_video":"","42wp_featured_image_hidden":false,"42wp_authors_list":[],"footnotes":""},"categories":[2],"tags":[26271,5273,147,3630,180,3628,25424,37274,1491,28285,30840,547,203,90,35129,204,42001,1901,42513,37255],"42wp_author":[47165,47160],"class_list":["post-14065","post","type-post","status-publish","format-standard","has-post-thumbnail","hentry","category-f1","tag-calendario-f1","tag-classificacao-f1","tag-f1","tag-f1-2025","tag-formula-1","tag-formula-1-2025","tag-gp-de-abu-dhabi","tag-gp-de-abu-dhabi-f1","tag-grande-premio","tag-grandepremio","tag-horarios-f1","tag-lando-norris","tag-max-verstappen","tag-mclaren","tag-onde-assistir-f1","tag-red-bull","tag-temporada-2025-f1","tag-yas-marina","tag-yas-marina-2025","tag-yas-marina-f1","42wp_author-leonid-kluiev","42wp_author-vicente-soella"],"_links":{"self":[{"href":"https:\/\/grandepremio.com\/br\/wp-json\/wp\/v2\/posts\/14065","targetHints":{"allow":["GET"]}}],"collection":[{"href":"https:\/\/grandepremio.com\/br\/wp-json\/wp\/v2\/posts"}],"about":[{"href":"https:\/\/grandepremio.com\/br\/wp-json\/wp\/v2\/types\/post"}],"replies":[{"embeddable":true,"href":"https:\/\/grandepremio.com\/br\/wp-json\/wp\/v2\/comments?post=14065"}],"version-history":[{"count":0,"href":"https:\/\/grandepremio.com\/br\/wp-json\/wp\/v2\/posts\/14065\/revisions"}],"wp:featuredmedia":[{"embeddable":true,"href":"https:\/\/grandepremio.com\/br\/wp-json\/wp\/v2\/media\/1001040479"}],"wp:attachment":[{"href":"https:\/\/grandepremio.com\/br\/wp-json\/wp\/v2\/media?parent=14065"}],"wp:term":[{"taxonomy":"category","embeddable":true,"href":"https:\/\/grandepremio.com\/br\/wp-json\/wp\/v2\/categories?post=14065"},{"taxonomy":"post_tag","embeddable":true,"href":"https:\/\/grandepremio.com\/br\/wp-json\/wp\/v2\/tags?post=14065"},{"taxonomy":"42wp_author","embeddable":true,"href":"https:\/\/grandepremio.com\/br\/wp-json\/wp\/v2\/42wp_author?post=14065"}],"curies":[{"name":"wp","href":"https:\/\/api.w.org\/{rel}","templated":true}]}}