{"id":14074,"date":"2025-12-08T11:45:00","date_gmt":"2025-12-08T14:45:00","guid":{"rendered":"https:\/\/grandepremio.com\/br\/noticias\/f1-2026-calendario-saiba-quais-corridas-globo-transmite-tv-aberta\/"},"modified":"2025-12-08T12:58:28","modified_gmt":"2025-12-08T15:58:28","slug":"f1-2026-calendario-saiba-quais-corridas-globo-transmite-tv-aberta","status":"publish","type":"post","link":"https:\/\/grandepremio.com\/br\/f1\/f1-2026-calendario-saiba-quais-corridas-globo-transmite-tv-aberta\/","title":{"rendered":"Globo detalha escala e confirma quais corridas da F1 2026 ser\u00e3o transmitidas na TV aberta"},"content":{"rendered":"\n<p class=\"wp-block-paragraph\">Um dia depois do fim da temporada 2025, que consagrou <a href=\"https:\/\/www.grandepremio.com\/br\/f1\/noticias\/lando-norris-conquista-titulo-formula-1-2025-podio-gp-abu-dhabi-max-verstappen-vence\/\">Lando Norris como campe\u00e3o<\/a>, a <strong>Globo<\/strong>, divulgou nesta segunda-feira (8) mais detalhes sobre a cobertura do <strong>Mundial<\/strong> no ano que vem. A emissora, que volta a transmitir o Mundial, confirmou os 15 GPs que ser\u00e3o exibidos na TV aberta<\/p>\n\n\n\n<p class=\"wp-block-paragraph\">Em 2026, a Globo vai transmitir a <strong>F1 <\/strong>pela primeira vez desde 2020, ap\u00f3s fechar um novo acordo com o <strong>Liberty Media<\/strong> em julho. E, para esse primeiro ano do retorno, a TV aberta exibir\u00e1 os seguintes GPs: <\/p>\n\n\n\n<h2 class=\"wp-block-heading\" id=\"h-calendario-f1-2026-quais-corridas-a-globo-vai-transmitir\"><strong>Calend\u00e1rio F1 2026: quais corridas a Globo vai transmitir<\/strong><\/h2>\n\n\n\n<figure class=\"wp-block-table\"><table class=\"has-fixed-layout\"><tbody><tr><td>GP da Austr\u00e1lia<\/td><td>6 a 8 de mar\u00e7o<\/td><\/tr><tr><td>GP do Jap\u00e3o<\/td><td>27 a 29 de mar\u00e7o<\/td><\/tr><tr><td>GP de M\u00f4naco<\/td><td>5 a 7 de junho<\/td><\/tr><tr><td>GP da Catalunha<\/td><td>12 a 14 de junho<\/td><\/tr><tr><td>GP da \u00c1ustria<\/td><td>26 a 28 de junho<\/td><\/tr><tr><td>GP da Inglaterra<\/td><td>3 a 5 de julho<\/td><\/tr><tr><td>GP da B\u00e9lgica<\/td><td>17 a 19 de julho<\/td><\/tr><tr><td>GP da Hungria<\/td><td>24 a 26 de julho<\/td><\/tr><tr><td>GP dos Pa\u00edses Baixos<\/td><td>21 a 23 de agosto<\/td><\/tr><tr><td>GP da It\u00e1lia<\/td><td>4 a 6 de setembro<\/td><\/tr><tr><td>GP da Espanha<\/td><td>11 a 13 de setembro<\/td><\/tr><tr><td>GP do Azerbaij\u00e3o<\/td><td>25 a 27 de setembro<\/td><\/tr><tr><td>GP de Singapura<\/td><td>9 a 11 de outubro<\/td><\/tr><tr><td>GP de S\u00e3o Paulo<\/td><td>6 a 8 de novembro<\/td><\/tr><tr><td>GP de Las Vegas<\/td><td>19 a 21 de novembro<\/td><\/tr><tr><td>GP de Abu Dhabi<\/td><td>4 a 6 de dezembro<\/td><\/tr><\/tbody><\/table><\/figure>\n\n\n\n<p class=\"wp-block-paragraph\">Todas as 24 provas do calend\u00e1rio, incluindo as 15 que estar\u00e3o na tela da Globo, ter\u00e3o transmiss\u00e3o completa do SporTV. Ou seja, treinos livres, classifica\u00e7\u00f5es e as seis corridas sprint tamb\u00e9m est\u00e3o inclusos neste pacote da TV fechada, que conta tamb\u00e9m com exibi\u00e7\u00e3o simult\u00e2nea e integral na plataforma de streaming <strong>Globoplay<\/strong>. <\/p>\n\n\n\n<p class=\"wp-block-paragraph\">Somado a isso, a cobertura jornal\u00edstica da F1 nos canais Globo promete ser di\u00e1ria, com conte\u00fado distribu\u00eddo por toda a grade. Ao todo, ser\u00e3o mais de 100 mat\u00e9rias nos programas da Globo, incluindo o <strong>Jornal Nacional<\/strong>, e outras 176 no SporTV.<\/p>\n\n\n\n<p class=\"wp-block-paragraph\">Al\u00e9m disso, tamb\u00e9m garantiu a exibi\u00e7\u00e3o dos p\u00f3dios ao vivo no programa <strong>Esporte Espetacular<\/strong> e a cobertura de 100% da temporada nos canais pagos do <strong>SporTV<\/strong>.<\/p>\n\n\n\n<figure class=\"wp-block-image size-large\"><img decoding=\"async\" src=\"https:\/\/www.grandepremio.com\/br\/wp-content\/uploads\/2025\/06\/AFP__20250629__647Z3LT__v1__HighRes__AutoPrixF1Aut-1200x818.jpg\" alt=\"\" class=\"wp-image-987235\"\/><figcaption class=\"wp-element-caption\">F1 volta para a tela da Globo em 2026 (Foto: AFP)<\/figcaption><\/figure>\n\n\n\n<p class=\"wp-block-paragraph\">No come\u00e7o do m\u00eas, a Globo tamb\u00e9m confirmou o elenco de rep\u00f3rteres que estar\u00e3o presente nas corridas:&nbsp;<strong>Marcelo Courrege&nbsp;<\/strong>assume as provas na \u00c1sia e Oceania;&nbsp;<strong>Julia Guimar\u00e3es&nbsp;<\/strong>cobre as etapas europeias, enquanto&nbsp;<strong>Guilherme Pereira<\/strong>&nbsp;acompanhar\u00e1 os GPs na Am\u00e9rica do Norte.<\/p>\n\n\n\n<p class=\"wp-block-paragraph\">No dia 8 de mar\u00e7o, antes do <strong>GP da Austr\u00e1lia<\/strong>, que marca a abertura do campeonato, uma edi\u00e7\u00e3o especial do <strong>Altas Horas<\/strong> vai ao ar com convidados ligados ao automobilismo.<\/p>\n\n\n\n<h2 class=\"wp-block-heading\" id=\"h-calendario-f1-2026-quais-corridas-estarao-presentes-na-nova-temporada-da-formula-1\">Calend\u00e1rio F1 2026: quais corridas estar\u00e3o presentes na nova temporada da F\u00f3rmula 1<\/h2>\n\n\n\n<p class=\"wp-block-paragraph\">A\u00a0<strong><a href=\"https:\/\/www.grandepremio.com\/br\/f1\/\" target=\"_blank\" rel=\"noreferrer noopener\">F\u00f3rmula 1<\/a><\/strong>\u00a0e a\u00a0<strong>Federa\u00e7\u00e3o Internacional de Automobilismo (FIA)<\/strong>\u00a0divulgaram em junho o calend\u00e1rio da temporada de 2026. A categoria manteve os 24 eventos, mas realizou algumas mudan\u00e7as. A principal \u00e9 a sa\u00edda do\u00a0<strong>GP da Em\u00edlia-Romanha<\/strong>, em\u00a0<strong>\u00cdmola<\/strong>, para a entrada do\u00a0<strong>GP da Espanha, em Madri<\/strong>. Al\u00e9m disso, o\u00a0<strong>GP de M\u00f4naco<\/strong>\u00a0acontecer\u00e1 em junho, enquanto o\u00a0<strong>GP do Canad\u00e1<\/strong>\u00a0foi movido para maio, conflitando as datas com a<strong>\u00a0<a href=\"https:\/\/www.grandepremio.com\/formula-indy\/\" target=\"_blank\" rel=\"noreferrer noopener\">Indy<\/a>\u00a0500<\/strong>. O\u00a0<strong>GP de\u00a0<a href=\"https:\/\/www.grandepremio.com\/br\/circuito\/sao-paulo\/\" target=\"_blank\" rel=\"noreferrer noopener\">S\u00e3o Paulo<\/a><\/strong>\u00a0segue no calend\u00e1rio como a 21\u00aa etapa.<\/p>\n\n\n\n<p class=\"wp-block-paragraph\">Assim como em 2025, a temporada 2026 da&nbsp;<strong><a href=\"https:\/\/www.grandepremio.com\/br\/f1\/\" target=\"_blank\" rel=\"noreferrer noopener\">F1&nbsp;<\/a><\/strong>tem in\u00edcio em&nbsp;<strong><a href=\"https:\/\/www.grandepremio.com\/br\/circuito\/melbourne\/\" target=\"_blank\" rel=\"noreferrer noopener\">Melbourne<\/a><\/strong>, na&nbsp;<strong>Austr\u00e1lia<\/strong>, mas agora entre os dias 6 e 8 de mar\u00e7o. E a sequ\u00eancia de corridas segue praticamente a mesma, passando por&nbsp;<strong>China<\/strong>,&nbsp;<strong>Jap\u00e3o<\/strong>,&nbsp;<strong>Bahrein<\/strong>,<strong>&nbsp;Ar\u00e1bia Saudita<\/strong>&nbsp;e&nbsp;<strong><a href=\"https:\/\/www.grandepremio.com\/br\/circuito\/miami\/\" target=\"_blank\" rel=\"noreferrer noopener\">Miami<\/a><\/strong>. A primeira grande mudan\u00e7a acontece j\u00e1 na s\u00e9tima etapa, com o&nbsp;<strong>GP do Canad\u00e1<\/strong>.&nbsp;<\/p>\n\n\n\n<p class=\"wp-block-paragraph\">Veja como ficou o <strong><a href=\"https:\/\/www.grandepremio.com\/br\/f1\/noticias\/f1-divulga-calendario-temporada-2026-24-corridas-gp-de-sao-paulo\/\">calend\u00e1rio da F1 2026<\/a><\/strong>.<\/p>\n","protected":false},"excerpt":{"rendered":"<p>A Globo, que comprou os direitos de transmiss\u00e3o da F\u00f3rmula 1 para a temporada 2026, detalhou como ser\u00e1 a transmiss\u00e3o e quais provas ser\u00e3o exibidas na TV aberta<\/p>\n","protected":false},"author":0,"featured_media":1001041851,"comment_status":"closed","ping_status":"closed","sticky":false,"template":"","format":"standard","meta":{"42wp_featured_image_caption":"","42wp_featured_image_credits":"","42wp_featured_video":"","42wp_featured_image_hidden":false,"42wp_authors_list":[],"footnotes":""},"categories":[2],"tags":[1280,5660,969,147,3630,29516,642,160,180,3628,1224,1491,30103,28285,2007],"42wp_author":[47162],"class_list":["post-14074","post","type-post","status-publish","format-standard","has-post-thumbnail","hentry","category-f1","tag-band","tag-classificacao","tag-corrida","tag-f1","tag-f1-2025","tag-f1-2026","tag-f1-ao-vivo","tag-f1-tv","tag-formula-1","tag-formula-1-2025","tag-globo","tag-grande-premio","tag-grande-premio-f1","tag-grandepremio","tag-tv-globo","42wp_author-giovani-danjo"],"_links":{"self":[{"href":"https:\/\/grandepremio.com\/br\/wp-json\/wp\/v2\/posts\/14074","targetHints":{"allow":["GET"]}}],"collection":[{"href":"https:\/\/grandepremio.com\/br\/wp-json\/wp\/v2\/posts"}],"about":[{"href":"https:\/\/grandepremio.com\/br\/wp-json\/wp\/v2\/types\/post"}],"replies":[{"embeddable":true,"href":"https:\/\/grandepremio.com\/br\/wp-json\/wp\/v2\/comments?post=14074"}],"version-history":[{"count":0,"href":"https:\/\/grandepremio.com\/br\/wp-json\/wp\/v2\/posts\/14074\/revisions"}],"wp:featuredmedia":[{"embeddable":true,"href":"https:\/\/grandepremio.com\/br\/wp-json\/wp\/v2\/media\/1001041851"}],"wp:attachment":[{"href":"https:\/\/grandepremio.com\/br\/wp-json\/wp\/v2\/media?parent=14074"}],"wp:term":[{"taxonomy":"category","embeddable":true,"href":"https:\/\/grandepremio.com\/br\/wp-json\/wp\/v2\/categories?post=14074"},{"taxonomy":"post_tag","embeddable":true,"href":"https:\/\/grandepremio.com\/br\/wp-json\/wp\/v2\/tags?post=14074"},{"taxonomy":"42wp_author","embeddable":true,"href":"https:\/\/grandepremio.com\/br\/wp-json\/wp\/v2\/42wp_author?post=14074"}],"curies":[{"name":"wp","href":"https:\/\/api.w.org\/{rel}","templated":true}]}}