{"id":14114,"date":"2025-12-07T15:52:36","date_gmt":"2025-12-07T18:52:36","guid":{"rendered":"https:\/\/grandepremio.com\/br\/noticias\/nico-hulkenberg-comemora-9o-lugar-abu-dhabi-bom-jeito-despedir-sauber\/"},"modified":"2025-12-08T12:10:50","modified_gmt":"2025-12-08T15:10:50","slug":"nico-hulkenberg-comemora-9o-lugar-abu-dhabi-bom-jeito-despedir-sauber","status":"publish","type":"post","link":"https:\/\/grandepremio.com\/br\/f1\/nico-hulkenberg-comemora-9o-lugar-abu-dhabi-bom-jeito-despedir-sauber\/","title":{"rendered":"H\u00fclkenberg comemora 9\u00ba lugar em Abu Dhabi: &#8220;Bom jeito de se despedir da Sauber&#8221;"},"content":{"rendered":"\n<p class=\"wp-block-paragraph\"><strong>Nico H\u00fclkenberg<\/strong> deixa Abu Dhabi satisfeito por transformar a largada em 18\u00ba em um nono lugar consistente na prova que encerrou a temporada 2025 da F\u00f3rmula 1. O resultado rendeu dois pontos \u00e0 Sauber e marcou a despedida da equipe su\u00ed\u00e7a antes do in\u00edcio da nova fase sob a gest\u00e3o da Audi. O alem\u00e3o fez quest\u00e3o de destacar o sentimento especial de fechamento de ciclo.<\/p>\n\n\n\n<p class=\"wp-block-paragraph\">H\u00fclkenberg classificou 2025 como um ano positivo, destacando o avan\u00e7o t\u00e9cnico e operacional da equipe. A Sauber emplacou v\u00e1rios fins de semana fortes, consolidou competitividade e ainda viu <strong>Gabriel Bortoleto<\/strong> conseguir desempenhos s\u00f3lidos ao longo do ano.<\/p>\n\n\n\n<p class=\"wp-block-paragraph\">\u201cPontuar ap\u00f3s um s\u00e1bado decepcionante e saindo de P18 \u00e9 algo que me deixa muito, muito feliz. N\u00e3o \u00e9 f\u00e1cil avan\u00e7ar no pelot\u00e3o aqui, ainda mais quando o ritmo de corrida de todo mundo \u00e9 parecido. Ent\u00e3o, considerando tudo, estou muito contente com o nono lugar. \u00c9 um jeito muito bom de terminar a \u00faltima corrida da temporada\u201d, afirmou.<\/p>\n\n\n\n<p class=\"wp-block-paragraph\">\u201cFoi definitivamente uma boa temporada. Muitas coisas positivas aconteceram. Nos desenvolvemos, evolu\u00edmos, crescemos como equipe e tivemos alguns destaques positivos. \u00c9 tamb\u00e9m uma maneira legal de nos despedirmos da Sauber. Peter tem um legado enorme, est\u00e1 na ind\u00fastria h\u00e1 muito tempo, e tenho muito respeito pelo que ele construiu\u201d, seguiu.<\/p>\n\n\n\n<figure class=\"wp-block-image size-large\"><img decoding=\"async\" src=\"https:\/\/www.grandepremio.com\/br\/wp-content\/uploads\/2025\/12\/afp-abu-dhabi-2025-f1-treino-livre-sauber-nico-hulkenberg-01-1200x800.jpg\" alt=\"\" class=\"wp-image-1040913\"\/><figcaption class=\"wp-element-caption\">Nico H\u00fclkenberg avaliou positivamente a temporada da Sauber (Foto: AFP)<\/figcaption><\/figure>\n\n\n\n<p class=\"wp-block-paragraph\">Relembrando a temporada, H\u00fclkenberg destacou especialmente o p\u00f3dio que encerrou o jejum de mais de uma d\u00e9cada na carreira. Para finalizar, o alem\u00e3o de mostra empolgado pela chegada da Audi.<\/p>\n\n\n\n<p class=\"wp-block-paragraph\">\u201cO p\u00f3dio foi especial, algo que eu queria tirar do meu ombro h\u00e1 muito tempo. Fiquei muito feliz com isso. Tivemos outros \u00f3timos fins de semana, como em Barcelona, Budapeste, Monza e Austin. Tamb\u00e9m houve outros n\u00e3o muito bons, mas esse \u00e9 o desafio de uma temporada longa\u201d, analisou.<\/p>\n\n\n\n<p class=\"wp-block-paragraph\">\u201cNo geral, podemos ficar relativamente satisfeitos. Agora \u00e9 hora de digerir o que aconteceu, aproveitar as f\u00e9rias e nos prepararmos para o novo cap\u00edtulo que nos aguarda\u201d, concluiu.<\/p>\n\n\n\n<p class=\"wp-block-paragraph\">A&nbsp;<strong><a href=\"https:\/\/www.grandepremio.com\/br\/f1\/\" target=\"_blank\" rel=\"noreferrer noopener\"><\/a><a href=\"https:\/\/www.grandepremio.com\/br\/f1\/\" target=\"_blank\" rel=\"noreferrer noopener\">F\u00f3rmula 1<\/a>&nbsp;<\/strong>volta no dia 9 de dezembro com os testes coletivos da p\u00f3s-temporada, em&nbsp;<strong>Abu Dhabi<\/strong>.<\/p>\n\n\n\n<p class=\"wp-block-paragraph\">\u25b6\ufe0f&nbsp;<strong>Inscreva-se nos dois canais do GRANDE PR\u00caMIO no YouTube:&nbsp;<a href=\"https:\/\/www.youtube.com\/channel\/UC9OlHEgxoaY6QY6nWPoiqQg?sub_confirmation=1\" target=\"_blank\" rel=\"noreferrer noopener\">GP<\/a>&nbsp;|&nbsp;<a href=\"https:\/\/www.youtube.com\/channel\/UC9csiS6q_C3C0FYhyr1rnFA?sub_confirmation=1\" target=\"_blank\" rel=\"noreferrer noopener\">GP2<\/a><\/strong><\/p>\n\n\n\n<figure class=\"wp-block-embed is-type-video is-provider-youtube wp-block-embed-youtube wp-embed-aspect-16-9 wp-has-aspect-ratio\"><div class=\"wp-block-embed__wrapper\">\n<iframe loading=\"lazy\" title=\"VERSTAPPEN VENCE, MAS NORRIS \u00c9 CAMPE\u00c3O EM ABU DHABI: A CLASSIFICA\u00c7\u00c3O DA F1 [grande premio]\" width=\"500\" height=\"281\" src=\"https:\/\/www.youtube.com\/embed\/ERKbs2bDr88?feature=oembed\" frameborder=\"0\" allow=\"accelerometer; autoplay; clipboard-write; encrypted-media; gyroscope; picture-in-picture; web-share\" referrerpolicy=\"strict-origin-when-cross-origin\" allowfullscreen><\/iframe>\n<\/div><\/figure>\n","protected":false},"excerpt":{"rendered":"<p>Ap\u00f3s boa corrida de recupera\u00e7\u00e3o em Abu Dhabi, Nico H\u00fclkenberg elogiou temporada 2025 da Sauber, \u00faltima antes da chegada oficial da Audi<\/p>\n","protected":false},"author":0,"featured_media":1001041547,"comment_status":"closed","ping_status":"closed","sticky":false,"template":"","format":"standard","meta":{"42wp_featured_image_caption":"","42wp_featured_image_credits":"","42wp_featured_video":"","42wp_featured_image_hidden":false,"42wp_authors_list":[],"footnotes":""},"categories":[2],"tags":[26271,5273,147,3630,180,3628,25424,37274,1491,28285,30840,1521,35129,1197,42001,1901,42513,37255],"42wp_author":[47164],"class_list":["post-14114","post","type-post","status-publish","format-standard","has-post-thumbnail","hentry","category-f1","tag-calendario-f1","tag-classificacao-f1","tag-f1","tag-f1-2025","tag-formula-1","tag-formula-1-2025","tag-gp-de-abu-dhabi","tag-gp-de-abu-dhabi-f1","tag-grande-premio","tag-grandepremio","tag-horarios-f1","tag-nico-hulkenberg","tag-onde-assistir-f1","tag-sauber","tag-temporada-2025-f1","tag-yas-marina","tag-yas-marina-2025","tag-yas-marina-f1","42wp_author-marcos-gil-ribeiro"],"_links":{"self":[{"href":"https:\/\/grandepremio.com\/br\/wp-json\/wp\/v2\/posts\/14114","targetHints":{"allow":["GET"]}}],"collection":[{"href":"https:\/\/grandepremio.com\/br\/wp-json\/wp\/v2\/posts"}],"about":[{"href":"https:\/\/grandepremio.com\/br\/wp-json\/wp\/v2\/types\/post"}],"replies":[{"embeddable":true,"href":"https:\/\/grandepremio.com\/br\/wp-json\/wp\/v2\/comments?post=14114"}],"version-history":[{"count":0,"href":"https:\/\/grandepremio.com\/br\/wp-json\/wp\/v2\/posts\/14114\/revisions"}],"wp:featuredmedia":[{"embeddable":true,"href":"https:\/\/grandepremio.com\/br\/wp-json\/wp\/v2\/media\/1001041547"}],"wp:attachment":[{"href":"https:\/\/grandepremio.com\/br\/wp-json\/wp\/v2\/media?parent=14114"}],"wp:term":[{"taxonomy":"category","embeddable":true,"href":"https:\/\/grandepremio.com\/br\/wp-json\/wp\/v2\/categories?post=14114"},{"taxonomy":"post_tag","embeddable":true,"href":"https:\/\/grandepremio.com\/br\/wp-json\/wp\/v2\/tags?post=14114"},{"taxonomy":"42wp_author","embeddable":true,"href":"https:\/\/grandepremio.com\/br\/wp-json\/wp\/v2\/42wp_author?post=14114"}],"curies":[{"name":"wp","href":"https:\/\/api.w.org\/{rel}","templated":true}]}}