{"id":14131,"date":"2025-12-07T13:21:42","date_gmt":"2025-12-07T16:21:42","guid":{"rendered":"https:\/\/grandepremio.com\/br\/noticias\/engenheiro-conta-lando-norris-estava-mais-tranquilo-mclaren-gp-de-abu-dhabi\/"},"modified":"2025-12-08T12:11:12","modified_gmt":"2025-12-08T15:11:12","slug":"engenheiro-conta-lando-norris-estava-mais-tranquilo-mclaren-gp-de-abu-dhabi","status":"publish","type":"post","link":"https:\/\/grandepremio.com\/br\/f1\/engenheiro-conta-lando-norris-estava-mais-tranquilo-mclaren-gp-de-abu-dhabi\/","title":{"rendered":"Engenheiro conta que Norris &#8220;estava mais tranquilo que McLaren&#8221; em GP de Abu Dhabi"},"content":{"rendered":"\n<p class=\"wp-block-paragraph\"><strong>Lando Norris<\/strong><a href=\"https:\/\/www.grandepremio.com\/br\/f1\/noticias\/lando-norris-conquista-titulo-formula-1-2025-podio-gp-abu-dhabi-max-verstappen-vence\/\"> conquistou o t\u00edtulo da <strong>F\u00f3rmula 1<\/strong> 2025 no <strong>GP de Abu Dhabi<\/strong><\/a>, e ningu\u00e9m acompanhou t\u00e3o de perto cada detalhe da decis\u00e3o quanto <strong>Will Joseph<\/strong>, engenheiro de corrida do brit\u00e2nico. Ap\u00f3s a prova em <strong>Yas Marina<\/strong>, o respons\u00e1vel pelo r\u00e1dio do agora campe\u00e3o celebrou o resultado e destacou o n\u00edvel de prepara\u00e7\u00e3o da <strong>McLaren <\/strong>para enfrentar qualquer estrat\u00e9gia da Red Bull.<\/p>\n\n\n\n<p class=\"wp-block-paragraph\">Joseph contou que a v\u00e9spera da corrida foi de poucos minutos de descanso e muitas simula\u00e7\u00f5es sobre o que <strong>Max Verstappen<\/strong> poderia fazer para tentar virar o campeonato \u2014 desde poss\u00edvel reten\u00e7\u00e3o de pelot\u00e3o at\u00e9 ataques diretos sobre os carros papaias.<\/p>\n\n\n\n<p class=\"wp-block-paragraph\">\u201cN\u00e3o dormi muito. Passamos a noite discutindo possibilidades: &#8216;E se ele fizer isso, e se fizer aquilo&#8217;. Mas viemos muito bem preparados. Sempre fazemos isso, discutimos e analisamos tudo. Alguns acham que falamos demais no r\u00e1dio, mas \u00e9 porque nos preparamos bem. E valeu a pena. Fizemos hist\u00f3ria com Lando\u201d, disse.<\/p>\n\n\n\n<p class=\"wp-block-paragraph\">Joseph explicou que um dos cen\u00e1rios previstos se tornou realidade logo na primeira volta: <strong>Oscar Piastri<\/strong> tirou o segundo lugar de Norris e colocou press\u00e3o direta sobre Verstappen \u2014 fator que, segundo ele, tirou da <strong>Red Bull<\/strong> a chance de segurar o ritmo do pelot\u00e3o para prejudicar o l\u00edder do campeonato.<\/p>\n\n\n\n\n\n\n\n<p class=\"wp-block-paragraph\">\u201cColocar Oscar \u00e0 frente do Lando tirou deles grande parte da oportunidade de segurar o grupo. Estava tudo dentro do que discutimos. Com dois carros contra um, a corrida fica sob nosso controle. Eles at\u00e9 tinham outros carros espalhados pelo grid que poderiam ajudar, e vimos um pouco disso, mas cobrimos todas as bases.\u201d<\/p>\n\n\n\n<p class=\"wp-block-paragraph\">A parte mais tensa da corrida para a McLaren veio nas primeiras voltas, quando <strong>Charles Leclerc<\/strong> encostou e colocou press\u00e3o direta sobre Norris. O engenheiro confirmou que, naquele instante, a equipe ficou mais preocupada que o pr\u00f3prio brit\u00e2nico.<\/p>\n\n\n\n<p class=\"wp-block-paragraph\">\u201cLando parecia mais tranquilo que a gente. Sab\u00edamos quanto ritmo tinha guardado, mas teve um momento que dissemos: \u2018Basta, use o ritmo e se afaste dele\u2019. Estava nos estressando demais\u201d, finalizou.<\/p>\n\n\n\n<p class=\"wp-block-paragraph\">A&nbsp;<strong><a href=\"https:\/\/www.grandepremio.com\/br\/f1\/\" target=\"_blank\" rel=\"noreferrer noopener\"><\/a><a href=\"https:\/\/www.grandepremio.com\/br\/f1\/\" target=\"_blank\" rel=\"noreferrer noopener\">F\u00f3rmula 1<\/a>&nbsp;<\/strong>volta no dia 9 de dezembro com os testes coletivos da p\u00f3s-temporada, em&nbsp;<strong>Abu Dhabi<\/strong>.<\/p>\n\n\n\n<p class=\"wp-block-paragraph\">\u25b6\ufe0f&nbsp;<strong>Inscreva-se nos dois canais do GRANDE PR\u00caMIO no YouTube:&nbsp;<a href=\"https:\/\/www.youtube.com\/channel\/UC9OlHEgxoaY6QY6nWPoiqQg?sub_confirmation=1\" target=\"_blank\" rel=\"noreferrer noopener\">GP<\/a>&nbsp;|&nbsp;<a href=\"https:\/\/www.youtube.com\/channel\/UC9csiS6q_C3C0FYhyr1rnFA?sub_confirmation=1\" target=\"_blank\" rel=\"noreferrer noopener\">GP2<\/a><\/strong><\/p>\n\n\n\n<figure class=\"wp-block-embed is-type-video is-provider-youtube wp-block-embed-youtube wp-embed-aspect-16-9 wp-has-aspect-ratio\"><div class=\"wp-block-embed__wrapper\">\n<iframe loading=\"lazy\" title=\"VERSTAPPEN VENCE, MAS NORRIS \u00c9 CAMPE\u00c3O EM ABU DHABI: A CLASSIFICA\u00c7\u00c3O DA F1 [grande premio]\" width=\"500\" height=\"281\" src=\"https:\/\/www.youtube.com\/embed\/ERKbs2bDr88?feature=oembed\" frameborder=\"0\" allow=\"accelerometer; autoplay; clipboard-write; encrypted-media; gyroscope; picture-in-picture; web-share\" referrerpolicy=\"strict-origin-when-cross-origin\" allowfullscreen><\/iframe>\n<\/div><\/figure>\n","protected":false},"excerpt":{"rendered":"<p>Will Joseph, engenheiro de Lando Norris, detalhou madrugada de an\u00e1lises e revelou que McLaren ficou mais tensa que campe\u00e3o no in\u00edcio da corrida<\/p>\n","protected":false},"author":0,"featured_media":1001041955,"comment_status":"closed","ping_status":"closed","sticky":false,"template":"","format":"standard","meta":{"42wp_featured_image_caption":"","42wp_featured_image_credits":"","42wp_featured_video":"","42wp_featured_image_hidden":false,"42wp_authors_list":[],"footnotes":""},"categories":[2],"tags":[26271,209,5273,147,3630,180,3628,25424,37274,1491,28285,30840,547,35129,42001,1901,42513,37255],"42wp_author":[47164],"class_list":["post-14131","post","type-post","status-publish","format-standard","has-post-thumbnail","hentry","category-f1","tag-calendario-f1","tag-charles-leclerc","tag-classificacao-f1","tag-f1","tag-f1-2025","tag-formula-1","tag-formula-1-2025","tag-gp-de-abu-dhabi","tag-gp-de-abu-dhabi-f1","tag-grande-premio","tag-grandepremio","tag-horarios-f1","tag-lando-norris","tag-onde-assistir-f1","tag-temporada-2025-f1","tag-yas-marina","tag-yas-marina-2025","tag-yas-marina-f1","42wp_author-marcos-gil-ribeiro"],"_links":{"self":[{"href":"https:\/\/grandepremio.com\/br\/wp-json\/wp\/v2\/posts\/14131","targetHints":{"allow":["GET"]}}],"collection":[{"href":"https:\/\/grandepremio.com\/br\/wp-json\/wp\/v2\/posts"}],"about":[{"href":"https:\/\/grandepremio.com\/br\/wp-json\/wp\/v2\/types\/post"}],"replies":[{"embeddable":true,"href":"https:\/\/grandepremio.com\/br\/wp-json\/wp\/v2\/comments?post=14131"}],"version-history":[{"count":0,"href":"https:\/\/grandepremio.com\/br\/wp-json\/wp\/v2\/posts\/14131\/revisions"}],"wp:featuredmedia":[{"embeddable":true,"href":"https:\/\/grandepremio.com\/br\/wp-json\/wp\/v2\/media\/1001041955"}],"wp:attachment":[{"href":"https:\/\/grandepremio.com\/br\/wp-json\/wp\/v2\/media?parent=14131"}],"wp:term":[{"taxonomy":"category","embeddable":true,"href":"https:\/\/grandepremio.com\/br\/wp-json\/wp\/v2\/categories?post=14131"},{"taxonomy":"post_tag","embeddable":true,"href":"https:\/\/grandepremio.com\/br\/wp-json\/wp\/v2\/tags?post=14131"},{"taxonomy":"42wp_author","embeddable":true,"href":"https:\/\/grandepremio.com\/br\/wp-json\/wp\/v2\/42wp_author?post=14131"}],"curies":[{"name":"wp","href":"https:\/\/api.w.org\/{rel}","templated":true}]}}