{"id":14136,"date":"2025-12-07T12:42:28","date_gmt":"2025-12-07T15:42:28","guid":{"rendered":"https:\/\/grandepremio.com\/br\/noticias\/ceo-mclaren-festeja-titulo-lando-norris-diz-estar-incrivelmente-orgulhoso-equipe\/"},"modified":"2025-12-07T12:46:42","modified_gmt":"2025-12-07T15:46:42","slug":"ceo-mclaren-festeja-titulo-lando-norris-diz-estar-incrivelmente-orgulhoso-equipe","status":"publish","type":"post","link":"https:\/\/grandepremio.com\/br\/f1\/ceo-mclaren-festeja-titulo-lando-norris-diz-estar-incrivelmente-orgulhoso-equipe\/","title":{"rendered":"CEO da McLaren festeja t\u00edtulo de Norris e diz estar &#8220;incrivelmente orgulhoso da equipe&#8221;"},"content":{"rendered":"\n<p class=\"wp-block-paragraph\"><strong>Lando Norris<\/strong> fez o que precisava, terminou o<strong> GP de Abu Dhabi<\/strong> <a href=\"https:\/\/www.grandepremio.com\/br\/f1\/noticias\/lando-norris-conquista-titulo-formula-1-2025-podio-gp-abu-dhabi-max-verstappen-vence\/\">deste domingo (7)<\/a> na terceira coloca\u00e7\u00e3o e conquistou o t\u00edtulo da temporada 2025 da<strong> F\u00f3rmula 1<\/strong>, o primeiro da carreira. <strong>Zak Brown<\/strong>, <strong>CEO da McLaren<\/strong>, rasgou a equipe de elogios, disse que estava muito orgulhoso e ressaltou que mesmo deixando ambos os pilotos brigando, conseguiram levantar a ta\u00e7a do <strong>Mundial de Pilotos <\/strong>e tamb\u00e9m o de<strong> Construtores<\/strong>.<\/p>\n\n\n\n<p class=\"wp-block-paragraph\">Apesar de se atrapalhar com ordens de equipe ao longo do ano, a McLaren conseguiu levar a melhor em ambos os campeonatos. At\u00e9 mesmo na \u00faltima corrida, <strong>Oscar Piastri <\/strong>e Norris estavam liberados para duelar \u2014 <a href=\"https:\/\/www.grandepremio.com\/br\/video\/f1\/oscar-piastri-isola-jogo-equipe-ultrapassa-lando-norris-fora-gp-de-abu-dhabi\/\">o australiano superou o companheiro de equipe logo na primeira volta<\/a>.<\/p>\n\n\n\n<p class=\"wp-block-paragraph\">&#8220;Estou incrivelmente orgulhoso da equipe e dos nossos dois pilotos. Deixamos que eles corressem um contra o outro at\u00e9 o final. A maioria das pessoas achava que isso seria imposs\u00edvel. Ter esses dois no time \u00e9 um sonho&#8221;, declarou Brown \u00e0 <em>Sky Sports<\/em>.<\/p>\n\n\n\n<p class=\"wp-block-paragraph\">&#8220;Oscar e Lando foram incr\u00edveis o ano todo. N\u00e3o foi f\u00e1cil. \u00c9 bem dif\u00edcil de vencer <strong>Max [Verstappen]<\/strong>, ent\u00e3o \u00e9 uma grande conquista. Foi muito merecido. Mal posso esperar para voltar \u00e0 f\u00e1brica e comemorar com toda a equipe!&#8221;, enalteceu.<\/p>\n\n\n\n<figure class=\"wp-block-image size-large\"><img decoding=\"async\" src=\"https:\/\/www.grandepremio.com\/br\/wp-content\/uploads\/2025\/12\/abu-dhabi-2025-f1-corrida-mclaren-lando-norris-06-1200x800.jpg\" alt=\"\" class=\"wp-image-1041995\"\/><figcaption class=\"wp-element-caption\">Lando Norris emocionado fora do carro ap\u00f3s conquistar o primeiro t\u00edtulo da carreira (Foto: F1)<\/figcaption><\/figure>\n\n\n\n<p class=\"wp-block-paragraph\">&#8220;Para n\u00f3s, \u00e9 a maneira certa de competir. Temos dois pilotos incr\u00edveis. Foi a mesma coisa que <strong>Nico [Rosberg]<\/strong> e<strong> Lewis [Hamilton]<\/strong> fizeram [na <strong>Mercedes<\/strong>], tudo se resumiu \u00e0 \u00faltima corrida. Estou muito orgulhoso de todos pela conduta \u2013 o trabalho em equipe, os altos e baixos e como lidamos com os momentos dif\u00edceis&#8221;, avaliou.<\/p>\n\n\n\n<p class=\"wp-block-paragraph\">&#8220;Tanto tivemos momentos de alegria quanto momentos aterrorizantes no final&#8221;, reconheceu o CEO da McLaren, que tamb\u00e9m aproveitou para elogiar Piastri individualmente.<\/p>\n\n\n\n<p class=\"wp-block-paragraph\">&#8220;Ele \u00e9 um futuro campe\u00e3o mundial. Cada um dos nossos pilotos venceu sete corridas, pilotaram brilhantemente e se apoiaram mutuamente. \u00c9 um esporte cruel, \u00e0s vezes as coisas d\u00e3o certo, \u00e0s vezes n\u00e3o. Estou animado para correr com ambos no ano que vem&#8221;, completou Zak.<\/p>\n\n\n\n<p class=\"wp-block-paragraph\">A&nbsp;<strong><a href=\"https:\/\/www.grandepremio.com\/br\/f1\/\" target=\"_blank\" rel=\"noreferrer noopener\">F\u00f3rmula 1<\/a>&nbsp;<\/strong>volta no dia 9 de dezembro com os testes coletivos da pr\u00e9-temporada, em&nbsp;<strong>Abu Dhabi<\/strong>.<\/p>\n\n\n\n<p class=\"wp-block-paragraph\">\u25b6\ufe0f&nbsp;<strong>Inscreva-se nos dois canais do GRANDE PR\u00caMIO no YouTube:&nbsp;<a href=\"https:\/\/www.youtube.com\/channel\/UC9OlHEgxoaY6QY6nWPoiqQg?sub_confirmation=1\" target=\"_blank\" rel=\"noreferrer noopener\">GP<\/a>&nbsp;|&nbsp;<a href=\"https:\/\/www.youtube.com\/channel\/UC9csiS6q_C3C0FYhyr1rnFA?sub_confirmation=1\" target=\"_blank\" rel=\"noreferrer noopener\">GP2<\/a><\/strong><\/p>\n\n\n\n<figure class=\"wp-block-embed is-type-video is-provider-youtube wp-block-embed-youtube wp-embed-aspect-16-9 wp-has-aspect-ratio\"><div class=\"wp-block-embed__wrapper\">\n<iframe loading=\"lazy\" title=\"VERSTAPPEN VENCE, MAS NORRIS \u00c9 CAMPE\u00c3O EM ABU DHABI: A CLASSIFICA\u00c7\u00c3O DA F1 [grande premio]\" width=\"500\" height=\"281\" src=\"https:\/\/www.youtube.com\/embed\/ERKbs2bDr88?feature=oembed\" frameborder=\"0\" allow=\"accelerometer; autoplay; clipboard-write; encrypted-media; gyroscope; picture-in-picture; web-share\" referrerpolicy=\"strict-origin-when-cross-origin\" allowfullscreen><\/iframe>\n<\/div><\/figure>\n","protected":false},"excerpt":{"rendered":"<p>CEO da McLaren, Zak Brown celebrou o primeiro t\u00edtulo de Lando Norris na F1 e disse estar &#8220;incrivelmente orgulhoso da equipe&#8221;. O estadunidense tamb\u00e9m destacou o fato de vencerem ambos os campeonatos liberando os pilotos para disputarem um com o outro<\/p>\n","protected":false},"author":0,"featured_media":1001001773,"comment_status":"closed","ping_status":"closed","sticky":false,"template":"","format":"standard","meta":{"42wp_featured_image_caption":"","42wp_featured_image_credits":"","42wp_featured_video":"","42wp_featured_image_hidden":false,"42wp_authors_list":[],"footnotes":""},"categories":[2],"tags":[26271,5273,147,3630,180,3628,25424,37274,1491,28285,30840,547,90,35129,2916,42001,1901,42513,37255,580],"42wp_author":[47163],"class_list":["post-14136","post","type-post","status-publish","format-standard","has-post-thumbnail","hentry","category-f1","tag-calendario-f1","tag-classificacao-f1","tag-f1","tag-f1-2025","tag-formula-1","tag-formula-1-2025","tag-gp-de-abu-dhabi","tag-gp-de-abu-dhabi-f1","tag-grande-premio","tag-grandepremio","tag-horarios-f1","tag-lando-norris","tag-mclaren","tag-onde-assistir-f1","tag-oscar-piastri","tag-temporada-2025-f1","tag-yas-marina","tag-yas-marina-2025","tag-yas-marina-f1","tag-zak-brown","42wp_author-caio-cavalcante"],"_links":{"self":[{"href":"https:\/\/grandepremio.com\/br\/wp-json\/wp\/v2\/posts\/14136","targetHints":{"allow":["GET"]}}],"collection":[{"href":"https:\/\/grandepremio.com\/br\/wp-json\/wp\/v2\/posts"}],"about":[{"href":"https:\/\/grandepremio.com\/br\/wp-json\/wp\/v2\/types\/post"}],"replies":[{"embeddable":true,"href":"https:\/\/grandepremio.com\/br\/wp-json\/wp\/v2\/comments?post=14136"}],"version-history":[{"count":0,"href":"https:\/\/grandepremio.com\/br\/wp-json\/wp\/v2\/posts\/14136\/revisions"}],"wp:featuredmedia":[{"embeddable":true,"href":"https:\/\/grandepremio.com\/br\/wp-json\/wp\/v2\/media\/1001001773"}],"wp:attachment":[{"href":"https:\/\/grandepremio.com\/br\/wp-json\/wp\/v2\/media?parent=14136"}],"wp:term":[{"taxonomy":"category","embeddable":true,"href":"https:\/\/grandepremio.com\/br\/wp-json\/wp\/v2\/categories?post=14136"},{"taxonomy":"post_tag","embeddable":true,"href":"https:\/\/grandepremio.com\/br\/wp-json\/wp\/v2\/tags?post=14136"},{"taxonomy":"42wp_author","embeddable":true,"href":"https:\/\/grandepremio.com\/br\/wp-json\/wp\/v2\/42wp_author?post=14136"}],"curies":[{"name":"wp","href":"https:\/\/api.w.org\/{rel}","templated":true}]}}