{"id":14152,"date":"2025-12-07T08:59:07","date_gmt":"2025-12-07T11:59:07","guid":{"rendered":"https:\/\/grandepremio.com\/br\/noticias\/mclaren-minimiza-taticas-max-verstappen-espera-disputa-limpa-justa-abu-dhabi\/"},"modified":"2025-12-07T09:01:38","modified_gmt":"2025-12-07T12:01:38","slug":"mclaren-minimiza-taticas-max-verstappen-espera-disputa-limpa-justa-abu-dhabi","status":"publish","type":"post","link":"https:\/\/grandepremio.com\/br\/f1\/mclaren-minimiza-taticas-max-verstappen-espera-disputa-limpa-justa-abu-dhabi\/","title":{"rendered":"McLaren minimiza t\u00e1ticas de Verstappen e espera &#8220;disputa limpa e justa&#8221; em Abu Dhabi"},"content":{"rendered":"\n<p class=\"wp-block-paragraph\"><a href=\"https:\/\/www.grandepremio.com\/br\/f1\/noticias\/max-verstappen-acha-volta-magica-crava-pole-gp-abu-dhabi-lando-norris-2o-gabriel-bortoleto-7o\/\">Apesar de cravar a pole-position<\/a> para o <strong>GP de Abu Dhabi<\/strong>, <strong>Max Verstappen<\/strong> ainda precisa que<strong> Lando Norris<\/strong> termine fora do p\u00f3dio para ser campe\u00e3o da temporada 2025 da <strong>F\u00f3rmula 1<\/strong>. <strong>Andrea Stella<\/strong>, chefe da <strong>McLaren<\/strong>, disse que n\u00e3o est\u00e1 muito preocupado com as t\u00e1ticas que o tetracampe\u00e3o pode usar \u2014 como reduzir o ritmo de prop\u00f3sito \u2014 e espera que a disputa aconte\u00e7a de forma limpa e justa.<\/p>\n\n\n\n<p class=\"wp-block-paragraph\">Como Norris larga na segunda posi\u00e7\u00e3o, existe a possibilidade de Verstappen repetir a estrat\u00e9gia de <strong>Lewis Hamilton <\/strong>contra <strong>Nico Rosberg <\/strong>em 2016: segurar o ritmo para o restante do pelot\u00e3o se aproximar e tentar ultrapassar o rival.<\/p>\n\n\n\n<p class=\"wp-block-paragraph\">No entanto, desde que Hamilton usou essa t\u00e1tica \u2014 que n\u00e3o funcionou, j\u00e1 que <strong>Sebastian Vettel<\/strong> e o pr\u00f3prio Max n\u00e3o superaram Rosberg \u2014, a pista passou por mudan\u00e7as para facilitar as ultrapassagens. Stella acredita que se o piloto da <strong>Red Bull<\/strong> tentar repetir essa estrat\u00e9gia, pode correr o risco de ser ultrapassado por Norris e <strong>Oscar Piastri<\/strong>.<\/p>\n\n\n\n<p class=\"wp-block-paragraph\">&#8220;Acho que \u00e9 uma vantagem, temos mais op\u00e7\u00f5es de estrat\u00e9gias se ele diminuir muito o ritmo, e tamb\u00e9m pode ficar suscet\u00edvel ao undercut&#8221;, analisou o chefe da McLaren.<\/p>\n\n\n\n<figure class=\"wp-block-image size-large\"><img decoding=\"async\" src=\"https:\/\/www.grandepremio.com\/br\/wp-content\/uploads\/2025\/11\/2245527596-1200x800.jpg\" alt=\"\" class=\"wp-image-1033165\"\/><figcaption class=\"wp-element-caption\">Andrea Stella disse que n\u00e3o est\u00e1 muito preocupado com t\u00e1ticas de Max Verstappen (Foto: McLaren)<\/figcaption><\/figure>\n\n\n\n<p class=\"wp-block-paragraph\">&#8220;Voc\u00ea pode se expor ao risco de ser ultrapassado, ent\u00e3o \u00e9 definitivamente bom que estejamos pr\u00f3ximos com dois carros. Essa \u00e9 a posi\u00e7\u00e3o que eu adotaria, em vez de deixar os pilotos separados na pista&#8221;, apontou.<\/p>\n\n\n\n<p class=\"wp-block-paragraph\">Em rela\u00e7\u00e3o \u00e0 largada, o dirigente espera que Norris seja mais cauteloso, j\u00e1 que vai largar do lado sujo da pista, enquanto Verstappen e Piastri largam do lado limpo, al\u00e9m de terem uma tang\u00eancia melhor para a primeira curva.<\/p>\n\n\n\n<p class=\"wp-block-paragraph\">&#8220;Do ponto de vista de Lando, considerando a parte interna da curva 1 em Abu Dhabi, acho que seria relativamente prudente, j\u00e1 que \u00e9 uma daquelas curvas em que, por dentro, n\u00e3o se consegue necessariamente uma sa\u00edda melhor e o carro por fora pode se aproximar&#8221;, avaliou.<\/p>\n\n\n\n<p class=\"wp-block-paragraph\">&#8220;Portanto, acho que haver\u00e1 alguma prud\u00eancia, que \u00e9 o que eu recomendaria, mas Norris certamente est\u00e1 em uma posi\u00e7\u00e3o muito forte&#8221;, ressaltou.<\/p>\n\n\n\n<figure class=\"wp-block-image size-full\"><img decoding=\"async\" src=\"https:\/\/www.grandepremio.com\/br\/wp-content\/uploads\/2025\/12\/abu-dhabi-2025-f1-classificacao-red-bull-racing-mclaren-max-verstappen-lando-norris-oscar-piastri-01.jpeg\" alt=\"\" class=\"wp-image-1041507\"\/><figcaption class=\"wp-element-caption\">Lando Norris, Max Verstappen e Oscar Piastri (Foto: Red Bull Racing)<\/figcaption><\/figure>\n\n\n\n<p class=\"wp-block-paragraph\">&#8220;Em rela\u00e7\u00e3o \u00e0s op\u00e7\u00f5es que Max pode tentar usar, sinceramente, n\u00e3o estou muito preocupado. Acho que veremos algumas disputas interessantes, mas tenho certeza de que tudo acontecer\u00e1 dentro dos limites do esp\u00edrito esportivo e de forma justa&#8221;, completou o chefe da McLaren.<\/p>\n\n\n\n<p class=\"wp-block-paragraph\">O&nbsp;<strong>GRANDE PR\u00caMIO<\/strong>&nbsp;acompanha todas as atividades<a href=\"https:\/\/www.grandepremio.com\/br\/ao-vivo\/f1\/\">&nbsp;<strong>AO VIVO E EM&nbsp;<\/strong><\/a><strong><a href=\"https:\/\/www.grandepremio.com\/br\/ao-vivo\/\" target=\"_blank\" rel=\"noreferrer noopener\">TEMPO REAL<\/a><\/strong>,&nbsp;<a href=\"https:\/\/www.youtube.com\/@GrandePremio1\/streams\">al\u00e9m de classifica\u00e7\u00e3o e corrida em&nbsp;<strong>SEGUNDA TELA&nbsp;<\/strong>no YouTube<\/a>, em parceria com a&nbsp;<strong>Voz do Esporte<\/strong>. O&nbsp;<strong>Briefing&nbsp;<\/strong>chega para analisar ap\u00f3s o fim de cada dia de atividades nas redes sociais e na&nbsp;<strong>GPTV<\/strong>.<\/p>\n\n\n\n<p class=\"wp-block-paragraph\">Al\u00e9m da cobertura tradicional, o<strong>&nbsp;GRANDE PR\u00caMIO<\/strong>&nbsp;estar\u00e1&nbsp;<strong>IN LOCO<\/strong>&nbsp;em&nbsp;<strong><a href=\"https:\/\/www.grandepremio.com\/br\/circuito\/yas-marina\/\" target=\"_blank\" rel=\"noreferrer noopener\"><\/a><a href=\"https:\/\/www.grandepremio.com\/br\/circuito\/yas-marina\/\" target=\"_blank\" rel=\"noreferrer noopener\"><\/a><a href=\"https:\/\/www.grandepremio.com\/br\/circuito\/yas-marina\/\" target=\"_blank\" rel=\"noreferrer noopener\"><\/a><a href=\"https:\/\/www.grandepremio.com\/br\/circuito\/yas-marina\/\" target=\"_blank\" rel=\"noreferrer noopener\"><\/a><a href=\"https:\/\/www.grandepremio.com\/br\/circuito\/yas-marina\/\" target=\"_blank\" rel=\"noreferrer noopener\"><\/a><a href=\"https:\/\/www.grandepremio.com\/br\/circuito\/yas-marina\/\" target=\"_blank\" rel=\"noreferrer noopener\"><\/a><a href=\"https:\/\/www.grandepremio.com\/br\/circuito\/yas-marina\/\" target=\"_blank\" rel=\"noreferrer noopener\"><\/a><a href=\"https:\/\/www.grandepremio.com\/br\/circuito\/yas-marina\/\" target=\"_blank\" rel=\"noreferrer noopener\"><\/a><a href=\"https:\/\/www.grandepremio.com\/br\/circuito\/yas-marina\/\" target=\"_blank\" rel=\"noreferrer noopener\"><\/a><a href=\"https:\/\/www.grandepremio.com\/br\/circuito\/yas-marina\/\" target=\"_blank\" rel=\"noreferrer noopener\"><\/a><a href=\"https:\/\/www.grandepremio.com\/br\/circuito\/yas-marina\/\" target=\"_blank\" rel=\"noreferrer noopener\"><\/a><a href=\"https:\/\/www.grandepremio.com\/br\/circuito\/yas-marina\/\" target=\"_blank\" rel=\"noreferrer noopener\"><\/a><a href=\"https:\/\/www.grandepremio.com\/br\/circuito\/yas-marina\/\" target=\"_blank\" rel=\"noreferrer noopener\"><\/a><a href=\"https:\/\/www.grandepremio.com\/br\/circuito\/yas-marina\/\" target=\"_blank\" rel=\"noreferrer noopener\"><\/a><a href=\"https:\/\/www.grandepremio.com\/br\/circuito\/yas-marina\/\" target=\"_blank\" rel=\"noreferrer noopener\"><\/a><a href=\"https:\/\/www.grandepremio.com\/br\/circuito\/yas-marina\/\" target=\"_blank\" rel=\"noreferrer noopener\"><\/a><a href=\"https:\/\/www.grandepremio.com\/br\/circuito\/yas-marina\/\" target=\"_blank\" rel=\"noreferrer noopener\"><\/a><a href=\"https:\/\/www.grandepremio.com\/br\/circuito\/yas-marina\/\" target=\"_blank\" rel=\"noreferrer noopener\"><\/a><a href=\"https:\/\/www.grandepremio.com\/br\/circuito\/yas-marina\/\" target=\"_blank\" rel=\"noreferrer noopener\"><\/a><a href=\"https:\/\/www.grandepremio.com\/br\/circuito\/yas-marina\/\" target=\"_blank\" rel=\"noreferrer noopener\"><\/a><a href=\"https:\/\/www.grandepremio.com\/br\/circuito\/yas-marina\/\" target=\"_blank\" rel=\"noreferrer noopener\">Yas Marina<\/a><\/strong>&nbsp;para acompanhar todas as emo\u00e7\u00f5es da etapa com o rep\u00f3rter&nbsp;<strong>Leonid Kliuev<\/strong>.<\/p>\n\n\n\n<p class=\"wp-block-paragraph\"><strong>GP de Abu Dhabi de F1: veja os hor\u00e1rios em Brasil, Cabo Verde,&nbsp;<a href=\"https:\/\/grandepremio.pt\/\" target=\"_blank\" rel=\"noreferrer noopener\">Portugal<\/a>, Angola e Mo\u00e7ambique:<\/strong><\/p>\n\n\n\n<figure class=\"wp-block-table\"><table class=\"has-fixed-layout\"><tbody><tr><td><strong>Sess\u00e3o<\/strong><\/td><td><strong>BRA*<\/strong><\/td><td><strong>CBV<\/strong><\/td><td><strong>POR<\/strong><br><strong>ANG<\/strong><\/td><td><strong>MOZ<\/strong><\/td><\/tr><tr><td>Corrida<\/td><td>10:00<\/td><td>12:00<\/td><td>14:30<\/td><td>15:00<\/td><\/tr><\/tbody><\/table><\/figure>\n\n\n\n<p class=\"wp-block-paragraph\"><em>*Hor\u00e1rio de Bras\u00edlia<\/em><\/p>\n\n\n\n<p class=\"wp-block-paragraph\"><strong>\u25b6\ufe0f<\/strong>&nbsp;<strong>F1: faltam quantas corridas?&nbsp;<a href=\"https:\/\/www.grandepremio.com\/br\/f1\/calendario\/\" target=\"_blank\" rel=\"noreferrer noopener\">Veja o calend\u00e1rio da F1<\/a><\/strong><br>\u25b6\ufe0f&nbsp;<strong>Inscreva-se nos dois canais do GRANDE PR\u00caMIO no YouTube:&nbsp;<a href=\"https:\/\/www.youtube.com\/channel\/UC9OlHEgxoaY6QY6nWPoiqQg?sub_confirmation=1\" target=\"_blank\" rel=\"noreferrer noopener\">GP<\/a>&nbsp;|&nbsp;<a href=\"https:\/\/www.youtube.com\/channel\/UC9csiS6q_C3C0FYhyr1rnFA?sub_confirmation=1\" target=\"_blank\" rel=\"noreferrer noopener\">GP2<\/a><\/strong><\/p>\n","protected":false},"excerpt":{"rendered":"<p>Chefe da McLaren, Andrea Stella minimizou as poss\u00edveis t\u00e1ticas de Max Verstappen no GP de Abu Dhabi e afirmou que espera que a disputa seja limpa e dentro dos limites do esp\u00edrito esportivo<\/p>\n","protected":false},"author":0,"featured_media":1001036745,"comment_status":"closed","ping_status":"closed","sticky":false,"template":"","format":"standard","meta":{"42wp_featured_image_caption":"","42wp_featured_image_credits":"","42wp_featured_video":"","42wp_featured_image_hidden":false,"42wp_authors_list":[],"footnotes":""},"categories":[2],"tags":[7094,26271,5273,147,3630,180,3628,25424,37274,1491,28285,30840,547,203,90,35129,2916,204,42001,1901,42513,37255],"42wp_author":[47163],"class_list":["post-14152","post","type-post","status-publish","format-standard","has-post-thumbnail","hentry","category-f1","tag-andrea-stella","tag-calendario-f1","tag-classificacao-f1","tag-f1","tag-f1-2025","tag-formula-1","tag-formula-1-2025","tag-gp-de-abu-dhabi","tag-gp-de-abu-dhabi-f1","tag-grande-premio","tag-grandepremio","tag-horarios-f1","tag-lando-norris","tag-max-verstappen","tag-mclaren","tag-onde-assistir-f1","tag-oscar-piastri","tag-red-bull","tag-temporada-2025-f1","tag-yas-marina","tag-yas-marina-2025","tag-yas-marina-f1","42wp_author-caio-cavalcante"],"_links":{"self":[{"href":"https:\/\/grandepremio.com\/br\/wp-json\/wp\/v2\/posts\/14152","targetHints":{"allow":["GET"]}}],"collection":[{"href":"https:\/\/grandepremio.com\/br\/wp-json\/wp\/v2\/posts"}],"about":[{"href":"https:\/\/grandepremio.com\/br\/wp-json\/wp\/v2\/types\/post"}],"replies":[{"embeddable":true,"href":"https:\/\/grandepremio.com\/br\/wp-json\/wp\/v2\/comments?post=14152"}],"version-history":[{"count":0,"href":"https:\/\/grandepremio.com\/br\/wp-json\/wp\/v2\/posts\/14152\/revisions"}],"wp:featuredmedia":[{"embeddable":true,"href":"https:\/\/grandepremio.com\/br\/wp-json\/wp\/v2\/media\/1001036745"}],"wp:attachment":[{"href":"https:\/\/grandepremio.com\/br\/wp-json\/wp\/v2\/media?parent=14152"}],"wp:term":[{"taxonomy":"category","embeddable":true,"href":"https:\/\/grandepremio.com\/br\/wp-json\/wp\/v2\/categories?post=14152"},{"taxonomy":"post_tag","embeddable":true,"href":"https:\/\/grandepremio.com\/br\/wp-json\/wp\/v2\/tags?post=14152"},{"taxonomy":"42wp_author","embeddable":true,"href":"https:\/\/grandepremio.com\/br\/wp-json\/wp\/v2\/42wp_author?post=14152"}],"curies":[{"name":"wp","href":"https:\/\/api.w.org\/{rel}","templated":true}]}}