{"id":14153,"date":"2025-12-07T08:04:21","date_gmt":"2025-12-07T11:04:21","guid":{"rendered":"https:\/\/grandepremio.com\/br\/noticias\/formula-1-decide-titulo-temporada-2025-noite-quente-domingo-abu-dhabi\/"},"modified":"2025-12-07T11:51:14","modified_gmt":"2025-12-07T14:51:14","slug":"formula-1-decide-titulo-temporada-2025-noite-quente-domingo-abu-dhabi","status":"publish","type":"post","link":"https:\/\/grandepremio.com\/br\/f1\/formula-1-decide-titulo-temporada-2025-noite-quente-domingo-abu-dhabi\/","title":{"rendered":"F\u00f3rmula 1 decide t\u00edtulo da temporada 2025 em noite quente de domingo em Abu Dhabi"},"content":{"rendered":"\n<p class=\"wp-block-paragraph\">A<strong> F\u00f3rmula 1<\/strong> est\u00e1 muito perto de conhecer <a href=\"https:\/\/www.grandepremio.com\/br\/f1\/noticias\/max-verstappen-brilha-atormenta-mclaren-abu-dhabi-lando-norris-tem-dosar-cautela\/\">quem ser\u00e1 o campe\u00e3o<\/a> da<strong> temporada 2025<\/strong>, e os pilotos ter\u00e3o pela frente mais um dia de calor, umidade alta e sem probabilidade de chuva em<strong> Abu Dhabi<\/strong>. Confira a previs\u00e3o completa para a corrida em<strong> Yas Marina<\/strong>.<\/p>\n\n\n\n<p class=\"wp-block-paragraph\">A largada est\u00e1 programada para as 17h locais (<strong>10h <\/strong>em Bras\u00edlia, GMT-3), hor\u00e1rio que torna o <strong>GP de Abu Dhabi <\/strong>\u00fanico por come\u00e7ar exatamente ao entardecer. Neste momento, a previs\u00e3o indica term\u00f4metros em 27\u00b0C, com sensa\u00e7\u00e3o t\u00e9rmica em 25\u00b0C e umidade relativa do ar em 55%.<\/p>\n\n\n\n<p class=\"wp-block-paragraph\">Os ventos, por sua vez, sopram a 20 km\/h a norte-noroeste, com rajadas que podem chegar aos 30 km\/h. Conforme a noite chega, a umidade come\u00e7a a aumentar. Perto da metade da prova, a tend\u00eancia \u00e9 que atinja os 63%.<\/p>\n\n\n\n<p class=\"wp-block-paragraph\">A temperatura ambiente, em contrapartida, sofre pequena varia\u00e7\u00e3o: 26\u00b0C ambiente, com sensa\u00e7\u00e3o t\u00e9rmica em 24\u00b0C, e os ventos baixam para 19 km\/h de velocidade m\u00e9dia.<\/p>\n\n\n\n<figure class=\"wp-block-image size-full\"><img decoding=\"async\" src=\"https:\/\/www.grandepremio.com\/br\/wp-content\/uploads\/2025\/12\/abu-dhabi-2025-f1-classificacao-red-bull-racing-mclaren-max-verstappen-lando-norris-oscar-piastri-01.jpeg\" alt=\"\" class=\"wp-image-1041507\"\/><figcaption class=\"wp-element-caption\">Lando Norris, Max Verstappen e Oscar Piastri: os postulantes ao t\u00edtulo (Foto: Red Bull Racing)<\/figcaption><\/figure>\n\n\n\n<p class=\"wp-block-paragraph\">Perto da bandeirada, quando o t\u00edtulo estiver praticamente decidido, a umidade relativa do ar cai para 59%, enquanto a velocidade m\u00e9dia dos ventos, agora na dire\u00e7\u00e3o norte, desce para 15 km\/h. As rajadas, contudo, podem atingir os 30 km\/h.<\/p>\n\n\n\n<p class=\"wp-block-paragraph\">As informa\u00e7\u00f5es s\u00e3o do servi\u00e7o de meteorologia <em>AccuWeather<\/em>. Vice-l\u00edder do campeonato, <strong>Max Verstappen<\/strong> conquistou o direito de largar na posi\u00e7\u00e3o de honra do grid ao ser o mais r\u00e1pido na classifica\u00e7\u00e3o. Mas ele vai dividir a primeira fila com <strong>Lando Norris<\/strong>, que s\u00f3 precisa terminar no p\u00f3dio para ser campe\u00e3o. Tamb\u00e9m com chances, <strong>Oscar Piastri <\/strong>\u00e9 o terceiro.<\/p>\n\n\n\n<p class=\"wp-block-paragraph\">O&nbsp;<strong>GRANDE PR\u00caMIO<\/strong>&nbsp;acompanha todas as atividades<a href=\"https:\/\/www.grandepremio.com\/br\/ao-vivo\/f1\/\">&nbsp;<strong>AO VIVO E EM&nbsp;<\/strong><\/a><strong><a href=\"https:\/\/www.grandepremio.com\/br\/ao-vivo\/\" target=\"_blank\" rel=\"noreferrer noopener\">TEMPO REAL<\/a><\/strong>,&nbsp;<a href=\"https:\/\/www.youtube.com\/@GrandePremio1\/streams\">al\u00e9m de classifica\u00e7\u00e3o e corrida em&nbsp;<strong>SEGUNDA TELA&nbsp;<\/strong>no YouTube<\/a>, em parceria com a&nbsp;<strong>Voz do Esporte<\/strong>. O&nbsp;<strong>Briefing&nbsp;<\/strong>chega para analisar ap\u00f3s o fim de cada dia de atividades nas redes sociais e na&nbsp;<strong>GPTV<\/strong>.<\/p>\n\n\n\n<p class=\"wp-block-paragraph\">Al\u00e9m da cobertura tradicional, o<strong>&nbsp;GRANDE PR\u00caMIO<\/strong>&nbsp;estar\u00e1&nbsp;<strong>IN LOCO<\/strong>&nbsp;em&nbsp;<strong><a href=\"https:\/\/www.grandepremio.com\/br\/circuito\/yas-marina\/\" target=\"_blank\" rel=\"noreferrer noopener\"><\/a><a href=\"https:\/\/www.grandepremio.com\/br\/circuito\/yas-marina\/\" target=\"_blank\" rel=\"noreferrer noopener\"><\/a><a href=\"https:\/\/www.grandepremio.com\/br\/circuito\/yas-marina\/\" target=\"_blank\" rel=\"noreferrer noopener\"><\/a><a href=\"https:\/\/www.grandepremio.com\/br\/circuito\/yas-marina\/\" target=\"_blank\" rel=\"noreferrer noopener\"><\/a><a href=\"https:\/\/www.grandepremio.com\/br\/circuito\/yas-marina\/\" target=\"_blank\" rel=\"noreferrer noopener\"><\/a><a href=\"https:\/\/www.grandepremio.com\/br\/circuito\/yas-marina\/\" target=\"_blank\" rel=\"noreferrer noopener\"><\/a><a href=\"https:\/\/www.grandepremio.com\/br\/circuito\/yas-marina\/\" target=\"_blank\" rel=\"noreferrer noopener\"><\/a><a href=\"https:\/\/www.grandepremio.com\/br\/circuito\/yas-marina\/\" target=\"_blank\" rel=\"noreferrer noopener\"><\/a><a href=\"https:\/\/www.grandepremio.com\/br\/circuito\/yas-marina\/\" target=\"_blank\" rel=\"noreferrer noopener\"><\/a><a href=\"https:\/\/www.grandepremio.com\/br\/circuito\/yas-marina\/\" target=\"_blank\" rel=\"noreferrer noopener\"><\/a><a href=\"https:\/\/www.grandepremio.com\/br\/circuito\/yas-marina\/\" target=\"_blank\" rel=\"noreferrer noopener\"><\/a><a href=\"https:\/\/www.grandepremio.com\/br\/circuito\/yas-marina\/\" target=\"_blank\" rel=\"noreferrer noopener\"><\/a><a href=\"https:\/\/www.grandepremio.com\/br\/circuito\/yas-marina\/\" target=\"_blank\" rel=\"noreferrer noopener\"><\/a><a href=\"https:\/\/www.grandepremio.com\/br\/circuito\/yas-marina\/\" target=\"_blank\" rel=\"noreferrer noopener\"><\/a><a href=\"https:\/\/www.grandepremio.com\/br\/circuito\/yas-marina\/\" target=\"_blank\" rel=\"noreferrer noopener\"><\/a><a href=\"https:\/\/www.grandepremio.com\/br\/circuito\/yas-marina\/\" target=\"_blank\" rel=\"noreferrer noopener\"><\/a><a href=\"https:\/\/www.grandepremio.com\/br\/circuito\/yas-marina\/\" target=\"_blank\" rel=\"noreferrer noopener\"><\/a><a href=\"https:\/\/www.grandepremio.com\/br\/circuito\/yas-marina\/\" target=\"_blank\" rel=\"noreferrer noopener\"><\/a><a href=\"https:\/\/www.grandepremio.com\/br\/circuito\/yas-marina\/\" target=\"_blank\" rel=\"noreferrer noopener\"><\/a><a href=\"https:\/\/www.grandepremio.com\/br\/circuito\/yas-marina\/\" target=\"_blank\" rel=\"noreferrer noopener\">Yas Marina<\/a><\/strong>&nbsp;para acompanhar todas as emo\u00e7\u00f5es da etapa com o rep\u00f3rter&nbsp;<strong>Leonid Kliuev<\/strong>.<\/p>\n\n\n\n<p class=\"wp-block-paragraph\"><strong>GP de Abu Dhabi de F1: veja os hor\u00e1rios em Brasil, Cabo Verde,&nbsp;<a href=\"https:\/\/grandepremio.pt\/\" target=\"_blank\" rel=\"noreferrer noopener\">Portugal<\/a>, Angola e Mo\u00e7ambique:<\/strong><\/p>\n\n\n\n<figure class=\"wp-block-table\"><table class=\"has-fixed-layout\"><tbody><tr><td><strong>Sess\u00e3o<\/strong><\/td><td><strong>BRA*<\/strong><\/td><td><strong>CBV<\/strong><\/td><td><strong>POR<\/strong><br><strong>ANG<\/strong><\/td><td><strong>MOZ<\/strong><\/td><\/tr><tr><td>Corrida<\/td><td>10:00<\/td><td>12:00<\/td><td>14:30<\/td><td>15:00<\/td><\/tr><\/tbody><\/table><\/figure>\n\n\n\n<p class=\"wp-block-paragraph\"><em>*Hor\u00e1rio de Bras\u00edlia<\/em><\/p>\n\n\n\n<p class=\"wp-block-paragraph\"><strong>\u25b6\ufe0f<\/strong> <strong>F1: faltam quantas corridas?\u00a0<a href=\"https:\/\/www.grandepremio.com\/br\/f1\/calendario\/\" target=\"_blank\" rel=\"noreferrer noopener\">Veja o calend\u00e1rio da F1<\/a><\/strong><br>\u25b6\ufe0f <strong>Inscreva-se nos dois canais do GRANDE PR\u00caMIO no YouTube:\u00a0<a href=\"https:\/\/www.youtube.com\/channel\/UC9OlHEgxoaY6QY6nWPoiqQg?sub_confirmation=1\" target=\"_blank\" rel=\"noreferrer noopener\">GP<\/a>\u00a0|\u00a0<a href=\"https:\/\/www.youtube.com\/channel\/UC9csiS6q_C3C0FYhyr1rnFA?sub_confirmation=1\" target=\"_blank\" rel=\"noreferrer noopener\">GP2<\/a><\/strong><\/p>\n","protected":false},"excerpt":{"rendered":"<p>Os term\u00f4metros n\u00e3o devem chegar aos 30\u00b0C, mas a umidade alta deixa a noite de Abu Dhabi quente para a decis\u00e3o da F1. Confira o que diz a meteorologia<\/p>\n","protected":false},"author":0,"featured_media":1001040866,"comment_status":"closed","ping_status":"closed","sticky":false,"template":"","format":"standard","meta":{"42wp_featured_image_caption":"","42wp_featured_image_credits":"","42wp_featured_video":"","42wp_featured_image_hidden":false,"42wp_authors_list":[],"footnotes":""},"categories":[2],"tags":[26271,5273,147,3630,180,3628,25424,37274,1491,28285,30840,35129,42001,1901,42513,37255],"42wp_author":[47147],"class_list":["post-14153","post","type-post","status-publish","format-standard","has-post-thumbnail","hentry","category-f1","tag-calendario-f1","tag-classificacao-f1","tag-f1","tag-f1-2025","tag-formula-1","tag-formula-1-2025","tag-gp-de-abu-dhabi","tag-gp-de-abu-dhabi-f1","tag-grande-premio","tag-grandepremio","tag-horarios-f1","tag-onde-assistir-f1","tag-temporada-2025-f1","tag-yas-marina","tag-yas-marina-2025","tag-yas-marina-f1","42wp_author-luana-marino"],"_links":{"self":[{"href":"https:\/\/grandepremio.com\/br\/wp-json\/wp\/v2\/posts\/14153","targetHints":{"allow":["GET"]}}],"collection":[{"href":"https:\/\/grandepremio.com\/br\/wp-json\/wp\/v2\/posts"}],"about":[{"href":"https:\/\/grandepremio.com\/br\/wp-json\/wp\/v2\/types\/post"}],"replies":[{"embeddable":true,"href":"https:\/\/grandepremio.com\/br\/wp-json\/wp\/v2\/comments?post=14153"}],"version-history":[{"count":0,"href":"https:\/\/grandepremio.com\/br\/wp-json\/wp\/v2\/posts\/14153\/revisions"}],"wp:featuredmedia":[{"embeddable":true,"href":"https:\/\/grandepremio.com\/br\/wp-json\/wp\/v2\/media\/1001040866"}],"wp:attachment":[{"href":"https:\/\/grandepremio.com\/br\/wp-json\/wp\/v2\/media?parent=14153"}],"wp:term":[{"taxonomy":"category","embeddable":true,"href":"https:\/\/grandepremio.com\/br\/wp-json\/wp\/v2\/categories?post=14153"},{"taxonomy":"post_tag","embeddable":true,"href":"https:\/\/grandepremio.com\/br\/wp-json\/wp\/v2\/tags?post=14153"},{"taxonomy":"42wp_author","embeddable":true,"href":"https:\/\/grandepremio.com\/br\/wp-json\/wp\/v2\/42wp_author?post=14153"}],"curies":[{"name":"wp","href":"https:\/\/api.w.org\/{rel}","templated":true}]}}