{"id":14156,"date":"2025-12-06T19:26:14","date_gmt":"2025-12-06T22:26:14","guid":{"rendered":"https:\/\/grandepremio.com\/br\/noticias\/max-verstappen-brilha-atormenta-mclaren-abu-dhabi-lando-norris-tem-dosar-cautela\/"},"modified":"2025-12-06T19:47:59","modified_gmt":"2025-12-06T22:47:59","slug":"max-verstappen-brilha-atormenta-mclaren-abu-dhabi-lando-norris-tem-dosar-cautela","status":"publish","type":"post","link":"https:\/\/grandepremio.com\/br\/f1\/max-verstappen-brilha-atormenta-mclaren-abu-dhabi-lando-norris-tem-dosar-cautela\/","title":{"rendered":"Verstappen brilha e j\u00e1 atormenta McLaren em Abu Dhabi. E Norris tem de dosar cautela"},"content":{"rendered":"\n<p class=\"wp-block-paragraph\">&#8220;Foi parecido com a classifica\u00e7\u00e3o de 2021&#8221;. \u00c9 quase inevit\u00e1vel n\u00e3o lembrar daquela temporada em uma decis\u00e3o de t\u00edtulo na <strong>F\u00f3rmula 1<\/strong>. E a frase, dita por <strong>Max Verstappen<\/strong> <a href=\"https:\/\/www.grandepremio.com\/br\/f1\/noticias\/max-verstappen-acha-volta-magica-crava-pole-gp-abu-dhabi-lando-norris-2o-gabriel-bortoleto-7o\/\">ap\u00f3s a pole na mesma Abu Dhabi de cinco anos atr\u00e1s,<\/a> ainda carrega a mesma sensa\u00e7\u00e3o de poder, na medida em que o neerland\u00eas soube como ningu\u00e9m lidar com a press\u00e3o por um resultado que pode mudar a hist\u00f3ria do campeonato. De fato, Verstappen cresce nestes momentos de tens\u00e3o, mas o que fez neste s\u00e1bado (6) tamb\u00e9m vai al\u00e9m. Ao garantir a posi\u00e7\u00e3o de honra do grid, diante de uma <strong>McLaren<\/strong> nitidamente melhor, Max enviou um recado importante: est\u00e1 mais vivo do nunca e vai tentar o imposs\u00edvel neste domingo, ainda que precise de &#8220;<a href=\"https:\/\/www.grandepremio.com\/br\/f1\/noticias\/max-verstappen-celebra-pole-abu-dhabi-pede-sorte\/\">sorte ou alguma ajuda<\/a>&#8220;. O primeiro passo foi dado, e isso \u00e9 um tormento para os rivais, apesar da posi\u00e7\u00e3o de seguran\u00e7a obtida pela dupla papaia, sobretudo <strong>Lando Norris<\/strong>, o segundo colocado. <\/p>\n\n\n\n<p class=\"wp-block-paragraph\">&#8220;Quando a press\u00e3o \u00e9 maior ou quando voc\u00ea realmente precisa ter um bom desempenho, normalmente eu consigo, porque gosto desse tipo de coisa. Mas sim, foi legal. Voc\u00ea sempre tenta fazer a melhor volta poss\u00edvel na classifica\u00e7\u00e3o. \u00c0s vezes d\u00e1 certo, outras vezes n\u00e3o. Acho que desta vez deu muito certo&#8221;, emendou o <strong>tetracampe\u00e3o<\/strong> ao detalhar a conquista em <strong>Yas Marina<\/strong>, em um momento em que a <strong>Red Bull<\/strong> precisou se reinventar. Quer dizer, a performance veio muito em cima da maneira precisa com que Max leva a disputa, mas tamb\u00e9m devido \u00e0s mudan\u00e7as certeiras promovidas pelos engenheiros no <strong>RB21<\/strong>.<\/p>\n\n\n\n<p class=\"wp-block-paragraph\">O \u00faltimo setor ainda \u00e9 uma dor de cabe\u00e7a para os taurinos \u2014 nem mesmo Verstappen foi capaz de superar a parcial do carro laranja \u2014, mas \u00e9 importante dizer a equipe conseguiu ajustar a frente do modelo, ao ponto de sofrer bem menos com os pneus e com o equil\u00edbrio nas curvas de m\u00e9dia velocidade. H\u00e1 quem diga, como <strong>Zak Brown<\/strong>, que a esquadra dos energ\u00e9ticos sacrificou o ritmo de corrida pela pole. A resposta ser\u00e1 dada em 58 voltas. \u00c9 bom lembrar que os austr\u00edacos costumam sempre ter uma carta na manga. E, especialmente neste caso, o time j\u00e1 deve usar a noite deste s\u00e1bado para desenhar os diversos cen\u00e1rios da prova em Abu Dhabi.<\/p>\n\n\n\n<p class=\"wp-block-paragraph\">\u25b6\ufe0f\u00a0<strong>F1: faltam quantas corridas?\u00a0<a href=\"https:\/\/www.grandepremio.com\/br\/f1\/calendario\/\" target=\"_blank\" rel=\"noreferrer noopener\">Veja o calend\u00e1rio da F1<\/a><\/strong><br>\u25b6\ufe0f\u00a0<strong>Inscreva-se nos dois canais do GRANDE PR\u00caMIO no YouTube:\u00a0<a href=\"https:\/\/www.youtube.com\/channel\/UC9OlHEgxoaY6QY6nWPoiqQg?sub_confirmation=1\" target=\"_blank\" rel=\"noreferrer noopener\">GP<\/a>\u00a0|\u00a0<a href=\"https:\/\/www.youtube.com\/channel\/UC9csiS6q_C3C0FYhyr1rnFA?sub_confirmation=1\" target=\"_blank\" rel=\"noreferrer noopener\">GP2<\/a><\/strong><\/p>\n\n\n\n<figure class=\"wp-block-embed is-type-video is-provider-youtube wp-block-embed-youtube wp-embed-aspect-16-9 wp-has-aspect-ratio\"><div class=\"wp-block-embed__wrapper\">\n<iframe loading=\"lazy\" title=\"VERSTAPPEN \u00c9 POLE, NORRIS E PIASTRI V\u00caM ATR\u00c1S: GRID DE LARGADA DA F1 EM ABU DHABI | BRIEFING\" width=\"500\" height=\"281\" src=\"https:\/\/www.youtube.com\/embed\/8J_yWdFufx0?feature=oembed\" frameborder=\"0\" allow=\"accelerometer; autoplay; clipboard-write; encrypted-media; gyroscope; picture-in-picture; web-share\" referrerpolicy=\"strict-origin-when-cross-origin\" allowfullscreen><\/iframe>\n<\/div><\/figure>\n\n\n\n<p class=\"wp-block-paragraph\">&#8220;No geral, a classifica\u00e7\u00e3o pareceu um pouco mais coesa em compara\u00e7\u00e3o com os outros treinos, onde sempre sentia que ainda faltava algo. Mas acho que as mudan\u00e7as finais que fizemos antes da sess\u00e3o noturna nos ajudaram um pouco. E ao longo da classifica\u00e7\u00e3o, fomos melhorando gradativamente&#8221;, contou o neerland\u00eas. <\/p>\n\n\n\n<p class=\"wp-block-paragraph\">&#8220;No Q3, j\u00e1 foi uma primeira boa volta, com uma ajudinha do Yuki (Tsunoda), que me deu o v\u00e1cuo. Foi muito legal da parte dele ceder uma das suas voltas. Na segunda tentativa, n\u00e3o tinha certeza se conseguiria melhorar por causa do v\u00e1cuo que recebi. Mas, novamente, consegui ganhar um pouco mais de tempo nas curvas, e isso me deu um pouco mais de tempo por volta. Ent\u00e3o, estou feliz com isso, feliz com o desempenho na volta r\u00e1pida no final da classifica\u00e7\u00e3o. Agora, claro, a grande inc\u00f3gnita \u00e9 se conseguiremos manter esse ritmo durante a corrida.&#8221;<\/p>\n\n\n\n<p class=\"wp-block-paragraph\">Certamente, \u00e9 algo que passa pela cabe\u00e7a da <strong>McLaren<\/strong>. Na sexta-feira de treinos, as simula\u00e7\u00f5es mostraram uma proximidade grande de ritmo entre as duas oponentes, com uma ligeira vantagem para os papaias \u2014 a diferen\u00e7a \u00e9 muito fundamentada nos pneus. \u00c9 que o <strong>MCL39<\/strong> cuida melhor dos compostos do que o <strong>RB21<\/strong>, que exige um pouco mais de Verstappen. Ent\u00e3o, ser\u00e1 interessante entender essa varia\u00e7\u00e3o e o efeito que ter\u00e1 sob a estrat\u00e9gia de cada time.<\/p>\n\n\n\n<p class=\"wp-block-paragraph\">Falando da McLaren, ent\u00e3o, a classifica\u00e7\u00e3o foi um balde de \u00e1gua fria. Al\u00e9m do tra\u00e7ado de Yas Marina ser mais agrad\u00e1vel ao carro ingl\u00eas, a configura\u00e7\u00e3o escolhida pelos engenheiros parecia perfeita. Norris e <strong>Oscar Piastri<\/strong> revelaram facilidade de desempenho no primeiro e no terceiro setores \u2014 neste \u00faltimo, o australiano estava voando, inclusive. Mas ambos foram pegos de surpresa pela performance de Verstappen. &#8220;Fizemos tudo o que pod\u00edamos. Acho que minha volta foi muito boa. Fiquei bem feliz. Ent\u00e3o, sim, claro que estou decepcionado por n\u00e3o ter conquistado a pole-position para o \u00faltimo fim de semana, mas simplesmente n\u00e3o est\u00e1vamos r\u00e1pidos o suficiente hoje. Ent\u00e3o, teremos que tentar amanh\u00e3&#8221;, disse Lando ap\u00f3s cravar o segundo melhor tempo da sess\u00e3o, a 0s2 de Max. Piastri sai em terceiro. <\/p>\n\n\n\n<p class=\"wp-block-paragraph\">&#8220;Estou desapontado por n\u00e3o ter conquistado a pole, mas ainda quero tentar vencer amanh\u00e3. Esse ser\u00e1 o objetivo&#8221;, completou o piloto, que precisa apenas de um lugar no p\u00f3dio para garantir o primeiro t\u00edtulo da carreira. Por isso, talvez uma postura mais cautelosa seja considerada, uma vez que est\u00e1 largando do lado sujo, enquanto o companheiro Piastri vai sair em terceiro. \u00c9 algo a se pensar, at\u00e9 porque, ao fechar a primeira fila, se esquiva de um ataque maior do tetracampe\u00e3o. Mas ser\u00e1 a melhor t\u00e1tica?<\/p>\n\n\n\n<figure class=\"wp-block-image size-large\"><img decoding=\"async\" src=\"https:\/\/www.grandepremio.com\/br\/wp-content\/uploads\/2025\/12\/abu-dhabi-2025-f1-classificacao-red-bull-racing-mclaren-max-verstappen-lando-norris-01-1200x800.jpg\" alt=\"\" class=\"wp-image-1041493\"\/><figcaption class=\"wp-element-caption\">Max Verstappen e Lando Norris v\u00e3o dividir a primeira fila em Abu Dhabi (Foto: Red Bull Content Pool)<\/figcaption><\/figure>\n\n\n\n<p class=\"wp-block-paragraph\">&#8220;Eu decidirei quando tiver que decidir&#8221;, falou Norris ao ser perguntado sobre a decis\u00e3o entre uma largada agressiva e uma postura mais cuidadosa, pensando no campeonato. &#8220;Acho que melhoramos em v\u00e1rias \u00e1reas desde ent\u00e3o. E o ritmo de corrida, sabe, normalmente somos bem fortes. Mas como o Oscar disse, o ritmo do Max tamb\u00e9m estava muito forte. Ent\u00e3o, sim, acho que hoje, analisando bem, n\u00e3o fomos r\u00e1pidos o suficiente. Mas, claro, esperamos poder reverter isso amanh\u00e3.&#8221;<\/p>\n\n\n\n<p class=\"wp-block-paragraph\">Esse \u00e9 um ponto delicado e at\u00e9 perigoso. \u00c9 claro que n\u00e3o se pode planejar tudo, mas \u00e9 importante saber o que se quer. Quando os tr\u00eas postulantes ao t\u00edtulo foram questionados sobre os riscos que est\u00e3o dispostos a correr, as respostas revelaram um pouco mais do que esperar para as 10h (GMT -3) deste domingo. Como de costume e ainda mais na situa\u00e7\u00e3o em que est\u00e1, Verstappen foi taxativo e deixou pouca margem de manobra: &#8220;Vou com tudo. N\u00e3o tenho nada a perder. Ent\u00e3o, claro, vou tentar vencer a corrida. Vou me defender. Se precisar atacar, vou atacar, porque o que pode acontecer? Ou voc\u00ea fica em segundo ou terceiro, ou vence. Isso seria fant\u00e1stico.&#8221;<\/p>\n\n\n\n<p class=\"wp-block-paragraph\">J\u00e1 Norris tentou esconder a tens\u00e3o e preferiu a bola de seguran\u00e7a: &#8220;Honestamente, n\u00e3o \u00e9 algo que voc\u00ea decide agora. \u00c9 algo que voc\u00ea vai ver e decidir antes do in\u00edcio da corrida, cinco metros antes de frear na curva 1. At\u00e9 l\u00e1, acho que todo mundo s\u00f3 quer tirar o m\u00e1ximo proveito disso para si mesmo.&#8221; Enquanto isso, Piastri n\u00e3o disfar\u00e7ou o inc\u00f4modo por ter menos chances e ainda uma decis\u00e3o a tomar. &#8220;Do meu ponto de vista, preciso que certas coisas aconte\u00e7am na corrida para ganhar o campeonato. Ent\u00e3o, vou esperar para ver se essas coisas acontecem.&#8221;<\/p>\n\n\n\n<p class=\"wp-block-paragraph\"><strong>\u25b6\ufe0f <a href=\"https:\/\/www.grandepremio.com\/br\/f1\/noticias\/f1-2025-lando-norris-max-verstappen-oscar-piastri-briga-que-cada-um-precisa-ser-campeao\/\">F1 2025 tem Norris, Verstappen e Piastri na briga: o que cada um precisa para ser campe\u00e3o<\/a><\/strong><\/p>\n\n\n\n<p class=\"wp-block-paragraph\">Com rela\u00e7\u00e3o \u00e0s estrat\u00e9gias, o <strong>GP de Abu Dhabi<\/strong> deve ser decidido com apenas uma visita aos boxes, em uma combina\u00e7\u00e3o de pneus m\u00e9dios e duros. Aqui \u00e9 interessante perceber que a McLaren reservou dois conjuntos de compostos duros, enquanto a Red Bull preferiu guardar os m\u00e9dios. &#8220;Isso demonstra que as equipes est\u00e3o mantendo em aberto a possibilidade de duas paradas nos boxes, mas apenas a McLaren optou pela estrat\u00e9gia mais conservadora&#8221;, alertou <strong>Mario Isola<\/strong>, chefe da <strong>Pirelli<\/strong>.<\/p>\n\n\n\n<p class=\"wp-block-paragraph\">&#8220;As duas t\u00e1ticas mais r\u00e1pidas s\u00e3o as de uma parada. Uma op\u00e7\u00e3o \u00e9 largar com pneus m\u00e9dios e trocar para os duros entre as voltas 20 e 26. Uma alternativa \u00e9 largar com pneus duros e aproveitar o desempenho extra dos macios, parando entre as voltas 39 e 45. J\u00e1 uma estrat\u00e9gia de dois pit-stops parece ser um pouco menos competitiva, especialmente considerando a dificuldade de ultrapassagem aqui&#8221;, completou.<\/p>\n\n\n\n<p class=\"wp-block-paragraph\">Portanto, com uma margem t\u00e3o estreita, a posi\u00e7\u00e3o de pista ser\u00e1 crucial. Verstappen chegou a ser perguntado se lan\u00e7aria m\u00e3o de algo feito por <strong>Lewis Hamilton<\/strong> em 2016 \u2014 naquele dia, o ingl\u00eas tentou reduzir o ritmo para fazer com que o rival <strong>Nico Rosberg<\/strong> fosse ultrapassado pelos demais, mas n\u00e3o deu certo \u2014, e descartou a ideia, alegando que o atual tra\u00e7ado de Abu Dhabi n\u00e3o permite tal jogada.<\/p>\n\n\n\n<p class=\"wp-block-paragraph\">No entanto, h\u00e1 sempre um elemento mental que pode fazer a diferen\u00e7a, bem como a interfer\u00eancia de outros advers\u00e1rios. <strong>George Russel<\/strong>l parece muito vivo ali com a Mercedes, enquanto Piastri tamb\u00e9m pode se tornar uma pe\u00e7a importante para a McLaren. At\u00e9 <strong>Yuki Tsunoda<\/strong> tem seu valor nesta etapa final. Quer dizer, segue ainda tudo em aberto.<\/p>\n\n\n\n<p class=\"wp-block-paragraph\">O&nbsp;<strong>GRANDE PR\u00caMIO<\/strong>&nbsp;acompanha todas as atividades<a href=\"https:\/\/www.grandepremio.com\/br\/ao-vivo\/f1\/\">&nbsp;<strong>AO VIVO E EM&nbsp;<\/strong><\/a><strong><a href=\"https:\/\/www.grandepremio.com\/br\/ao-vivo\/\" target=\"_blank\" rel=\"noreferrer noopener\">TEMPO REAL<\/a><\/strong>,&nbsp;<a href=\"https:\/\/www.youtube.com\/@GrandePremio1\/streams\">al\u00e9m de classifica\u00e7\u00e3o e corrida em&nbsp;<strong>SEGUNDA TELA&nbsp;<\/strong>no YouTube<\/a>, em parceria com a&nbsp;<strong>Voz do Esporte<\/strong>. O&nbsp;<strong>Briefing&nbsp;<\/strong>chega para analisar ap\u00f3s o fim de cada dia de atividades nas redes sociais e na&nbsp;<strong>GPTV<\/strong>.<\/p>\n\n\n\n<p class=\"wp-block-paragraph\">Al\u00e9m da cobertura tradicional, o<strong>&nbsp;GRANDE PR\u00caMIO<\/strong>&nbsp;estar\u00e1&nbsp;<strong>IN LOCO<\/strong>&nbsp;em&nbsp;<strong><a href=\"https:\/\/www.grandepremio.com\/br\/circuito\/yas-marina\/\" target=\"_blank\" rel=\"noreferrer noopener\"><\/a><a href=\"https:\/\/www.grandepremio.com\/br\/circuito\/yas-marina\/\" target=\"_blank\" rel=\"noreferrer noopener\"><\/a><a href=\"https:\/\/www.grandepremio.com\/br\/circuito\/yas-marina\/\" target=\"_blank\" rel=\"noreferrer noopener\"><\/a><a href=\"https:\/\/www.grandepremio.com\/br\/circuito\/yas-marina\/\" target=\"_blank\" rel=\"noreferrer noopener\"><\/a><a href=\"https:\/\/www.grandepremio.com\/br\/circuito\/yas-marina\/\" target=\"_blank\" rel=\"noreferrer noopener\"><\/a><a href=\"https:\/\/www.grandepremio.com\/br\/circuito\/yas-marina\/\" target=\"_blank\" rel=\"noreferrer noopener\"><\/a><a href=\"https:\/\/www.grandepremio.com\/br\/circuito\/yas-marina\/\" target=\"_blank\" rel=\"noreferrer noopener\"><\/a><a href=\"https:\/\/www.grandepremio.com\/br\/circuito\/yas-marina\/\" target=\"_blank\" rel=\"noreferrer noopener\"><\/a><a href=\"https:\/\/www.grandepremio.com\/br\/circuito\/yas-marina\/\" target=\"_blank\" rel=\"noreferrer noopener\"><\/a><a href=\"https:\/\/www.grandepremio.com\/br\/circuito\/yas-marina\/\" target=\"_blank\" rel=\"noreferrer noopener\"><\/a><a href=\"https:\/\/www.grandepremio.com\/br\/circuito\/yas-marina\/\" target=\"_blank\" rel=\"noreferrer noopener\"><\/a><a href=\"https:\/\/www.grandepremio.com\/br\/circuito\/yas-marina\/\" target=\"_blank\" rel=\"noreferrer noopener\"><\/a><a href=\"https:\/\/www.grandepremio.com\/br\/circuito\/yas-marina\/\" target=\"_blank\" rel=\"noreferrer noopener\"><\/a><a href=\"https:\/\/www.grandepremio.com\/br\/circuito\/yas-marina\/\" target=\"_blank\" rel=\"noreferrer noopener\"><\/a><a href=\"https:\/\/www.grandepremio.com\/br\/circuito\/yas-marina\/\" target=\"_blank\" rel=\"noreferrer noopener\"><\/a><a href=\"https:\/\/www.grandepremio.com\/br\/circuito\/yas-marina\/\" target=\"_blank\" rel=\"noreferrer noopener\"><\/a><a href=\"https:\/\/www.grandepremio.com\/br\/circuito\/yas-marina\/\" target=\"_blank\" rel=\"noreferrer noopener\"><\/a><a href=\"https:\/\/www.grandepremio.com\/br\/circuito\/yas-marina\/\" target=\"_blank\" rel=\"noreferrer noopener\"><\/a><a href=\"https:\/\/www.grandepremio.com\/br\/circuito\/yas-marina\/\" target=\"_blank\" rel=\"noreferrer noopener\">Yas Marina<\/a><\/strong>&nbsp;para acompanhar todas as emo\u00e7\u00f5es da etapa com o rep\u00f3rter&nbsp;<strong>Leonid Kliuev<\/strong>.<\/p>\n\n\n\n<p class=\"wp-block-paragraph\"><strong>GP de Abu Dhabi de F1: veja os hor\u00e1rios em Brasil, Cabo Verde,&nbsp;<a href=\"https:\/\/grandepremio.pt\/\" target=\"_blank\" rel=\"noreferrer noopener\">Portugal<\/a>, Angola e Mo\u00e7ambique:<\/strong><\/p>\n\n\n\n<figure class=\"wp-block-table\"><table class=\"has-fixed-layout\"><tbody><tr><td><strong>Sess\u00e3o<\/strong><\/td><td><strong>BRA*<\/strong><\/td><td><strong>CBV<\/strong><\/td><td><strong>POR<\/strong><br><strong>ANG<\/strong><\/td><td><strong>MOZ<\/strong><\/td><\/tr><tr><td>Corrida<\/td><td>10:00<\/td><td>12:00<\/td><td>14:30<\/td><td>15:00<\/td><\/tr><\/tbody><\/table><\/figure>\n\n\n\n<p class=\"wp-block-paragraph\"><em>*Hor\u00e1rio de Bras\u00edlia<\/em><\/p>\n","protected":false},"excerpt":{"rendered":"<p>Max Verstappen entregou uma daquelas performances geniais que s\u00f3 ele consegue em um momento t\u00e3o decisivo na temporada. \u00c9 claro que, como o pr\u00f3prio disse, ainda \u00e9 necess\u00e1rio um tantinho de sorte para ficar com a ta\u00e7a neste domingo, mas o primeiro passo foi dado com a espetacular pole no GP de Abu Dhabi. Enquanto isso, Lando Norris se colocou em segundo no grid e pode assegurar o t\u00edtulo, independente de uma vit\u00f3ria do neerland\u00eas. Mas o excesso de cuidado tamb\u00e9m tem seu risco. J\u00e1 Oscar Piastri segue no dilema entre auxiliar a McLaren e cuidar de seu destino<\/p>\n","protected":false},"author":0,"featured_media":1001041507,"comment_status":"closed","ping_status":"closed","sticky":false,"template":"","format":"standard","meta":{"42wp_featured_image_caption":"","42wp_featured_image_credits":"","42wp_featured_video":"","42wp_featured_image_hidden":false,"42wp_authors_list":[],"footnotes":""},"categories":[2],"tags":[654,27861,26271,546,209,5273,302,147,3630,176,180,3628,25440,350,800,25424,37274,1491,28285,30840,28104,485,547,87,595,203,1521,29923,35129,2916,676,42001,1901,42513,37255,597],"42wp_author":[47115],"class_list":["post-14156","post","type-post","status-publish","format-standard","has-post-thumbnail","hentry","category-f1","tag-alexander-albon","tag-andrea-kimi-antonelli","tag-calendario-f1","tag-carlos-sainz","tag-charles-leclerc","tag-classificacao-f1","tag-esteban-ocon","tag-f1","tag-f1-2025","tag-fernando-alonso","tag-formula-1","tag-formula-1-2025","tag-franco-colapinto","tag-gabriel-bortoleto","tag-george-russell","tag-gp-de-abu-dhabi","tag-gp-de-abu-dhabi-f1","tag-grande-premio","tag-grandepremio","tag-horarios-f1","tag-isack-hadjar","tag-lance-stroll","tag-lando-norris","tag-lewis-hamilton","tag-liam-lawson","tag-max-verstappen","tag-nico-hulkenberg","tag-oliver-bearman","tag-onde-assistir-f1","tag-oscar-piastri","tag-pierre-gasly","tag-temporada-2025-f1","tag-yas-marina","tag-yas-marina-2025","tag-yas-marina-f1","tag-yuki-tsunoda","42wp_author-evelyn-guimaraes"],"_links":{"self":[{"href":"https:\/\/grandepremio.com\/br\/wp-json\/wp\/v2\/posts\/14156","targetHints":{"allow":["GET"]}}],"collection":[{"href":"https:\/\/grandepremio.com\/br\/wp-json\/wp\/v2\/posts"}],"about":[{"href":"https:\/\/grandepremio.com\/br\/wp-json\/wp\/v2\/types\/post"}],"replies":[{"embeddable":true,"href":"https:\/\/grandepremio.com\/br\/wp-json\/wp\/v2\/comments?post=14156"}],"version-history":[{"count":0,"href":"https:\/\/grandepremio.com\/br\/wp-json\/wp\/v2\/posts\/14156\/revisions"}],"wp:featuredmedia":[{"embeddable":true,"href":"https:\/\/grandepremio.com\/br\/wp-json\/wp\/v2\/media\/1001041507"}],"wp:attachment":[{"href":"https:\/\/grandepremio.com\/br\/wp-json\/wp\/v2\/media?parent=14156"}],"wp:term":[{"taxonomy":"category","embeddable":true,"href":"https:\/\/grandepremio.com\/br\/wp-json\/wp\/v2\/categories?post=14156"},{"taxonomy":"post_tag","embeddable":true,"href":"https:\/\/grandepremio.com\/br\/wp-json\/wp\/v2\/tags?post=14156"},{"taxonomy":"42wp_author","embeddable":true,"href":"https:\/\/grandepremio.com\/br\/wp-json\/wp\/v2\/42wp_author?post=14156"}],"curies":[{"name":"wp","href":"https:\/\/api.w.org\/{rel}","templated":true}]}}