{"id":14170,"date":"2025-12-06T16:33:34","date_gmt":"2025-12-06T19:33:34","guid":{"rendered":"https:\/\/grandepremio.com\/br\/noticias\/gabriel-bortoleto-empata-nico-hulkenberg-abu-dhabi-duelo-entre-companheiros-2025\/"},"modified":"2025-12-07T19:14:39","modified_gmt":"2025-12-07T22:14:39","slug":"gabriel-bortoleto-empata-nico-hulkenberg-abu-dhabi-duelo-entre-companheiros-2025","status":"publish","type":"post","link":"https:\/\/grandepremio.com\/br\/f1\/gabriel-bortoleto-empata-nico-hulkenberg-abu-dhabi-duelo-entre-companheiros-2025\/","title":{"rendered":"Bortoleto empata com H\u00fclkenberg em Abu Dhabi: o duelo entre companheiros em 2025"},"content":{"rendered":"\n<p class=\"wp-block-paragraph\"><strong>Gabriel Bortoleto <\/strong>e <strong>Nico H\u00fclkenberg <\/strong>terminaram o duelo de classifica\u00e7\u00f5es de 2025 empatados. O piloto brasileiro se classificou em s\u00e9timo para o <strong>GP de Abu Dhabi<\/strong>, na sess\u00e3o realizada neste s\u00e1bado (6), e com a elimina\u00e7\u00e3o do alem\u00e3o ainda no primeiro segmento, conseguiu finalizar a temporada igualado internamente na <strong>Sauber<\/strong>.<\/p>\n\n\n\n<p class=\"wp-block-paragraph\">Outra disputa que chegou em Yas Marina apertada \u00e9 a da <strong>McLaren<\/strong>. Com o segundo lugar no grid, <strong>Lando Norris <\/strong>termina 2025 \u00e0 frente do australiano <strong>Oscar Piastri<\/strong>. Contando as classifica\u00e7\u00f5es de corrida sprint, os dois fecham o ano igualados. Neste domingo, ambos tem chances de conquistar o t\u00edtulo mundial, com Lando favorito pela lideran\u00e7a do Mundial.<\/p>\n\n\n\n<p class=\"wp-block-paragraph\">As disputas mais desequilibradas do ano foram refor\u00e7adas em Abu Dhabi.<strong> Charles Leclerc \u00e0 frente de Lewis Hamilton na Ferrari,<\/strong> o pole <strong>Max Verstappen em cima de Yuki Tsunoda na Red Bull, George Russell sobre Andrea Kimi Antonelli na Mercedes, Fernando Alonso acima de Lance Stroll na Aston Martin e Isack Hadjar \u00e0 frente de Liam Lawson na Racing Bulls.<\/strong><\/p>\n\n\n\n<p class=\"wp-block-paragraph\">\u25b6\ufe0f\u00a0<strong>F1: faltam quantas corridas?\u00a0<a href=\"https:\/\/www.grandepremio.com\/br\/f1\/calendario\/\" target=\"_blank\" rel=\"noreferrer noopener\">Veja o calend\u00e1rio da F1<\/a><\/strong><br>\u25b6\ufe0f\u00a0<strong>Inscreva-se nos dois canais do GRANDE PR\u00caMIO no YouTube:\u00a0<a href=\"https:\/\/www.youtube.com\/channel\/UC9OlHEgxoaY6QY6nWPoiqQg?sub_confirmation=1\" target=\"_blank\" rel=\"noreferrer noopener\">GP<\/a>\u00a0|\u00a0<a href=\"https:\/\/www.youtube.com\/channel\/UC9csiS6q_C3C0FYhyr1rnFA?sub_confirmation=1\" target=\"_blank\" rel=\"noreferrer noopener\">GP2<\/a><\/strong><\/p>\n\n\n\n<figure class=\"wp-block-image size-large\"><img decoding=\"async\" src=\"https:\/\/www.grandepremio.com\/br\/wp-content\/uploads\/2025\/12\/2025-Abu-Dhabi-Grand-Prix-Saturday-1-1200x800.jpg\" alt=\"\" class=\"wp-image-1041647\"\/><figcaption class=\"wp-element-caption\">Gabriel Bortoleto (Foto: Sauber)<\/figcaption><\/figure>\n\n\n\n<p class=\"wp-block-paragraph\">Pela <strong>Williams, Carlos Sainz<\/strong> aproveitou a queda precoce de <strong>Alexander Albon<\/strong> para aumentar a vantagem, terminando em 14 a 10. J\u00e1 na <strong>Haas, Esteban Ocon<\/strong> descontou a vantagem de <strong>Oliver Bearman,<\/strong> perdendo pelo mesmo placar.<\/p>\n\n\n\n<h2 class=\"wp-block-heading\" id=\"h-f1-2025-duelos-entre-companheiros-em-classificacoes-com-sprint-gp-de-abu-dhabi\"><strong><a href=\"https:\/\/www.grandepremio.com\/br\/f1\/\" target=\"_blank\" rel=\"noreferrer noopener\">F1\u00a0<\/a>2025, duelos entre companheiros em classifica\u00e7\u00f5es (com sprint), GP de Abu Dhabi:<\/strong><\/h2>\n\n\n\n<figure class=\"wp-block-table\"><table class=\"has-fixed-layout\"><tbody><tr><td><strong>MCLAREN<\/strong><\/td><td><strong>LANDO NORRIS<\/strong><\/td><td>15<\/td><td>15<\/td><td><strong>OSCAR PIASTRI<\/strong><\/td><\/tr><tr><td><strong>FERRARI<\/strong><\/td><td><strong>CHARLES LECLERC<\/strong><\/td><td>23<\/td><td>7&nbsp;<\/td><td><strong>LEWIS HAMILTON<\/strong><\/td><\/tr><tr><td><strong>RED BULL<\/strong><\/td><td><strong>MAX VERSTAPPEN<\/strong><\/td><td>26<\/td><td>1<\/td><td><strong>YUKI TSUNODA<\/strong><\/td><\/tr><tr><td><strong>MERCEDES<\/strong><\/td><td><strong>GEORGE RUSSELL<\/strong><\/td><td>25<\/td><td>5<\/td><td><strong>ANDREA KIMI ANTONELLI<\/strong><\/td><\/tr><tr><td><strong>ASTON MARTIN<\/strong><\/td><td><strong>FERNANDO ALONSO<\/strong><\/td><td>29<\/td><td>1<strong>&nbsp;<\/strong><\/td><td><strong>LANCE STROLL<\/strong><\/td><\/tr><tr><td><strong>ALPINE<\/strong><\/td><td><strong>PIERRE GASLY<\/strong><\/td><td>17<\/td><td>5<\/td><td><strong>FRANCO COLAPINTO<\/strong><\/td><\/tr><tr><td><strong>HAAS<\/strong><\/td><td><strong>ESTEBAN OCON<\/strong><\/td><td>12<\/td><td>18<\/td><td><strong>OLIVER BEARMAN<\/strong><\/td><\/tr><tr><td><strong>RACING BULLS<\/strong><\/td><td><strong>LIAM LAWSON<\/strong><\/td><td><strong>&nbsp;<\/strong>6<\/td><td>21<\/td><td><strong>ISACK HADJAR<\/strong><\/td><\/tr><tr><td><strong>WILLIAMS<\/strong><\/td><td><strong>ALEXANDER ALBON<\/strong><\/td><td>13<\/td><td>17<\/td><td><strong>CARLOS SAINZ<\/strong><\/td><\/tr><tr><td><strong>SAUBER<\/strong><\/td><td><strong>GABRIEL BORTOLETO<\/strong><\/td><td>15<\/td><td>15<\/td><td><strong>NICO H\u00dcLKENBERG<\/strong><\/td><\/tr><\/tbody><\/table><\/figure>\n\n\n\n<h2 class=\"wp-block-heading\" id=\"h-f1-2025-duelos-entre-companheiros-em-classificacoes-sem-sprint-gp-de-abu-dhabi\"><strong><a href=\"https:\/\/www.grandepremio.com\/br\/f1\/\" target=\"_blank\" rel=\"noreferrer noopener\">F1\u00a0<\/a>2025, duelos entre companheiros em classifica\u00e7\u00f5es (sem sprint), GP de Abu Dhabi:<\/strong><\/h2>\n\n\n\n<figure class=\"wp-block-table\"><table class=\"has-fixed-layout\"><tbody><tr><td><strong>MCLAREN<\/strong><\/td><td><strong>LANDO NORRIS<\/strong><\/td><td><strong>\u00a0<\/strong>13<\/td><td>11<\/td><td><strong>OSCAR PIASTRI<\/strong><\/td><\/tr><tr><td><strong>FERRARI<\/strong><\/td><td><strong>CHARLES LECLERC<\/strong><\/td><td>19<\/td><td>5<\/td><td><strong>LEWIS HAMILTON<\/strong><\/td><\/tr><tr><td><strong>RED BULL<\/strong><\/td><td><strong>MAX VERSTAPPEN<\/strong><\/td><td>22<\/td><td>0<strong>&nbsp;<\/strong><\/td><td><strong>YUKI TSUNODA<\/strong><\/td><\/tr><tr><td><strong>MERCEDES<\/strong><\/td><td><strong>GEORGE RUSSELL<\/strong><\/td><td>21<\/td><td>3<\/td><td><strong>ANDREA KIMI ANTONELLI<\/strong><\/td><\/tr><tr><td><strong>ASTON MARTIN<\/strong><\/td><td><strong>FERNANDO ALONSO<\/strong><\/td><td>24<\/td><td>0<strong>&nbsp;<\/strong><\/td><td><strong>LANCE STROLL<\/strong><\/td><\/tr><tr><td><strong>ALPINE<\/strong><\/td><td><strong>PIERRE GASLY<\/strong><\/td><td>13<\/td><td>5<\/td><td><strong>FRANCO COLAPINTO<\/strong><\/td><\/tr><tr><td><strong>HAAS<\/strong><\/td><td><strong>ESTEBAN OCON<\/strong><\/td><td>10<\/td><td>14<\/td><td><strong>OLIVER BEARMAN<\/strong><\/td><\/tr><tr><td><strong>RACING BULLS<\/strong><\/td><td><strong>LIAM LAWSON<\/strong><\/td><td>6<\/td><td>16<\/td><td><strong>ISACK HADJAR<\/strong><\/td><\/tr><tr><td><strong>WILLIAMS<\/strong><\/td><td><strong>ALEXANDER ALBON<\/strong><\/td><td>10<\/td><td>14<\/td><td><strong>CARLOS SAINZ<\/strong><\/td><\/tr><tr><td><strong>SAUBER<\/strong><\/td><td><strong>GABRIEL BORTOLETO<\/strong><\/td><td>12<\/td><td>12<\/td><td><strong>NICO H\u00dcLKENBERG<\/strong><\/td><\/tr><\/tbody><\/table><\/figure>\n\n\n\n<p class=\"wp-block-paragraph\">O&nbsp;<strong>GRANDE PR\u00caMIO<\/strong>&nbsp;acompanha todas as atividades<a href=\"https:\/\/www.grandepremio.com\/br\/ao-vivo\/f1\/\">&nbsp;<strong>AO VIVO E EM&nbsp;<\/strong><\/a><strong><a href=\"https:\/\/www.grandepremio.com\/br\/ao-vivo\/\" target=\"_blank\" rel=\"noreferrer noopener\">TEMPO REAL<\/a><\/strong>,&nbsp;<a href=\"https:\/\/www.youtube.com\/@GrandePremio1\/streams\">al\u00e9m de classifica\u00e7\u00e3o e corrida em&nbsp;<strong>SEGUNDA TELA&nbsp;<\/strong>no YouTube<\/a>, em parceria com a&nbsp;<strong>Voz do Esporte<\/strong>. O&nbsp;<strong>Briefing&nbsp;<\/strong>chega para analisar ap\u00f3s o fim de cada dia de atividades nas redes sociais e na&nbsp;<strong>GPTV<\/strong>.<\/p>\n\n\n\n<p class=\"wp-block-paragraph\">Al\u00e9m da cobertura tradicional, o<strong>&nbsp;GRANDE PR\u00caMIO<\/strong>&nbsp;estar\u00e1&nbsp;<strong>IN LOCO<\/strong>&nbsp;em&nbsp;<strong><a href=\"https:\/\/www.grandepremio.com\/br\/circuito\/yas-marina\/\" target=\"_blank\" rel=\"noreferrer noopener\"><\/a><a href=\"https:\/\/www.grandepremio.com\/br\/circuito\/yas-marina\/\" target=\"_blank\" rel=\"noreferrer noopener\"><\/a><a href=\"https:\/\/www.grandepremio.com\/br\/circuito\/yas-marina\/\" target=\"_blank\" rel=\"noreferrer noopener\"><\/a><a href=\"https:\/\/www.grandepremio.com\/br\/circuito\/yas-marina\/\" target=\"_blank\" rel=\"noreferrer noopener\"><\/a><a href=\"https:\/\/www.grandepremio.com\/br\/circuito\/yas-marina\/\" target=\"_blank\" rel=\"noreferrer noopener\"><\/a><a href=\"https:\/\/www.grandepremio.com\/br\/circuito\/yas-marina\/\" target=\"_blank\" rel=\"noreferrer noopener\"><\/a><a href=\"https:\/\/www.grandepremio.com\/br\/circuito\/yas-marina\/\" target=\"_blank\" rel=\"noreferrer noopener\"><\/a><a href=\"https:\/\/www.grandepremio.com\/br\/circuito\/yas-marina\/\" target=\"_blank\" rel=\"noreferrer noopener\"><\/a><a href=\"https:\/\/www.grandepremio.com\/br\/circuito\/yas-marina\/\" target=\"_blank\" rel=\"noreferrer noopener\"><\/a><a href=\"https:\/\/www.grandepremio.com\/br\/circuito\/yas-marina\/\" target=\"_blank\" rel=\"noreferrer noopener\"><\/a><a href=\"https:\/\/www.grandepremio.com\/br\/circuito\/yas-marina\/\" target=\"_blank\" rel=\"noreferrer noopener\"><\/a><a href=\"https:\/\/www.grandepremio.com\/br\/circuito\/yas-marina\/\" target=\"_blank\" rel=\"noreferrer noopener\"><\/a><a href=\"https:\/\/www.grandepremio.com\/br\/circuito\/yas-marina\/\" target=\"_blank\" rel=\"noreferrer noopener\"><\/a><a href=\"https:\/\/www.grandepremio.com\/br\/circuito\/yas-marina\/\" target=\"_blank\" rel=\"noreferrer noopener\"><\/a><a href=\"https:\/\/www.grandepremio.com\/br\/circuito\/yas-marina\/\" target=\"_blank\" rel=\"noreferrer noopener\"><\/a><a href=\"https:\/\/www.grandepremio.com\/br\/circuito\/yas-marina\/\" target=\"_blank\" rel=\"noreferrer noopener\"><\/a><a href=\"https:\/\/www.grandepremio.com\/br\/circuito\/yas-marina\/\" target=\"_blank\" rel=\"noreferrer noopener\"><\/a><a href=\"https:\/\/www.grandepremio.com\/br\/circuito\/yas-marina\/\" target=\"_blank\" rel=\"noreferrer noopener\"><\/a><a href=\"https:\/\/www.grandepremio.com\/br\/circuito\/yas-marina\/\" target=\"_blank\" rel=\"noreferrer noopener\">Yas Marina<\/a><\/strong>&nbsp;para acompanhar todas as emo\u00e7\u00f5es da etapa com o rep\u00f3rter&nbsp;<strong>Leonid Kliuev<\/strong>.<\/p>\n\n\n\n<p class=\"wp-block-paragraph\"><strong>GP de Abu Dhabi de F1: veja os hor\u00e1rios em Brasil, Cabo Verde,&nbsp;<a href=\"https:\/\/grandepremio.pt\/\" target=\"_blank\" rel=\"noreferrer noopener\">Portugal<\/a>, Angola e Mo\u00e7ambique:<\/strong><\/p>\n\n\n\n<figure class=\"wp-block-table\"><table class=\"has-fixed-layout\"><tbody><tr><td><strong>Sess\u00e3o<\/strong><\/td><td><strong>BRA*<\/strong><\/td><td><strong>CBV<\/strong><\/td><td><strong>POR<\/strong><br><strong>ANG<\/strong><\/td><td><strong>MOZ<\/strong><\/td><\/tr><tr><td>Corrida<\/td><td>10:00<\/td><td>12:00<\/td><td>14:30<\/td><td>15:00<\/td><\/tr><\/tbody><\/table><\/figure>\n\n\n\n<p class=\"wp-block-paragraph\"><em>*Hor\u00e1rio de Bras\u00edlia<\/em><\/p>\n","protected":false},"excerpt":{"rendered":"<p>Com ida ao Q3 neste s\u00e1bado, Gabriel Bortoleto igualou Nico H\u00fclkenberg na disputa de classifica\u00e7\u00f5es da Sauber em 2025. Piloto brasileiro parte o GP de Abu Dhabi na s\u00e9tima posi\u00e7\u00e3o<\/p>\n","protected":false},"author":0,"featured_media":1001041639,"comment_status":"closed","ping_status":"closed","sticky":false,"template":"","format":"standard","meta":{"42wp_featured_image_caption":"","42wp_featured_image_credits":"","42wp_featured_video":"","42wp_featured_image_hidden":false,"42wp_authors_list":[],"footnotes":""},"categories":[2],"tags":[20491,27861,309,26271,546,209,5273,302,147,3630,176,207,180,3628,25440,350,800,25424,37274,1491,28285,119,30840,28104,485,547,87,595,203,90,82,1521,29923,35129,2916,676,38179,204,1197,42001,215,1901,42513,37255,597],"42wp_author":[47119],"class_list":["post-14170","post","type-post","status-publish","format-standard","has-post-thumbnail","hentry","category-f1","tag-alpine","tag-andrea-kimi-antonelli","tag-aston-martin","tag-calendario-f1","tag-carlos-sainz","tag-charles-leclerc","tag-classificacao-f1","tag-esteban-ocon","tag-f1","tag-f1-2025","tag-fernando-alonso","tag-ferrari","tag-formula-1","tag-formula-1-2025","tag-franco-colapinto","tag-gabriel-bortoleto","tag-george-russell","tag-gp-de-abu-dhabi","tag-gp-de-abu-dhabi-f1","tag-grande-premio","tag-grandepremio","tag-haas","tag-horarios-f1","tag-isack-hadjar","tag-lance-stroll","tag-lando-norris","tag-lewis-hamilton","tag-liam-lawson","tag-max-verstappen","tag-mclaren","tag-mercedes","tag-nico-hulkenberg","tag-oliver-bearman","tag-onde-assistir-f1","tag-oscar-piastri","tag-pierre-gasly","tag-racing-bulls","tag-red-bull","tag-sauber","tag-temporada-2025-f1","tag-williams","tag-yas-marina","tag-yas-marina-2025","tag-yas-marina-f1","tag-yuki-tsunoda","42wp_author-gabriel-carvalho"],"_links":{"self":[{"href":"https:\/\/grandepremio.com\/br\/wp-json\/wp\/v2\/posts\/14170","targetHints":{"allow":["GET"]}}],"collection":[{"href":"https:\/\/grandepremio.com\/br\/wp-json\/wp\/v2\/posts"}],"about":[{"href":"https:\/\/grandepremio.com\/br\/wp-json\/wp\/v2\/types\/post"}],"replies":[{"embeddable":true,"href":"https:\/\/grandepremio.com\/br\/wp-json\/wp\/v2\/comments?post=14170"}],"version-history":[{"count":0,"href":"https:\/\/grandepremio.com\/br\/wp-json\/wp\/v2\/posts\/14170\/revisions"}],"wp:featuredmedia":[{"embeddable":true,"href":"https:\/\/grandepremio.com\/br\/wp-json\/wp\/v2\/media\/1001041639"}],"wp:attachment":[{"href":"https:\/\/grandepremio.com\/br\/wp-json\/wp\/v2\/media?parent=14170"}],"wp:term":[{"taxonomy":"category","embeddable":true,"href":"https:\/\/grandepremio.com\/br\/wp-json\/wp\/v2\/categories?post=14170"},{"taxonomy":"post_tag","embeddable":true,"href":"https:\/\/grandepremio.com\/br\/wp-json\/wp\/v2\/tags?post=14170"},{"taxonomy":"42wp_author","embeddable":true,"href":"https:\/\/grandepremio.com\/br\/wp-json\/wp\/v2\/42wp_author?post=14170"}],"curies":[{"name":"wp","href":"https:\/\/api.w.org\/{rel}","templated":true}]}}