{"id":14174,"date":"2025-12-06T16:00:06","date_gmt":"2025-12-06T19:00:06","guid":{"rendered":"https:\/\/grandepremio.com\/br\/noticias\/sauber-louva-gabriel-bortoleto-7o-lugar-grid-abu-dhabi-entregou-tudo-cada-volta\/"},"modified":"2025-12-06T16:03:36","modified_gmt":"2025-12-06T19:03:36","slug":"sauber-louva-gabriel-bortoleto-7o-lugar-grid-abu-dhabi-entregou-tudo-cada-volta","status":"publish","type":"post","link":"https:\/\/grandepremio.com\/br\/f1\/sauber-louva-gabriel-bortoleto-7o-lugar-grid-abu-dhabi-entregou-tudo-cada-volta\/","title":{"rendered":"Sauber louva Bortoleto por 7\u00ba lugar no grid de Abu Dhabi: &#8220;Entregou tudo em cada volta&#8221;"},"content":{"rendered":"\n<p class=\"wp-block-paragraph\"><strong>Jonathan Wheatley<\/strong> avaliou o desempenho da <strong>Sauber<\/strong> na classifica\u00e7\u00e3o do <strong>GP de Abu Dhabi<\/strong>, <a href=\"https:\/\/www.grandepremio.com\/br\/f1\/noticias\/max-verstappen-acha-volta-magica-crava-pole-gp-abu-dhabi-lando-norris-2o-gabriel-bortoleto-7o\/\">realizada neste domingo (6)<\/a>, e rasgou elogios a <strong>Gabriel Bortoleto<\/strong>, que conquistou uma vaga no Q3. De olho no s\u00e9timo lugar do Mundial de Construtores, o dirigente ainda destacou que a equipe precisa &#8220;maximizar as oportunidades&#8221; na luta contra <strong>Haas<\/strong> e <strong>Aston Martin<\/strong>.<\/p>\n\n\n\n<p class=\"wp-block-paragraph\">Com bons resultados alcan\u00e7ados nos treinos livres, o time su\u00ed\u00e7o esperava colocar os dois pilotos dentro do top-10. No entanto, <strong>Nico H\u00fclkenberg<\/strong>, que <a href=\"https:\/\/www.grandepremio.com\/br\/f1\/noticias\/nico-hulkenberg-assume-culpa-eliminacao-precoce-abu-dhabi-estragamos-tudo\/\">apontou algumas falhas na prepara\u00e7\u00e3o das voltas<\/a>, caiu logo no Q1 e teve de se contentar com o 18\u00ba lugar no grid. Por outro lado, o brasileiro, que tamb\u00e9m <a href=\"https:\/\/www.grandepremio.com\/br\/f1\/noticias\/gabriel-bortoleto-admite-questionou-ritmo-sauber-celebra-7o-lugar-grid-abu-dhabi\/\">quase ficou pelo caminho na primeira fase<\/a>, conseguiu avan\u00e7ar at\u00e9 o fim e concluiu na s\u00e9tima coloca\u00e7\u00e3o.<\/p>\n\n\n\n<p class=\"wp-block-paragraph\">&#8220;Antes de tudo, quero pedir desculpas a Nico. Ele tinha total capacidade de chegar ao Q3, mas o timing foi comprometido, o que afetou sua chance de avan\u00e7ar para o Q2&#8221;, come\u00e7ou Wheatley. &#8220;Do outro lado da garagem, por\u00e9m, foi uma performance incr\u00edvel do Gabi. Entregou exatamente o que precisava em cada volta. Foi \u00f3timo estar l\u00e1 na frente brigando com os l\u00edderes, e ele realmente mereceu aquela posi\u00e7\u00e3o excepcional na classifica\u00e7\u00e3o. Mostrou toda a sua qualidade hoje&#8221;, celebrou.<\/p>\n\n\n\n<p class=\"wp-block-paragraph\">Por fim, o chefe da Sauber reconheceu que a escuderia ter\u00e1 mais dificuldades do que esperava na prova em <strong>Yas Marina<\/strong>, pois planejava ter os dois pilotos na parte de cima desde o in\u00edcio. Com 68 pontos, os verdinhos ocupam a nona posi\u00e7\u00e3o no campeonato, logo atr\u00e1s da Haas (73), na oitava coloca\u00e7\u00e3o, e Aston Martin (80), s\u00e9tima.<\/p>\n\n\n\n<figure class=\"wp-block-image size-large\"><img decoding=\"async\" src=\"https:\/\/www.grandepremio.com\/br\/wp-content\/uploads\/2025\/12\/abu-dhabi-2025-f1-treino-livre-1-sauber-gabriel-bortoleto-02-1200x800.jpg\" alt=\"\" class=\"wp-image-1040777\"\/><figcaption class=\"wp-element-caption\">Gabriel Bortoleto conquistou um \u00f3timo s\u00e9timo lugar com a Sauber no grid(Foto: Sauber)<\/figcaption><\/figure>\n\n\n\n<p class=\"wp-block-paragraph\">\u25b6\ufe0f <strong>F1: faltam quantas corridas?\u00a0<a href=\"https:\/\/www.grandepremio.com\/br\/f1\/calendario\/\" target=\"_blank\" rel=\"noreferrer noopener\">Veja o calend\u00e1rio da F1<\/a><\/strong><br>\u25b6\ufe0f <strong>Inscreva-se nos dois canais do GRANDE PR\u00caMIO no YouTube:\u00a0<a href=\"https:\/\/www.youtube.com\/channel\/UC9OlHEgxoaY6QY6nWPoiqQg?sub_confirmation=1\" target=\"_blank\" rel=\"noreferrer noopener\">GP<\/a>\u00a0|\u00a0<a href=\"https:\/\/www.youtube.com\/channel\/UC9csiS6q_C3C0FYhyr1rnFA?sub_confirmation=1\" target=\"_blank\" rel=\"noreferrer noopener\">GP2<\/a><\/strong><\/p>\n\n\n\n<p class=\"wp-block-paragraph\">&#8220;Olhando para amanh\u00e3, vamos largar de uma boa posi\u00e7\u00e3o, mas nossos principais concorrentes est\u00e3o todos ao nosso lado. N\u00e3o h\u00e1 uma vantagem clara dentro desse grupo, e nosso objetivo \u00e9 muito \u00f3bvio: marcar mais pontos que Haas e Aston Martin&#8221;, explicou.<\/p>\n\n\n\n<p class=\"wp-block-paragraph\">&#8220;Vai ser mais dif\u00edcil do que esper\u00e1vamos inicialmente, mas ainda est\u00e1 ao nosso alcance. Nosso foco agora \u00e9 maximizar as oportunidades com os dois carros, fazer tudo o que pudermos para marcar pontos e ajudar Nico a se recuperar e voltar para a melhor posi\u00e7\u00e3o poss\u00edvel&#8221;, concluiu o mandat\u00e1rio da Sauber.<\/p>\n\n\n\n<p class=\"wp-block-paragraph\">O\u00a0<strong>GRANDE PR\u00caMIO<\/strong>\u00a0acompanha todas as atividades<a href=\"https:\/\/www.grandepremio.com\/br\/ao-vivo\/f1\/\">\u00a0<strong>AO VIVO E EM\u00a0<\/strong><\/a><strong><a href=\"https:\/\/www.grandepremio.com\/br\/ao-vivo\/\" target=\"_blank\" rel=\"noreferrer noopener\">TEMPO REAL<\/a><\/strong>,\u00a0<a href=\"https:\/\/www.youtube.com\/@GrandePremio1\/streams\">al\u00e9m de classifica\u00e7\u00e3o e corrida em\u00a0<strong>SEGUNDA TELA\u00a0<\/strong>no YouTube<\/a>, em parceria com a\u00a0<strong>Voz do Esporte<\/strong>. O\u00a0<strong>Briefing\u00a0<\/strong>chega para analisar ap\u00f3s o fim de cada dia de atividades nas redes sociais e na\u00a0<strong>GPTV<\/strong>.<\/p>\n\n\n\n<p class=\"wp-block-paragraph\">Al\u00e9m da cobertura tradicional, o<strong>&nbsp;GRANDE PR\u00caMIO<\/strong>&nbsp;estar\u00e1&nbsp;<strong>IN LOCO<\/strong>&nbsp;em&nbsp;<strong><a href=\"https:\/\/www.grandepremio.com\/br\/circuito\/yas-marina\/\" target=\"_blank\" rel=\"noreferrer noopener\"><\/a><a href=\"https:\/\/www.grandepremio.com\/br\/circuito\/yas-marina\/\" target=\"_blank\" rel=\"noreferrer noopener\"><\/a><a href=\"https:\/\/www.grandepremio.com\/br\/circuito\/yas-marina\/\" target=\"_blank\" rel=\"noreferrer noopener\"><\/a><a href=\"https:\/\/www.grandepremio.com\/br\/circuito\/yas-marina\/\" target=\"_blank\" rel=\"noreferrer noopener\"><\/a><a href=\"https:\/\/www.grandepremio.com\/br\/circuito\/yas-marina\/\" target=\"_blank\" rel=\"noreferrer noopener\"><\/a><a href=\"https:\/\/www.grandepremio.com\/br\/circuito\/yas-marina\/\" target=\"_blank\" rel=\"noreferrer noopener\"><\/a><a href=\"https:\/\/www.grandepremio.com\/br\/circuito\/yas-marina\/\" target=\"_blank\" rel=\"noreferrer noopener\"><\/a><a href=\"https:\/\/www.grandepremio.com\/br\/circuito\/yas-marina\/\" target=\"_blank\" rel=\"noreferrer noopener\"><\/a><a href=\"https:\/\/www.grandepremio.com\/br\/circuito\/yas-marina\/\" target=\"_blank\" rel=\"noreferrer noopener\"><\/a><a href=\"https:\/\/www.grandepremio.com\/br\/circuito\/yas-marina\/\" target=\"_blank\" rel=\"noreferrer noopener\"><\/a><a href=\"https:\/\/www.grandepremio.com\/br\/circuito\/yas-marina\/\" target=\"_blank\" rel=\"noreferrer noopener\"><\/a><a href=\"https:\/\/www.grandepremio.com\/br\/circuito\/yas-marina\/\" target=\"_blank\" rel=\"noreferrer noopener\"><\/a><a href=\"https:\/\/www.grandepremio.com\/br\/circuito\/yas-marina\/\" target=\"_blank\" rel=\"noreferrer noopener\"><\/a><a href=\"https:\/\/www.grandepremio.com\/br\/circuito\/yas-marina\/\" target=\"_blank\" rel=\"noreferrer noopener\"><\/a><a href=\"https:\/\/www.grandepremio.com\/br\/circuito\/yas-marina\/\" target=\"_blank\" rel=\"noreferrer noopener\"><\/a><a href=\"https:\/\/www.grandepremio.com\/br\/circuito\/yas-marina\/\" target=\"_blank\" rel=\"noreferrer noopener\"><\/a><a href=\"https:\/\/www.grandepremio.com\/br\/circuito\/yas-marina\/\" target=\"_blank\" rel=\"noreferrer noopener\"><\/a><a href=\"https:\/\/www.grandepremio.com\/br\/circuito\/yas-marina\/\" target=\"_blank\" rel=\"noreferrer noopener\">Yas Marina<\/a><\/strong>&nbsp;para acompanhar todas as emo\u00e7\u00f5es da etapa com o rep\u00f3rter&nbsp;<strong>Leonid Kliuev<\/strong>.<\/p>\n\n\n\n<p class=\"wp-block-paragraph\"><strong>GP de Abu Dhabi de F1: veja os hor\u00e1rios em Brasil, Cabo Verde,&nbsp;<a href=\"https:\/\/grandepremio.pt\/\" target=\"_blank\" rel=\"noreferrer noopener\">Portugal<\/a>, Angola e Mo\u00e7ambique:<\/strong><\/p>\n\n\n\n<figure class=\"wp-block-table\"><table class=\"has-fixed-layout\"><tbody><tr><td><strong>Sess\u00e3o<\/strong><\/td><td><strong>BRA*<\/strong><\/td><td><strong>CBV<\/strong><\/td><td><strong>POR<\/strong><br><strong>ANG<\/strong><\/td><td><strong>MOZ<\/strong><\/td><\/tr><tr><td>Corrida<\/td><td>10:00<\/td><td>12:00<\/td><td>14:30<\/td><td>15:00<\/td><\/tr><\/tbody><\/table><\/figure>\n\n\n\n<p class=\"wp-block-paragraph\"><em>*Hor\u00e1rio de Bras\u00edlia<\/em><\/p>\n\n\n\n<figure class=\"wp-block-embed is-type-video is-provider-youtube wp-block-embed-youtube wp-embed-aspect-16-9 wp-has-aspect-ratio\"><div class=\"wp-block-embed__wrapper\">\n<iframe loading=\"lazy\" title=\"VERSTAPPEN \u00c9 POLE, NORRIS E PIASTRI V\u00caM ATR\u00c1S: GRID DE LARGADA DA F1 EM ABU DHABI | BRIEFING\" width=\"500\" height=\"281\" src=\"https:\/\/www.youtube.com\/embed\/8J_yWdFufx0?feature=oembed\" frameborder=\"0\" allow=\"accelerometer; autoplay; clipboard-write; encrypted-media; gyroscope; picture-in-picture; web-share\" referrerpolicy=\"strict-origin-when-cross-origin\" allowfullscreen><\/iframe>\n<\/div><\/figure>\n","protected":false},"excerpt":{"rendered":"<p>Chefe da Sauber, Jonathan Wheatley n\u00e3o poupou palavras na hora de elogiar &#8220;excepcional&#8221; Gabriel Bortoleto por classifica\u00e7\u00e3o no GP de Abu Dhabi<\/p>\n","protected":false},"author":0,"featured_media":1001041628,"comment_status":"closed","ping_status":"closed","sticky":false,"template":"","format":"standard","meta":{"42wp_featured_image_caption":"","42wp_featured_image_credits":"","42wp_featured_video":"","42wp_featured_image_hidden":false,"42wp_authors_list":[],"footnotes":""},"categories":[2],"tags":[26271,5273,147,3630,180,3628,350,25424,37274,1491,28285,30840,21324,1521,35129,1197,42001,1901,42513,37255],"42wp_author":[47160],"class_list":["post-14174","post","type-post","status-publish","format-standard","has-post-thumbnail","hentry","category-f1","tag-calendario-f1","tag-classificacao-f1","tag-f1","tag-f1-2025","tag-formula-1","tag-formula-1-2025","tag-gabriel-bortoleto","tag-gp-de-abu-dhabi","tag-gp-de-abu-dhabi-f1","tag-grande-premio","tag-grandepremio","tag-horarios-f1","tag-jonathan-wheatley","tag-nico-hulkenberg","tag-onde-assistir-f1","tag-sauber","tag-temporada-2025-f1","tag-yas-marina","tag-yas-marina-2025","tag-yas-marina-f1","42wp_author-vicente-soella"],"_links":{"self":[{"href":"https:\/\/grandepremio.com\/br\/wp-json\/wp\/v2\/posts\/14174","targetHints":{"allow":["GET"]}}],"collection":[{"href":"https:\/\/grandepremio.com\/br\/wp-json\/wp\/v2\/posts"}],"about":[{"href":"https:\/\/grandepremio.com\/br\/wp-json\/wp\/v2\/types\/post"}],"replies":[{"embeddable":true,"href":"https:\/\/grandepremio.com\/br\/wp-json\/wp\/v2\/comments?post=14174"}],"version-history":[{"count":0,"href":"https:\/\/grandepremio.com\/br\/wp-json\/wp\/v2\/posts\/14174\/revisions"}],"wp:featuredmedia":[{"embeddable":true,"href":"https:\/\/grandepremio.com\/br\/wp-json\/wp\/v2\/media\/1001041628"}],"wp:attachment":[{"href":"https:\/\/grandepremio.com\/br\/wp-json\/wp\/v2\/media?parent=14174"}],"wp:term":[{"taxonomy":"category","embeddable":true,"href":"https:\/\/grandepremio.com\/br\/wp-json\/wp\/v2\/categories?post=14174"},{"taxonomy":"post_tag","embeddable":true,"href":"https:\/\/grandepremio.com\/br\/wp-json\/wp\/v2\/tags?post=14174"},{"taxonomy":"42wp_author","embeddable":true,"href":"https:\/\/grandepremio.com\/br\/wp-json\/wp\/v2\/42wp_author?post=14174"}],"curies":[{"name":"wp","href":"https:\/\/api.w.org\/{rel}","templated":true}]}}