{"id":141993,"date":"2026-06-20T13:43:11","date_gmt":"2026-06-20T16:43:11","guid":{"rendered":"https:\/\/grandepremio.com\/br\/?p=141993"},"modified":"2026-06-20T13:47:30","modified_gmt":"2026-06-20T16:47:30","slug":"josef-newgarden-reaparece-muletas-paddock-indy-se-esquiva-sobre-cirurgia","status":"publish","type":"post","link":"https:\/\/grandepremio.com\/br\/indy\/josef-newgarden-reaparece-muletas-paddock-indy-se-esquiva-sobre-cirurgia\/","title":{"rendered":"Newgarden reaparece de muletas no paddock da Indy e se esquiva sobre cirurgia"},"content":{"rendered":"\n<p class=\"wp-block-paragraph\"><strong>Josef Newgarden<\/strong>, ainda sofrendo com dores no p\u00e9 esquerdo em decorr\u00eancia do acidente sofrido nas <strong>500 Milhas de Indian\u00e1polis<\/strong>, apareceu utilizando duas muletas no paddock da <strong>Indy<\/strong> em <strong>Road America<\/strong>, diferente do que aconteceu em <strong>St. Louis<\/strong>, quando usou apenas uma bota ortop\u00e9dica, e em <strong>Detroit<\/strong>, quando tinha apenas um aparato de apoio. Questionado sobre ter realizado uma cirurgia no intervalo entre a nona e a d\u00e9cima etapa da temporada 2026, o norte-americano se esquivou, mas n\u00e3o desmentiu o assunto.<\/p>\n\n\n\n<p class=\"wp-block-paragraph\">\u201cAh, quem te contou isso?\u201d, indagou Newgarden \u00e0 <strong>Georgia Hanneberry<\/strong>, rep\u00f3rter da <strong>FOX<\/strong> na transmiss\u00e3o da Indy, pouco antes do treino livre 1.<\/p>\n\n\n\n<figure class=\"wp-block-embed is-type-video is-provider-youtube wp-block-embed-youtube wp-embed-aspect-9-16 wp-has-aspect-ratio\"><div class=\"wp-block-embed__wrapper\">\n<iframe loading=\"lazy\" title=\"&quot;BARRANQUILLA E GOIA\u0302NIA EXPO\u0303EM POTENCIAL QUE INDY INSISTE EM ADIAR&quot;\" width=\"422\" height=\"750\" src=\"https:\/\/www.youtube.com\/embed\/5K33ygq2ZpE?feature=oembed\" frameborder=\"0\" allow=\"accelerometer; autoplay; clipboard-write; encrypted-media; gyroscope; picture-in-picture; web-share\" referrerpolicy=\"strict-origin-when-cross-origin\" allowfullscreen><\/iframe>\n<\/div><\/figure>\n\n\n\n<p class=\"wp-block-paragraph\">\u201c\u00c9 que, sabe como \u00e9&#8230; estamos na temporada de usar sand\u00e1lias. E essa coisa aqui [apontando para o p\u00e9 esquerdo] vai ficar muito bonita de sand\u00e1lia. Mal posso esperar. Mas vamos ver o que nos aguarda hoje neste treino\u201d, brincou Newgarden em seguida.<\/p>\n\n\n\n<p class=\"wp-block-paragraph\">Apesar de ter ido \u00e0 pista no TL1 realizado nesta sexta-feira (19), Newgarden mostrou desempenho discreto. O piloto da <strong>Penske<\/strong> encerrou a sess\u00e3o na 14\u00aa coloca\u00e7\u00e3o, com a marca de 1min45s004, ficando a 0s732 do l\u00edder <strong>Marcus Armstrong<\/strong>, da <strong>Meyer Shank<\/strong>. Na manh\u00e3 deste s\u00e1bado (20), o norte-americano foi apenas 13\u00ba, a 0s99 de <strong>Pato O\u2019Ward<\/strong>, o mais r\u00e1pido.<\/p>\n\n\n\n<figure class=\"wp-block-image size-large\"><img loading=\"lazy\" decoding=\"async\" width=\"1024\" height=\"683\" src=\"https:\/\/grandepremio.com\/br\/wp-content\/uploads\/2026\/06\/XPEL-Grand-Prix-at-Road-America-Friday_-June-19_-2026_Large-Image-Without-Watermark_m158139-1024x683.jpg\" alt=\"\" class=\"wp-image-1020306893\" srcset=\"https:\/\/grandepremio.com\/wp-content\/uploads\/2026\/06\/XPEL-Grand-Prix-at-Road-America-Friday_-June-19_-2026_Large-Image-Without-Watermark_m158139-1024x683.jpg 1024w, https:\/\/grandepremio.com\/wp-content\/uploads\/2026\/06\/XPEL-Grand-Prix-at-Road-America-Friday_-June-19_-2026_Large-Image-Without-Watermark_m158139-300x200.jpg 300w, https:\/\/grandepremio.com\/wp-content\/uploads\/2026\/06\/XPEL-Grand-Prix-at-Road-America-Friday_-June-19_-2026_Large-Image-Without-Watermark_m158139-768x512.jpg 768w, https:\/\/grandepremio.com\/wp-content\/uploads\/2026\/06\/XPEL-Grand-Prix-at-Road-America-Friday_-June-19_-2026_Large-Image-Without-Watermark_m158139-1536x1024.jpg 1536w, https:\/\/grandepremio.com\/wp-content\/uploads\/2026\/06\/XPEL-Grand-Prix-at-Road-America-Friday_-June-19_-2026_Large-Image-Without-Watermark_m158139-2048x1365.jpg 2048w, https:\/\/grandepremio.com\/wp-content\/uploads\/2026\/06\/XPEL-Grand-Prix-at-Road-America-Friday_-June-19_-2026_Large-Image-Without-Watermark_m158139-150x100.jpg 150w\" sizes=\"(max-width: 1024px) 100vw, 1024px\" \/><figcaption class=\"wp-element-caption\">Josef Newgarden e Felipe Nasr (Foto: Indycar)<\/figcaption><\/figure>\n\n\n\n<p class=\"wp-block-paragraph\">Enquanto isso, <strong>Felipe Nasr<\/strong> segue de sobreaviso pela Penske. Nesta sexta-feira, antes de Newgarden ir ao carro, o brasileiro estava pronto para assumir a vaga, trajado com macac\u00e3o e demais indument\u00e1rias pelo paddock \u2014 s\u00f3 faltou colocar a balaclava e o capacete.<\/p>\n\n\n\n<p class=\"wp-block-paragraph\">A\u00a0<strong>Indy<\/strong>\u00a0retorna neste s\u00e1bado (20) com a classifica\u00e7\u00e3o do\u00a0<strong>GP de Road America<\/strong>, agendada \u00e0s 15h. A d\u00e9cima etapa da temporada 2026 tem cobertura completa do\u00a0<strong>GRANDE PR\u00caMIO<\/strong>.<\/p>\n\n\n\n<p class=\"wp-block-paragraph\"><strong>Inscreva-se nos dois canais do GRANDE PR\u00caMIO no YouTube:&nbsp;<a href=\"https:\/\/www.youtube.com\/channel\/UC9OlHEgxoaY6QY6nWPoiqQg?sub_confirmation=1\">GP<\/a>&nbsp;|&nbsp;<a href=\"https:\/\/www.youtube.com\/channel\/UC9csiS6q_C3C0FYhyr1rnFA?sub_confirmation=1\">GPTV<\/a><\/strong><\/p>\n\n\n\n<h2 class=\"wp-block-heading\"><strong>Indy hoje: saiba aqui as not\u00edcias mais importantes do dia da IndyCar Series<\/strong><\/h2>\n\n\n\n<p class=\"wp-block-paragraph\">A reda\u00e7\u00e3o do&nbsp;<strong>GRANDE PR\u00caMIO<\/strong>&nbsp;selecionou as not\u00edcias mais importantes das \u00faltimas horas para voc\u00ea ficar por dentro de tudo que acontece na Indy.<\/p>\n\n\n\n<p class=\"wp-block-paragraph\"><strong><a href=\"https:\/\/grandepremio.com\/br\/indy\/pato-oward-bate-marcus-armstrong-lidera-treino-livre-2-indy-road-america-caio-collet-e-5o\/\">O\u2019Ward bate Armstrong e lidera treino livre 2 da Indy em Road America. Collet \u00e9 5\u00ba<\/a><\/strong><br><strong><a href=\"https:\/\/grandepremio.com\/br\/indy\/marcus-armstrong-puxa-1-2-meyer-shank-tl1-gp-de-road-america-caio-collet-e-6o\/\">Armstrong puxa 1-2 da Meyer Shank no TL1 do GP de Road America. Collet \u00e9 6\u00ba<\/a><br><a href=\"https:\/\/grandepremio.com\/br\/indy\/felipe-nasr-exalta-penske-reforca-sempre-quis-ter-chance-real-indy\/\">Nasr exalta Penske e refor\u00e7a: \u201cSempre quis ter uma chance real na Indy\u201d<\/a><br><a href=\"https:\/\/grandepremio.com\/br\/indy\/penske-deixa-felipe-nasr-sobreaviso-road-america-por-precaucao-josef-newgarden\/\">Penske deixa Nasr de sobreaviso em Road America por precau\u00e7\u00e3o com Newgarden<\/a><\/strong><br><strong><a href=\"https:\/\/grandepremio.com\/br\/indy\/alex-palou-ve-pouca-diferenca-gama-pneus-projeta-corrida-interessante-road-america\/\">Palou v\u00ea pouca diferen\u00e7a em gama de pneus e projeta \u201ccorrida interessante\u201d em Road America<\/a><\/strong><br><strong><a href=\"https:\/\/grandepremio.com\/br\/indy\/scott-mclaughlin-ve-luz-no-fim-do-tunel-novo-engenheiro-indy-faz-autoavaliacao-nota-b\/\">McLaughlin v\u00ea \u201cluz no fim do t\u00fanel\u201d com engenheiro e faz autoavalia\u00e7\u00e3o: \u201cNota B-\u201c<\/a><br><a href=\"https:\/\/grandepremio.com\/br\/indy\/caio-collet-festeja-melhor-sexta-feira-da-temporada-6o-lugar-road-america\/\">Collet festeja \u201cmelhor sexta-feira da temporada\u201d com 6\u00ba lugar em Road America<\/a><\/strong><\/p>\n","protected":false},"excerpt":{"rendered":"<p>Em recupera\u00e7\u00e3o de les\u00e3o sofrida nas 500 Milhas de Indian\u00e1polis, Josef Newgarden voltou a aparecer com duas muletas no paddock da Indy e desconversou sobre poss\u00edvel cirurgia<\/p>\n","protected":false},"author":14,"featured_media":1020306900,"comment_status":"closed","ping_status":"closed","sticky":false,"template":"","format":"standard","meta":{"42wp_featured_image_caption":"INDY 2026, GP DE ROAD AMERICA, PENSKE, JOSEF NEWGARDEN","42wp_featured_image_credits":"","42wp_featured_video":"","42wp_featured_image_hidden":false,"42wp_authors_list":[],"footnotes":""},"categories":[3],"tags":[2980,3172,9828,617,417,41045,3134,39286,448,1848,25053,231,649,3486,1824,831,41046,334,1581,4925,1142,3837,409,6513,3144,619,322,45994,1595,1826,41184,4938,3773,25213,25661,29099,45993,3622,23410,26235,9851,3771,25472,38377,47197,26343,45771,5548,3475,1491,28285,45274,45990,130,47198,2552,2561,2555,93,41047,232,27726,27665,30500,94,2514,1975,41037,1555,4157,35404,791,3419,4985,31652,3936,3352,1569,39496,1782,1294,4166,4510,40701,3136,307,27262,26044,40869,34809,25714,34364,43094,3135,20825,99,265,2463,3769,45992,349,10198,2188,1331,3838,1869,120,3137,830,732,266,2984,5682,43796,3500,31345,44938,2610,45991,34703,3133],"42wp_author":[],"class_list":["post-141993","post","type-post","status-publish","format-standard","has-post-thumbnail","hentry","category-indy","tag-500-milhas-indianapolis","tag-alabama","tag-alex-palou","tag-alexander-rossi","tag-andretti","tag-arlington","tag-barber","tag-barber-motorsports-park","tag-caio-collet","tag-callum-ilott","tag-canada","tag-chevrolet","tag-christian-lundgaard","tag-christian-rasmussen","tag-conor-daly","tag-dale-coyne","tag-dallas-cowboys","tag-david-malukas","tag-dennis-hauger","tag-detroit","tag-dreyer-reinbold","tag-elkhart-lake","tag-enzo-fittipaldi","tag-espn","tag-felix-rosenqvist","tag-formula-indy","tag-foyt","tag-freedom-250","tag-ganassi","tag-gateway","tag-gp-de-arlington","tag-gp-de-detroit","tag-gp-de-gateway","tag-gp-de-indianapolis","tag-gp-de-laguna-seca","tag-gp-de-long-beach","tag-gp-de-markham","tag-gp-de-mid-ohio","tag-gp-de-milwaukee","tag-gp-de-nashville","tag-gp-de-phoenix","tag-gp-de-portland","tag-gp-de-road-america","tag-gp-de-st-petersburgo","tag-gp-de-st-louis","tag-gp-de-st-pete","tag-gp-de-washington","tag-gp-do-alabama","tag-graham-rahal","tag-grande-premio","tag-grandepremio","tag-guia-2026","tag-guia-da-indy-2026","tag-honda","tag-horarios-formula-indy","tag-ims","tag-indianapolis","tag-indianapolis-motor-speedway","tag-indy","tag-indy-2026","tag-indy-500","tag-indy-ao-vivo","tag-indy-na-band","tag-indy-na-espn","tag-indycar","tag-jack-harvey","tag-jack-miller","tag-jim-meyer","tag-josef-newgarden","tag-juncos","tag-kyffin-simpson","tag-kyle-kirkwood","tag-laguna-seca","tag-long-beach","tag-louis-foster","tag-madison","tag-marcus-armstrong","tag-marcus-ericsson","tag-max-taylor","tag-meyer-shank","tag-mick-schumacher","tag-mid-ohio","tag-milwaukee","tag-milwaukee-mile","tag-misto","tag-motor","tag-myles-rowe","tag-nashville","tag-nashville-superspeedway","tag-nikita-johnson","tag-nolan-siegel","tag-onde-assistir-a-indy","tag-onde-assistir-a-indy-ao-vivo","tag-oval","tag-oval-de-phoenix","tag-pato-oward","tag-penske","tag-phoenix","tag-portland","tag-portland-internacional-raceway","tag-prema","tag-rahal-letterman-lanigan","tag-rinus-veekay","tag-rll","tag-road-america","tag-robert-shwartzman","tag-romain-grosjean","tag-ryan-hunter-reay","tag-santino-ferrucci","tag-scott-dixon","tag-scott-mclaughlin","tag-sprint","tag-st-pete","tag-st-louis","tag-sting-ray-robb","tag-temporada-2026","tag-temporada-2026-da-indy","tag-texas","tag-texas-rangers","tag-tymek-kucharczyk","tag-will-power"],"_links":{"self":[{"href":"https:\/\/grandepremio.com\/br\/wp-json\/wp\/v2\/posts\/141993","targetHints":{"allow":["GET"]}}],"collection":[{"href":"https:\/\/grandepremio.com\/br\/wp-json\/wp\/v2\/posts"}],"about":[{"href":"https:\/\/grandepremio.com\/br\/wp-json\/wp\/v2\/types\/post"}],"author":[{"embeddable":true,"href":"https:\/\/grandepremio.com\/br\/wp-json\/wp\/v2\/users\/14"}],"replies":[{"embeddable":true,"href":"https:\/\/grandepremio.com\/br\/wp-json\/wp\/v2\/comments?post=141993"}],"version-history":[{"count":1,"href":"https:\/\/grandepremio.com\/br\/wp-json\/wp\/v2\/posts\/141993\/revisions"}],"predecessor-version":[{"id":141995,"href":"https:\/\/grandepremio.com\/br\/wp-json\/wp\/v2\/posts\/141993\/revisions\/141995"}],"wp:featuredmedia":[{"embeddable":true,"href":"https:\/\/grandepremio.com\/br\/wp-json\/wp\/v2\/media\/1020306900"}],"wp:attachment":[{"href":"https:\/\/grandepremio.com\/br\/wp-json\/wp\/v2\/media?parent=141993"}],"wp:term":[{"taxonomy":"category","embeddable":true,"href":"https:\/\/grandepremio.com\/br\/wp-json\/wp\/v2\/categories?post=141993"},{"taxonomy":"post_tag","embeddable":true,"href":"https:\/\/grandepremio.com\/br\/wp-json\/wp\/v2\/tags?post=141993"},{"taxonomy":"42wp_author","embeddable":true,"href":"https:\/\/grandepremio.com\/br\/wp-json\/wp\/v2\/42wp_author?post=141993"}],"curies":[{"name":"wp","href":"https:\/\/api.w.org\/{rel}","templated":true}]}}