{"id":142047,"date":"2026-06-20T19:30:21","date_gmt":"2026-06-20T22:30:21","guid":{"rendered":"https:\/\/grandepremio.com\/br\/?p=142047"},"modified":"2026-06-21T20:53:07","modified_gmt":"2026-06-21T23:53:07","slug":"marcus-armstrong-exalta-meyer-shank-por-3o-lugar-grid-road-america-pressao-era-grande","status":"publish","type":"post","link":"https:\/\/grandepremio.com\/br\/indy\/marcus-armstrong-exalta-meyer-shank-por-3o-lugar-grid-road-america-pressao-era-grande\/","title":{"rendered":"Armstrong exalta Meyer Shank por 3\u00ba lugar no grid em Road America: &#8220;Press\u00e3o era grande&#8221;"},"content":{"rendered":"\n<p class=\"wp-block-paragraph\">A <strong>Meyer Shank<\/strong> confirmou o bom ritmo apresentado nos treinos livres e carimbou a segunda fila na classifica\u00e7\u00e3o do <strong>GP de Road America<\/strong>, <a href=\"https:\/\/grandepremio.com\/br\/indy\/alex-palou-mantem-dominio-road-america-conquista-5a-pole-seguida-indy-2026-caio-collet-e-8o\/\">realizada neste s\u00e1bado (20)<\/a>. <strong>Marcus Armstrong<\/strong>, que garantiu o terceiro lugar no grid, elogiou o trabalho da equipe e reconheceu que havia press\u00e3o para a defini\u00e7\u00e3o das posi\u00e7\u00f5es de largada, j\u00e1 que estavam r\u00e1pidos desde o in\u00edcio.<\/p>\n\n\n\n<p class=\"wp-block-paragraph\">Armstrong anotou 1min44s022 na tentativa decisiva do Q3 e ficou atr\u00e1s apenas de <strong>David Malukas<\/strong> e <strong>\u00c1lex Palou<\/strong>, que cravou a quinta pole-position consecutiva na Indy 2026. O neozeland\u00eas vai largar ao lado do companheiro de equipe, <strong>Felix Rosenqvist<\/strong>, atual vencedor das <strong>500 Milhas de Indian\u00e1polis<\/strong>.<\/p>\n\n\n\n<figure class=\"wp-block-embed is-type-video is-provider-youtube wp-block-embed-youtube wp-embed-aspect-16-9 wp-has-aspect-ratio\"><div class=\"wp-block-embed__wrapper\">\n<iframe loading=\"lazy\" title=\"&quot;BARRANQUILLA E GOIA\u0302NIA EXPO\u0303EM POTENCIAL QUE INDY INSISTE EM ADIAR&quot;\" width=\"500\" height=\"281\" src=\"https:\/\/www.youtube.com\/embed\/5K33ygq2ZpE?feature=oembed\" frameborder=\"0\" allow=\"accelerometer; autoplay; clipboard-write; encrypted-media; gyroscope; picture-in-picture; web-share\" referrerpolicy=\"strict-origin-when-cross-origin\" allowfullscreen><\/iframe>\n<\/div><\/figure>\n\n\n\n<p class=\"wp-block-paragraph\">Por ter liderado o primeiro treino livre do GP de Road America \u2014 <a href=\"https:\/\/grandepremio.com\/br\/indy\/marcus-armstrong-celebra-carro-muito-bom-admite-estar-muito-doente-tl1-road-america\/\">mesmo com a sa\u00fade debilitada<\/a> \u2014 e ter ficado em segundo no TL2, o piloto do #66 admitiu que havia uma certa press\u00e3o sobre a Meyer Shank, j\u00e1 que apresentaram um ritmo forte desde o in\u00edcio do fim de semana.<\/p>\n\n\n\n<p class=\"wp-block-paragraph\">&#8220;A press\u00e3o estava grande hoje porque fomos r\u00e1pidos desde o in\u00edcio. E a\u00ed veio a classifica\u00e7\u00e3o, e pensamos: &#8216;Precisamos fazer o nosso trabalho agora&#8217;. E fizemos&#8221;, afirmou Armstrong.<\/p>\n\n\n\n<figure class=\"wp-block-image size-large\"><img loading=\"lazy\" decoding=\"async\" width=\"1024\" height=\"683\" src=\"https:\/\/grandepremio.com\/br\/wp-content\/uploads\/2026\/06\/XPEL-Grand-Prix-at-Road-America-Friday_-June-19_-2026_Ref-Image-Without-Watermark_m158009-1024x683.jpg\" alt=\"\" class=\"wp-image-1020306858\" srcset=\"https:\/\/grandepremio.com\/wp-content\/uploads\/2026\/06\/XPEL-Grand-Prix-at-Road-America-Friday_-June-19_-2026_Ref-Image-Without-Watermark_m158009-1024x683.jpg 1024w, https:\/\/grandepremio.com\/wp-content\/uploads\/2026\/06\/XPEL-Grand-Prix-at-Road-America-Friday_-June-19_-2026_Ref-Image-Without-Watermark_m158009-300x200.jpg 300w, https:\/\/grandepremio.com\/wp-content\/uploads\/2026\/06\/XPEL-Grand-Prix-at-Road-America-Friday_-June-19_-2026_Ref-Image-Without-Watermark_m158009-768x512.jpg 768w, https:\/\/grandepremio.com\/wp-content\/uploads\/2026\/06\/XPEL-Grand-Prix-at-Road-America-Friday_-June-19_-2026_Ref-Image-Without-Watermark_m158009-150x100.jpg 150w, https:\/\/grandepremio.com\/wp-content\/uploads\/2026\/06\/XPEL-Grand-Prix-at-Road-America-Friday_-June-19_-2026_Ref-Image-Without-Watermark_m158009.jpg 1080w\" sizes=\"(max-width: 1024px) 100vw, 1024px\" \/><figcaption class=\"wp-element-caption\">Marcus Armstrong garantiu terceiro lugar no grid do GP de Road America (Foto: Indycar)<\/figcaption><\/figure>\n\n\n\n<p class=\"wp-block-paragraph\">\u00a0&#8220;O carro estava \u00f3timo e tem estado assim durante todo o fim de semana. Ent\u00e3o, vamos para cima amanh\u00e3!&#8221;, finalizou o piloto do #66.<\/p>\n\n\n\n<p class=\"wp-block-paragraph\">Armstrong \u00e9 o d\u00e9cimo colocado no campeonato, com 196 pontos \u2014 a mesma pontua\u00e7\u00e3o de Marcus Ericsson, que leva vantagem por ter terminado o GP de St. Louis na segunda coloca\u00e7\u00e3o. O neozeland\u00eas tem dois quintos lugares (no GP de Phoenix e na Indy 500) como melhor posi\u00e7\u00e3o de chegada no ano e segue em busca do primeiro p\u00f3dio da temporada 2026. <\/p>\n\n\n\n<p class=\"wp-block-paragraph\">A<strong>&nbsp;Indy<\/strong>&nbsp;retorna neste domingo (21) com o&nbsp;<strong>GP de Road America<\/strong>, a partir das 15h (de Bras\u00edlia, GMT-3), com cobertura completa do&nbsp;<strong>GRANDE PR\u00caMIO<\/strong>.<\/p>\n\n\n\n<p class=\"wp-block-paragraph\"><strong>Inscreva-se nos dois canais do GRANDE PR\u00caMIO no YouTube:&nbsp;<a href=\"https:\/\/www.youtube.com\/channel\/UC9OlHEgxoaY6QY6nWPoiqQg?sub_confirmation=1\">GP<\/a>&nbsp;|&nbsp;<a href=\"https:\/\/www.youtube.com\/channel\/UC9csiS6q_C3C0FYhyr1rnFA?sub_confirmation=1\">GPTV<\/a><\/strong><\/p>\n\n\n\n<h2 class=\"wp-block-heading\"><strong>Indy hoje: saiba aqui as not\u00edcias mais importantes do dia da IndyCar Series<\/strong><\/h2>\n\n\n\n<p class=\"wp-block-paragraph\">A reda\u00e7\u00e3o do&nbsp;<strong>GRANDE PR\u00caMIO<\/strong>&nbsp;selecionou as not\u00edcias mais importantes das \u00faltimas horas para voc\u00ea ficar por dentro de tudo que acontece na Indy.<\/p>\n\n\n\n<p class=\"wp-block-paragraph\"><a href=\"https:\/\/grandepremio.com\/br\/indy\/alex-palou-mantem-dominio-road-america-conquista-5a-pole-seguida-indy-2026-caio-collet-e-8o\/\"><strong>Palou mant\u00e9m dom\u00ednio em Road America e conquista 5\u00aa pole seguida na Indy 2026. Collet \u00e9 8\u00ba<\/strong><\/a><br><strong><a href=\"https:\/\/grandepremio.com\/br\/indy\/caio-collet-festeja-melhor-posicao-largada-temporada-road-america-estamos-fortes\/\">Collet festeja melhor posi\u00e7\u00e3o de largada da temporada em Road America: \u201cEstamos fortes\u201d<\/a><\/strong><br><a href=\"https:\/\/grandepremio.com\/br\/indy\/alex-palou-transforma-extraordinario-rotina-segue-imparavel-indy\/\">Palou transforma extraordin\u00e1rio em rotina e segue impar\u00e1vel na Indy<\/a><br><a href=\"https:\/\/grandepremio.com\/br\/indy\/alex-palou-celebra-5a-pole-seguida-road-america-mas-alerta-corrida-vai-ser-dificil\/\">Palou celebra 5\u00aa pole seguida em Road America, mas alerta: \u201cCorrida vai ser dif\u00edcil\u201d<\/a><br><a href=\"https:\/\/grandepremio.com\/br\/indy\/pato-oward-bate-marcus-armstrong-lidera-treino-livre-2-indy-road-america-caio-collet-e-5o\/\"><strong>O\u2019Ward bate Armstrong e lidera treino livre 2 da Indy em Road America. Collet \u00e9 5\u00ba<\/strong><\/a><br><strong><a href=\"https:\/\/grandepremio.com\/br\/indy\/marcus-armstrong-puxa-1-2-meyer-shank-tl1-gp-de-road-america-caio-collet-e-6o\/\">Armstrong puxa 1-2 da Meyer Shank no TL1 do GP de Road America. Collet \u00e9 6\u00ba<\/a><br><a href=\"https:\/\/grandepremio.com\/br\/indy\/felipe-nasr-exalta-penske-reforca-sempre-quis-ter-chance-real-indy\/\">Nasr exalta Penske e refor\u00e7a: \u201cSempre quis ter uma chance real na Indy\u201d<\/a><br><\/strong><a href=\"https:\/\/grandepremio.com\/br\/indy\/lochie-hughes-vence-acidentada-corrida-1-indy-nxt-road-america-enzo-fittipaldi-22o\/\"><strong>Hughes vence acidentada corrida 1 da Indy NXT em Road America. Fittipaldi \u00e9 22\u00b0<\/strong><\/a><\/p>\n\n\n\n<p class=\"wp-block-paragraph\"><\/p>\n","protected":false},"excerpt":{"rendered":"<p>Terceiro colocado no grid do GP de Road America, Marcus Armstrong ressaltou que o carro est\u00e1 bom durante todo o fim de semana e admitiu que tinha press\u00e3o sobre a Meyer Shank antes da classifica\u00e7\u00e3o<\/p>\n","protected":false},"author":21,"featured_media":1020307023,"comment_status":"closed","ping_status":"closed","sticky":false,"template":"","format":"standard","meta":{"42wp_featured_image_caption":"XPEL INDYCAR Grand Prix at Road America","42wp_featured_image_credits":"","42wp_featured_video":"","42wp_featured_image_hidden":false,"42wp_authors_list":[],"footnotes":""},"categories":[3],"tags":[2980,3172,9828,617,417,41045,3134,39286,448,1848,25053,231,649,3486,1824,831,41046,334,1581,4925,1142,3837,409,6513,73,3144,619,322,45994,1595,1826,41184,4938,3773,25213,25661,29099,45993,3622,23410,26235,9851,3771,25472,38377,47197,26343,45771,5548,3475,1491,28285,45274,45990,130,47198,2552,2561,2555,93,41047,232,27726,27665,30500,94,2514,1975,41037,1555,4157,35404,791,3419,4985,31652,3936,3352,1569,39496,1782,1294,4166,4510,40701,3136,307,27262,26044,40869,34809,25714,34364,43094,3135,20825,99,265,2463,3769,45992,349,10198,2188,1331,3838,1869,120,3137,830,732,266,2984,5682,43796,3500,31345,44938,2610,45991,34703,3133],"42wp_author":[47163],"class_list":["post-142047","post","type-post","status-publish","format-standard","has-post-thumbnail","hentry","category-indy","tag-500-milhas-indianapolis","tag-alabama","tag-alex-palou","tag-alexander-rossi","tag-andretti","tag-arlington","tag-barber","tag-barber-motorsports-park","tag-caio-collet","tag-callum-ilott","tag-canada","tag-chevrolet","tag-christian-lundgaard","tag-christian-rasmussen","tag-conor-daly","tag-dale-coyne","tag-dallas-cowboys","tag-david-malukas","tag-dennis-hauger","tag-detroit","tag-dreyer-reinbold","tag-elkhart-lake","tag-enzo-fittipaldi","tag-espn","tag-felipe-nasr","tag-felix-rosenqvist","tag-formula-indy","tag-foyt","tag-freedom-250","tag-ganassi","tag-gateway","tag-gp-de-arlington","tag-gp-de-detroit","tag-gp-de-gateway","tag-gp-de-indianapolis","tag-gp-de-laguna-seca","tag-gp-de-long-beach","tag-gp-de-markham","tag-gp-de-mid-ohio","tag-gp-de-milwaukee","tag-gp-de-nashville","tag-gp-de-phoenix","tag-gp-de-portland","tag-gp-de-road-america","tag-gp-de-st-petersburgo","tag-gp-de-st-louis","tag-gp-de-st-pete","tag-gp-de-washington","tag-gp-do-alabama","tag-graham-rahal","tag-grande-premio","tag-grandepremio","tag-guia-2026","tag-guia-da-indy-2026","tag-honda","tag-horarios-formula-indy","tag-ims","tag-indianapolis","tag-indianapolis-motor-speedway","tag-indy","tag-indy-2026","tag-indy-500","tag-indy-ao-vivo","tag-indy-na-band","tag-indy-na-espn","tag-indycar","tag-jack-harvey","tag-jack-miller","tag-jim-meyer","tag-josef-newgarden","tag-juncos","tag-kyffin-simpson","tag-kyle-kirkwood","tag-laguna-seca","tag-long-beach","tag-louis-foster","tag-madison","tag-marcus-armstrong","tag-marcus-ericsson","tag-max-taylor","tag-meyer-shank","tag-mick-schumacher","tag-mid-ohio","tag-milwaukee","tag-milwaukee-mile","tag-misto","tag-motor","tag-myles-rowe","tag-nashville","tag-nashville-superspeedway","tag-nikita-johnson","tag-nolan-siegel","tag-onde-assistir-a-indy","tag-onde-assistir-a-indy-ao-vivo","tag-oval","tag-oval-de-phoenix","tag-pato-oward","tag-penske","tag-phoenix","tag-portland","tag-portland-internacional-raceway","tag-prema","tag-rahal-letterman-lanigan","tag-rinus-veekay","tag-rll","tag-road-america","tag-robert-shwartzman","tag-romain-grosjean","tag-ryan-hunter-reay","tag-santino-ferrucci","tag-scott-dixon","tag-scott-mclaughlin","tag-sprint","tag-st-pete","tag-st-louis","tag-sting-ray-robb","tag-temporada-2026","tag-temporada-2026-da-indy","tag-texas","tag-texas-rangers","tag-tymek-kucharczyk","tag-will-power","42wp_author-caio-cavalcante"],"_links":{"self":[{"href":"https:\/\/grandepremio.com\/br\/wp-json\/wp\/v2\/posts\/142047","targetHints":{"allow":["GET"]}}],"collection":[{"href":"https:\/\/grandepremio.com\/br\/wp-json\/wp\/v2\/posts"}],"about":[{"href":"https:\/\/grandepremio.com\/br\/wp-json\/wp\/v2\/types\/post"}],"author":[{"embeddable":true,"href":"https:\/\/grandepremio.com\/br\/wp-json\/wp\/v2\/users\/21"}],"replies":[{"embeddable":true,"href":"https:\/\/grandepremio.com\/br\/wp-json\/wp\/v2\/comments?post=142047"}],"version-history":[{"count":4,"href":"https:\/\/grandepremio.com\/br\/wp-json\/wp\/v2\/posts\/142047\/revisions"}],"predecessor-version":[{"id":142059,"href":"https:\/\/grandepremio.com\/br\/wp-json\/wp\/v2\/posts\/142047\/revisions\/142059"}],"wp:featuredmedia":[{"embeddable":true,"href":"https:\/\/grandepremio.com\/br\/wp-json\/wp\/v2\/media\/1020307023"}],"wp:attachment":[{"href":"https:\/\/grandepremio.com\/br\/wp-json\/wp\/v2\/media?parent=142047"}],"wp:term":[{"taxonomy":"category","embeddable":true,"href":"https:\/\/grandepremio.com\/br\/wp-json\/wp\/v2\/categories?post=142047"},{"taxonomy":"post_tag","embeddable":true,"href":"https:\/\/grandepremio.com\/br\/wp-json\/wp\/v2\/tags?post=142047"},{"taxonomy":"42wp_author","embeddable":true,"href":"https:\/\/grandepremio.com\/br\/wp-json\/wp\/v2\/42wp_author?post=142047"}],"curies":[{"name":"wp","href":"https:\/\/api.w.org\/{rel}","templated":true}]}}