{"id":14219,"date":"2025-12-05T18:50:04","date_gmt":"2025-12-05T21:50:04","guid":{"rendered":"https:\/\/grandepremio.com\/br\/noticias\/lando-norris-alivia-pressao-melhor-ritmo-abu-dhabi-max-verstappen-vive-nova-batalha\/"},"modified":"2025-12-05T18:54:46","modified_gmt":"2025-12-05T21:54:46","slug":"lando-norris-alivia-pressao-melhor-ritmo-abu-dhabi-max-verstappen-vive-nova-batalha","status":"publish","type":"post","link":"https:\/\/grandepremio.com\/br\/f1\/lando-norris-alivia-pressao-melhor-ritmo-abu-dhabi-max-verstappen-vive-nova-batalha\/","title":{"rendered":"Norris alivia press\u00e3o com melhor ritmo em Abu Dhabi. E Verstappen vive nova batalha"},"content":{"rendered":"\n<p class=\"wp-block-paragraph\">Embora esteja no controle do pr\u00f3prio destino na corrida que vai decidir o <strong>t\u00edtulo mundial<\/strong> de 2025,<strong> Lando Norris<\/strong> <a href=\"https:\/\/www.grandepremio.com\/br\/f1\/noticias\/lando-norris-mostra-forca-bate-max-verstappen-novo-lidera-tl2-gp-abu-dhabi-oscar-piastri-11o\/\">procurou n\u00e3o deixar lacunas abertas nesta sexta-feira (5)<\/a>. E neste primeiro dia de <strong>treinos livres<\/strong> do <strong>GP de Abu Dhabi<\/strong>, o ingl\u00eas usou tudo que tinha de melhor da <strong>McLaren<\/strong> para liderar o dia, o que ajuda a administrar melhor a press\u00e3o em um fim de semana definitivo. Ainda, Lando foi capaz de ampliar a diferen\u00e7a para o principal rival, <strong>Max Verstappen<\/strong>, em uma demonstra\u00e7\u00e3o de for\u00e7a dos papaias neste in\u00edcio de trabalho. Enquanto isso, o <strong>tetracampe\u00e3o<\/strong> buscou solu\u00e7\u00f5es na tentativa de se aproximar do oponente.<\/p>\n\n\n\n<p class=\"wp-block-paragraph\">\u00c9 importante destacar a maneira como a equipe laranja construiu a lideran\u00e7a do dia. A ideia foi usar bem as duas sess\u00f5es para entender o desgaste dos pneus e o equil\u00edbrio do carro. Em geral, o tra\u00e7ado de Abu Dhabi se adapta muito bem \u00e0s demandas do <strong>MCL39<\/strong>. N\u00e3o \u00e0 toa, Lando se mostrou forte no primeiro e no terceiro setores da pista, marcados por curvas de m\u00e9dia velocidade.<\/p>\n\n\n\n<p class=\"wp-block-paragraph\">Tamb\u00e9m chamou a aten\u00e7\u00e3o o quanto o time chefiado por <strong>Andrea Stella<\/strong> melhorou de um treino para o outro. Na primeira sess\u00e3o, Norris <a href=\"https:\/\/www.grandepremio.com\/br\/f1\/noticias\/lando-norris-bate-max-verstappen-0s008-lidera-tl1-sem-oscar-piastri-abu-dhabi-gabriel-bortoleto-7o\/\">havia sido 0s008 mais veloz que Verstappen<\/a>. J\u00e1 no TL2, essa diferen\u00e7a passou para 0s363. O piloto brit\u00e2nico tamb\u00e9m estabeleceu um melhor ritmo de corrida em cima dos pneus m\u00e9dios \u2014 os duros n\u00e3o foram utilizados, considerando o domingo e, talvez, alguma mudan\u00e7a t\u00e1tica de \u00faltima hora. Ent\u00e3o, d\u00e1 para dizer que a McLaren domina tanto na volta \u00fanica quanto em condi\u00e7\u00f5es de prova, tirando muito proveito dos trechos que s\u00e3o mais agrad\u00e1veis ao carro laranja. Ainda assim, Lando tentou controlar as expectativas \u2014 de fato, a decis\u00e3o do t\u00edtulo \u00e9 sempre delicada e nem sempre tudo parece simples.<\/p>\n\n\n\n<p class=\"wp-block-paragraph\">\u25b6\ufe0f\u00a0<strong>F1: faltam quantas corridas?\u00a0<a href=\"https:\/\/www.grandepremio.com\/br\/f1\/calendario\/\" target=\"_blank\" rel=\"noreferrer noopener\">Veja o calend\u00e1rio da F1<\/a><\/strong><br>\u25b6\ufe0f\u00a0<strong>Inscreva-se nos dois canais do GRANDE PR\u00caMIO no YouTube:\u00a0<a href=\"https:\/\/www.youtube.com\/channel\/UC9OlHEgxoaY6QY6nWPoiqQg?sub_confirmation=1\" target=\"_blank\" rel=\"noreferrer noopener\">GP<\/a>\u00a0|\u00a0<a href=\"https:\/\/www.youtube.com\/channel\/UC9csiS6q_C3C0FYhyr1rnFA?sub_confirmation=1\" target=\"_blank\" rel=\"noreferrer noopener\">GP2<\/a><\/strong><\/p>\n\n\n\n<figure class=\"wp-block-embed is-type-video is-provider-youtube wp-block-embed-youtube wp-embed-aspect-16-9 wp-has-aspect-ratio\"><div class=\"wp-block-embed__wrapper\">\n<iframe loading=\"lazy\" title=\"\ud83d\udd34 NORRIS D\u00c1 PRIMEIRO SOCO, VERSTAPPEN E PIASTRI ASSISTEM | Briefing [grande premio]\" width=\"500\" height=\"281\" src=\"https:\/\/www.youtube.com\/embed\/QDMvK0iAFog?feature=oembed\" frameborder=\"0\" allow=\"accelerometer; autoplay; clipboard-write; encrypted-media; gyroscope; picture-in-picture; web-share\" referrerpolicy=\"strict-origin-when-cross-origin\" allowfullscreen><\/iframe>\n<\/div><\/figure>\n\n\n\n<p class=\"wp-block-paragraph\">&#8220;N\u00e3o estou completamente feliz, nem completamente confiante&#8221;, reconheceu Norris. &#8220;Estamos meio que no meio de um processo de testes e tentando entender alguns aspectos do carro. Espero que possamos descobrir mais alguma coisa durante a noite, mas com certeza n\u00e3o foi um dia ruim \u2014 foi um dia positivo. Sabemos que a disputa fica cada vez mais acirrada \u00e0 medida que nos aproximamos da classifica\u00e7\u00e3o, ent\u00e3o ainda n\u00e3o h\u00e1 motivos para comemorar&#8221;, completou o ingl\u00eas, <a href=\"https:\/\/www.grandepremio.com\/br\/f1\/noticias\/f1-2025-lando-norris-max-verstappen-oscar-piastri-briga-que-cada-um-precisa-ser-campeao\/\">que tem 12 pontos de vantagem para Verstappen e precisa apenas de uma posi\u00e7\u00e3o no p\u00f3dio para garantir a ta\u00e7a do mundo no domingo<\/a>.<br><br>Enquanto isso, o outro lado da garagem da McLaren enfrentou um dia mais agitado. <strong>Oscar Piastri<\/strong>, terceiro colocado no Mundial e tem de torcer para uma combina\u00e7\u00e3o de resultados em Abu Dhabi para levar o t\u00edtulo, viu <strong>Pato O&#8217;Ward<\/strong> em seu carro no TL1, e isso lhe tirou tempo de pista. Na segunda sess\u00e3o, o australiano foi o 11\u00ba, mas tentou minimizar os problemas. &#8220;Acho que me sa\u00ed muito bem com os pneus m\u00e9dios, mas com os macios n\u00e3o consegui aproveitar ao m\u00e1ximo a ader\u00eancia na primeira volta lan\u00e7ada. Estou tentando encontrar meu ritmo, mas claramente h\u00e1 algumas coisas para melhorar para amanh\u00e3. Mas acho que, para apenas uma sess\u00e3o, n\u00e3o foi ruim&#8221;, disse Oscar.<\/p>\n\n\n\n<p class=\"wp-block-paragraph\">&#8220;Acho que se trata principalmente de pequenos detalhes que precisam de ajustes. O carro parece muito bom, mas como n\u00e3o consegui extrair o m\u00e1ximo dele, algumas pequenas mudan\u00e7as s\u00e3o obviamente necess\u00e1rias. N\u00e3o foi perfeito, mas nada grave&#8221;, emendou.<\/p>\n\n\n\n<p class=\"wp-block-paragraph\">S\u00f3 que um salto de qualidade de Piastri deve representar tamb\u00e9m uma essencial carta na manga do time laranja, uma vez que a <a href=\"https:\/\/www.grandepremio.com\/br\/f1\/noticias\/mclaren-cede-afirma-vai-usar-ordens-de-equipe-disputa-titulo-f1-2025\/\">chefia j\u00e1 considera lan\u00e7ar m\u00e3o de ordens de equipe<\/a> para assegurar o t\u00edtulo.<\/p>\n\n\n\n<p class=\"wp-block-paragraph\">Agora, no que diz respeito ao terceiro elemento da briga, a sexta-feira tamb\u00e9m foi de testes, na tentativa de equilibrar o jogo. \u00c9 bem verdade que o circuito de <strong>Yas Marina<\/strong> n\u00e3o \u00e9 o melhor para o manhoso <strong>RB21<\/strong>. Diante de uma janela t\u00e3o estreita de configura\u00e7\u00e3o, a Red Bull procurou otimizar o tempo e avaliar acertos diferentes ao longo do dia, com apenas um denominador comum: a efici\u00eancia aerodin\u00e2mica para se obter velocidade. At\u00e9 por isso o <strong>tetracampe\u00e3o<\/strong> se colocou como o mais r\u00e1pido do segundo setor do tra\u00e7ado, a parte menos sinuosa. Os engenheiros optaram por uma asa com menos carga, embora Max tenha relatado problemas de instabilidade.<br><br>No fim, o neerland\u00eas terminou em segundo os dois treinos, mas um pouco mais afastado no TL2. Isso em volta de classifica\u00e7\u00e3o, porque em ritmo de corrida o cen\u00e1rio parece muito mais apertado entre McLaren e Red Bull. No entanto, a volta \u00fanica ser\u00e1 fundamental. Consultor dos taurinos, <strong>Helmut Marko<\/strong> detalhou o trabalho do time austr\u00edaco. &#8220;Estamos perdendo mais tempo no \u00faltimo setor. H\u00e1 v\u00e1rios fatores em jogo. Mas \u00e9 sexta-feira e j\u00e1 tivemos sextas-feiras piores&#8221;, admitiu o dirigente.<\/p>\n\n\n\n<figure class=\"wp-block-image size-large\"><img decoding=\"async\" src=\"https:\/\/www.grandepremio.com\/br\/wp-content\/uploads\/2025\/12\/abu-dhabi-2025-f1-sexta-feira-red-bull-racing-max-verstappen-01-1200x800.jpg\" alt=\"\" class=\"wp-image-1040726\"\/><figcaption class=\"wp-element-caption\">Max Verstappen reclamou do RB21, mas falou em &#8220;ritmo decente&#8221; (Foto: Red Bull Content Pool)<\/figcaption><\/figure>\n\n\n\n<p class=\"wp-block-paragraph\">&#8220;Max veio direto at\u00e9 n\u00f3s e disse que o carro estava saindo de frente. Tamb\u00e9m estava quicando um pouco. Mas temos mais uma sess\u00e3o e esperamos estar caminhando na dire\u00e7\u00e3o certa. N\u00e3o diria que a diferen\u00e7a \u00e9 alarmante, mas n\u00e3o \u00e9 uma situa\u00e7\u00e3o muito confort\u00e1vel&#8221;, explicou sobre a vantagem de Norris. &#8220;Vamos ver o que \u00e9 melhor&#8221;, continuou, antes de descrever o melhor cen\u00e1rio para a <strong>Red Bull<\/strong>: &#8220;Mas quero dizer que Norris \u00e9, em geral, o mais r\u00e1pido. Gostar\u00edamos que fosse diferente.&#8221;<\/p>\n\n\n\n<p class=\"wp-block-paragraph\">Verstappen foi bem mais incisivo e acha que ainda h\u00e1 espa\u00e7o para melhorias, porque &#8220;<a href=\"https:\/\/www.grandepremio.com\/br\/f1\/noticias\/max-verstappen-pede-evolucao-red-bull-abu-dhabi-nao-somos-rapidos-o-suficiente\/\">precisamos ser um pouco mais r\u00e1pidos<\/a>&#8220;. &#8220;Parece que \u00e9 uma diferen\u00e7a consider\u00e1vel que precisamos diminuir, mas vamos tentar colocar o melhor carro poss\u00edvel na pista. E sim, vamos ver o quanto conseguimos melhorar durante a noite&#8221;, completou.<\/p>\n\n\n\n<p class=\"wp-block-paragraph\">A hist\u00f3ria da temporada 2025, de fato, conta com cap\u00edtulos em que a Red Bull foi capaz de mudar completamente o RB21. E parece que pode ser o caso novamente, com a diferen\u00e7a de que Norris agora parece lidar melhor com a press\u00e3o.<\/p>\n\n\n\n<p class=\"wp-block-paragraph\">O&nbsp;<strong>GRANDE PR\u00caMIO<\/strong>&nbsp;acompanha todas as atividades<a href=\"https:\/\/www.grandepremio.com\/br\/ao-vivo\/f1\/\">&nbsp;<strong>AO VIVO E EM&nbsp;<\/strong><\/a><strong><a href=\"https:\/\/www.grandepremio.com\/br\/ao-vivo\/\" target=\"_blank\" rel=\"noreferrer noopener\">TEMPO REAL<\/a><\/strong>,&nbsp;<a href=\"https:\/\/www.youtube.com\/@GrandePremio1\/streams\">al\u00e9m de classifica\u00e7\u00e3o e corrida em&nbsp;<strong>SEGUNDA TELA&nbsp;<\/strong>no YouTube<\/a>, em parceria com a&nbsp;<strong>Voz do Esporte<\/strong>. O&nbsp;<strong>Briefing&nbsp;<\/strong>chega para analisar ap\u00f3s o fim de cada dia de atividades nas redes sociais e na&nbsp;<strong>GPTV<\/strong>.<\/p>\n\n\n\n<p class=\"wp-block-paragraph\">Al\u00e9m da cobertura tradicional, o<strong>&nbsp;GRANDE PR\u00caMIO<\/strong>&nbsp;estar\u00e1&nbsp;<strong>IN LOCO<\/strong>&nbsp;em&nbsp;<strong><a href=\"https:\/\/www.grandepremio.com\/br\/circuito\/yas-marina\/\" target=\"_blank\" rel=\"noreferrer noopener\"><\/a><a href=\"https:\/\/www.grandepremio.com\/br\/circuito\/yas-marina\/\" target=\"_blank\" rel=\"noreferrer noopener\"><\/a><a href=\"https:\/\/www.grandepremio.com\/br\/circuito\/yas-marina\/\" target=\"_blank\" rel=\"noreferrer noopener\"><\/a><a href=\"https:\/\/www.grandepremio.com\/br\/circuito\/yas-marina\/\" target=\"_blank\" rel=\"noreferrer noopener\"><\/a><a href=\"https:\/\/www.grandepremio.com\/br\/circuito\/yas-marina\/\" target=\"_blank\" rel=\"noreferrer noopener\"><\/a><a href=\"https:\/\/www.grandepremio.com\/br\/circuito\/yas-marina\/\" target=\"_blank\" rel=\"noreferrer noopener\"><\/a><a href=\"https:\/\/www.grandepremio.com\/br\/circuito\/yas-marina\/\" target=\"_blank\" rel=\"noreferrer noopener\"><\/a><a href=\"https:\/\/www.grandepremio.com\/br\/circuito\/yas-marina\/\" target=\"_blank\" rel=\"noreferrer noopener\"><\/a><a href=\"https:\/\/www.grandepremio.com\/br\/circuito\/yas-marina\/\" target=\"_blank\" rel=\"noreferrer noopener\"><\/a><a href=\"https:\/\/www.grandepremio.com\/br\/circuito\/yas-marina\/\" target=\"_blank\" rel=\"noreferrer noopener\"><\/a><a href=\"https:\/\/www.grandepremio.com\/br\/circuito\/yas-marina\/\" target=\"_blank\" rel=\"noreferrer noopener\"><\/a><a href=\"https:\/\/www.grandepremio.com\/br\/circuito\/yas-marina\/\" target=\"_blank\" rel=\"noreferrer noopener\"><\/a><a href=\"https:\/\/www.grandepremio.com\/br\/circuito\/yas-marina\/\" target=\"_blank\" rel=\"noreferrer noopener\"><\/a><a href=\"https:\/\/www.grandepremio.com\/br\/circuito\/yas-marina\/\" target=\"_blank\" rel=\"noreferrer noopener\"><\/a><a href=\"https:\/\/www.grandepremio.com\/br\/circuito\/yas-marina\/\" target=\"_blank\" rel=\"noreferrer noopener\"><\/a><a href=\"https:\/\/www.grandepremio.com\/br\/circuito\/yas-marina\/\" target=\"_blank\" rel=\"noreferrer noopener\">Yas Marina<\/a><\/strong>&nbsp;para acompanhar todas as emo\u00e7\u00f5es da etapa com o rep\u00f3rter&nbsp;<strong>Leonid Kliuev<\/strong>.<\/p>\n\n\n\n<p class=\"wp-block-paragraph\"><strong>GP de Abu Dhabi de F1: veja os hor\u00e1rios em Brasil, Cabo Verde,&nbsp;<a href=\"https:\/\/grandepremio.pt\/\" target=\"_blank\" rel=\"noreferrer noopener\">Portugal<\/a>, Angola e Mo\u00e7ambique:<\/strong><\/p>\n\n\n\n<figure class=\"wp-block-table\"><table class=\"has-fixed-layout\"><tbody><tr><td><strong>Sess\u00e3o<\/strong><\/td><td><strong>BRA*<\/strong><\/td><td><strong>CBV<\/strong><\/td><td><strong>POR<\/strong><br><strong>ANG<\/strong><\/td><td><strong>MOZ<\/strong><\/td><\/tr><tr><td>Treino livre 3<\/td><td>07:30<\/td><td>09:30<\/td><td>11:30<\/td><td>12:30<\/td><\/tr><tr><td>Classifica\u00e7\u00e3o<\/td><td>11:00<\/td><td>13:00<\/td><td>15:00<\/td><td>16:00<\/td><\/tr><tr><td>Corrida<\/td><td>10:00<\/td><td>12:00<\/td><td>14:30<\/td><td>15:00<\/td><\/tr><\/tbody><\/table><\/figure>\n\n\n\n<p class=\"wp-block-paragraph\"><em>*Hor\u00e1rio de Bras\u00edlia<\/em><\/p>\n","protected":false},"excerpt":{"rendered":"<p>Lando Norris comandou o primeiro dia de atividades do decisivo do GP de Abu Dhabi, tirando proveito dos trechos mais sinuosos e das curvas de m\u00e9dia velocidade do circuito de Yas Marina. A lideran\u00e7a, claro, ajuda acalmar os nervos pelos lados da McLaren, enquanto Max Verstappen tratou de explorar o potencial do RB21 e pediu mudan\u00e7as para encarar uma classifica\u00e7\u00e3o que promete ser acirrada neste s\u00e1bado (6)<\/p>\n","protected":false},"author":0,"featured_media":1001040918,"comment_status":"closed","ping_status":"closed","sticky":false,"template":"","format":"standard","meta":{"42wp_featured_image_caption":"","42wp_featured_image_credits":"","42wp_featured_video":"","42wp_featured_image_hidden":false,"42wp_authors_list":[],"footnotes":""},"categories":[2],"tags":[26271,5273,147,3630,180,3628,25424,37274,1491,28285,258,30840,90,35129,204,42001,1901,42513,37255],"42wp_author":[47115],"class_list":["post-14219","post","type-post","status-publish","format-standard","has-post-thumbnail","hentry","category-f1","tag-calendario-f1","tag-classificacao-f1","tag-f1","tag-f1-2025","tag-formula-1","tag-formula-1-2025","tag-gp-de-abu-dhabi","tag-gp-de-abu-dhabi-f1","tag-grande-premio","tag-grandepremio","tag-helmut-marko","tag-horarios-f1","tag-mclaren","tag-onde-assistir-f1","tag-red-bull","tag-temporada-2025-f1","tag-yas-marina","tag-yas-marina-2025","tag-yas-marina-f1","42wp_author-evelyn-guimaraes"],"_links":{"self":[{"href":"https:\/\/grandepremio.com\/br\/wp-json\/wp\/v2\/posts\/14219","targetHints":{"allow":["GET"]}}],"collection":[{"href":"https:\/\/grandepremio.com\/br\/wp-json\/wp\/v2\/posts"}],"about":[{"href":"https:\/\/grandepremio.com\/br\/wp-json\/wp\/v2\/types\/post"}],"replies":[{"embeddable":true,"href":"https:\/\/grandepremio.com\/br\/wp-json\/wp\/v2\/comments?post=14219"}],"version-history":[{"count":0,"href":"https:\/\/grandepremio.com\/br\/wp-json\/wp\/v2\/posts\/14219\/revisions"}],"wp:featuredmedia":[{"embeddable":true,"href":"https:\/\/grandepremio.com\/br\/wp-json\/wp\/v2\/media\/1001040918"}],"wp:attachment":[{"href":"https:\/\/grandepremio.com\/br\/wp-json\/wp\/v2\/media?parent=14219"}],"wp:term":[{"taxonomy":"category","embeddable":true,"href":"https:\/\/grandepremio.com\/br\/wp-json\/wp\/v2\/categories?post=14219"},{"taxonomy":"post_tag","embeddable":true,"href":"https:\/\/grandepremio.com\/br\/wp-json\/wp\/v2\/tags?post=14219"},{"taxonomy":"42wp_author","embeddable":true,"href":"https:\/\/grandepremio.com\/br\/wp-json\/wp\/v2\/42wp_author?post=14219"}],"curies":[{"name":"wp","href":"https:\/\/api.w.org\/{rel}","templated":true}]}}