{"id":14233,"date":"2025-12-05T14:15:38","date_gmt":"2025-12-05T17:15:38","guid":{"rendered":"https:\/\/grandepremio.com\/br\/noticias\/mclaren-fala-comeco-razoavel-sonha-fim-semana-perfeito-abu-dhabi\/"},"modified":"2025-12-05T14:18:07","modified_gmt":"2025-12-05T17:18:07","slug":"mclaren-fala-comeco-razoavel-sonha-fim-semana-perfeito-abu-dhabi","status":"publish","type":"post","link":"https:\/\/grandepremio.com\/br\/f1\/mclaren-fala-comeco-razoavel-sonha-fim-semana-perfeito-abu-dhabi\/","title":{"rendered":"McLaren fala em &#8220;come\u00e7o razo\u00e1vel&#8221; e sonha com fim de semana &#8220;perfeito&#8221; em Abu Dhabi"},"content":{"rendered":"\n<p class=\"wp-block-paragraph\">Com dois pilotos vivos na briga pelo t\u00edtulo da temporada 2025 da <strong>F\u00f3rmula 1<\/strong>, <strong>Andrea Stella<\/strong> at\u00e9 que ficou satisfeito com o programa completado pela <strong>McLaren<\/strong> durante os primeiros treinos do <strong>GP de Abu Dhabi<\/strong>, realizados nesta sexta-feira (5). Apesar do in\u00edcio aqu\u00e9m do esperado de <strong>Oscar Piastri<\/strong>, o chefe da equipe garantiu que o australiano estar\u00e1 preparado para o restante do fim de semana.<\/p>\n\n\n\n<p class=\"wp-block-paragraph\"><strong>Lando Norris<\/strong>, por outro lado, foi o grande destaque no circuito de <strong>Yas Marina<\/strong>, j\u00e1 que liderou <a href=\"https:\/\/www.grandepremio.com\/br\/f1\/noticias\/lando-norris-bate-max-verstappen-0s008-lidera-tl1-sem-oscar-piastri-abu-dhabi-gabriel-bortoleto-7o\/\">tanto o TL1<\/a> <a href=\"https:\/\/www.grandepremio.com\/br\/f1\/noticias\/lando-norris-mostra-forca-bate-max-verstappen-novo-lidera-tl2-gp-abu-dhabi-oscar-piastri-11o\/\">quanto o TL2<\/a> \u2014 embora <a href=\"https:\/\/www.grandepremio.com\/br\/f1\/noticias\/lando-norris-minimiza-lideranca-treinos-livres-abu-dhabi-nada-sorrir-ainda\/\">tenha adotado cautela<\/a> ao falar do desempenho do <strong>MCL39<\/strong>. O colega de garagem, no entanto, teve de ceder o carro a <strong>Pato O&#8217;Ward<\/strong> na primeira atividade e, horas depois, anotou 1min23s763 como melhor tempo, <a href=\"https:\/\/www.grandepremio.com\/br\/f1\/noticias\/oscar-piastri-ve-mclaren-rapida-minimiza-sexta-feira-abu-dhabi-so-me-adaptar\/\">ficando na 11\u00aa coloca\u00e7\u00e3o<\/a>.<\/p>\n\n\n\n<p class=\"wp-block-paragraph\">&#8220;Um come\u00e7o razo\u00e1vel para o \u00faltimo fim de semana da temporada, concluindo o plano nas duas sess\u00f5es de treinos livres conforme planejado&#8221;, comemorou Stella. &#8220;Oscar voltou ao volante para o TL2 e conseguiu encontrar seus par\u00e2metros em termos de desempenho em voltas individuais, uso intenso de combust\u00edvel e comportamento dos pneus. Tenho certeza de que estar\u00e1 completamente preparado para amanh\u00e3, quando as sess\u00f5es se tornarem competitivas&#8221;, destacou.<\/p>\n\n\n\n<p class=\"wp-block-paragraph\">&#8220;Lando se sentiu um pouco mais \u00e0 vontade na segunda sess\u00e3o, mas, como sempre, Abu Dhabi, a \u00faltima corrida do ano, mostra que o n\u00edvel da competi\u00e7\u00e3o \u00e9 extremamente acirrado. Portanto, valorizamos a competitividade e precisamos garantir que continuaremos trabalhando duro para realizar um fim de semana perfeito&#8221;, destacou o chefe da McLaren, que n\u00e3o deixou de agradecer ao mexicano da <strong>Indy<\/strong> pela ajuda na obten\u00e7\u00e3o de dados importantes.<\/p>\n\n\n\n<figure class=\"wp-block-image size-large\"><img decoding=\"async\" src=\"https:\/\/www.grandepremio.com\/br\/wp-content\/uploads\/2025\/12\/abu-dhabi-2025-f1-treino-livre-mclaren-oscar-piastri-04-1200x748.jpg\" alt=\"\" class=\"wp-image-1040962\"\/><figcaption class=\"wp-element-caption\">Oscar Piastri teve menos tempo de pista com a McLaren nesta sexta-feira (5) (Foto: McLaren)<\/figcaption><\/figure>\n\n\n\n<p class=\"wp-block-paragraph\">\u25b6\ufe0f <strong>F1: faltam quantas corridas?\u00a0<a href=\"https:\/\/www.grandepremio.com\/br\/f1\/calendario\/\" target=\"_blank\" rel=\"noreferrer noopener\">Veja o calend\u00e1rio da F1<\/a><\/strong><br>\u25b6\ufe0f <strong>Inscreva-se nos dois canais do GRANDE PR\u00caMIO no YouTube:\u00a0<a href=\"https:\/\/www.youtube.com\/channel\/UC9OlHEgxoaY6QY6nWPoiqQg?sub_confirmation=1\" target=\"_blank\" rel=\"noreferrer noopener\">GP<\/a>\u00a0|\u00a0<a href=\"https:\/\/www.youtube.com\/channel\/UC9csiS6q_C3C0FYhyr1rnFA?sub_confirmation=1\" target=\"_blank\" rel=\"noreferrer noopener\">GP2<\/a><\/strong><\/p>\n\n\n\n<p class=\"wp-block-paragraph\">&#8220;Parab\u00e9ns ao Pato pela sua segunda sess\u00e3o no MCL39. Pilotou muito bem, fornecendo todas as informa\u00e7\u00f5es necess\u00e1rias para obtermos as leituras iniciais do carro&#8221;, concluiu.<\/p>\n\n\n\n<p class=\"wp-block-paragraph\">O\u00a0<strong>GRANDE PR\u00caMIO<\/strong>\u00a0acompanha todas as atividades<a href=\"https:\/\/www.grandepremio.com\/br\/ao-vivo\/f1\/\">\u00a0<strong>AO VIVO E EM\u00a0<\/strong><\/a><strong><a href=\"https:\/\/www.grandepremio.com\/br\/ao-vivo\/\" target=\"_blank\" rel=\"noreferrer noopener\">TEMPO REAL<\/a><\/strong>,\u00a0<a href=\"https:\/\/www.youtube.com\/@GrandePremio1\/streams\">al\u00e9m de classifica\u00e7\u00e3o e corrida em\u00a0<strong>SEGUNDA TELA\u00a0<\/strong>no YouTube<\/a>, em parceria com a\u00a0<strong>Voz do Esporte<\/strong>. O\u00a0<strong>Briefing\u00a0<\/strong>chega para analisar ap\u00f3s o fim de cada dia de atividades nas redes sociais e na\u00a0<strong>GPTV<\/strong>.<\/p>\n\n\n\n<p class=\"wp-block-paragraph\">Al\u00e9m da cobertura tradicional, o<strong>&nbsp;GRANDE PR\u00caMIO<\/strong>&nbsp;estar\u00e1&nbsp;<strong>IN LOCO<\/strong>&nbsp;em&nbsp;<strong><a href=\"https:\/\/www.grandepremio.com\/br\/circuito\/yas-marina\/\" target=\"_blank\" rel=\"noreferrer noopener\"><\/a><a href=\"https:\/\/www.grandepremio.com\/br\/circuito\/yas-marina\/\" target=\"_blank\" rel=\"noreferrer noopener\"><\/a><a href=\"https:\/\/www.grandepremio.com\/br\/circuito\/yas-marina\/\" target=\"_blank\" rel=\"noreferrer noopener\"><\/a><a href=\"https:\/\/www.grandepremio.com\/br\/circuito\/yas-marina\/\" target=\"_blank\" rel=\"noreferrer noopener\"><\/a><a href=\"https:\/\/www.grandepremio.com\/br\/circuito\/yas-marina\/\" target=\"_blank\" rel=\"noreferrer noopener\"><\/a><a href=\"https:\/\/www.grandepremio.com\/br\/circuito\/yas-marina\/\" target=\"_blank\" rel=\"noreferrer noopener\"><\/a><a href=\"https:\/\/www.grandepremio.com\/br\/circuito\/yas-marina\/\" target=\"_blank\" rel=\"noreferrer noopener\"><\/a><a href=\"https:\/\/www.grandepremio.com\/br\/circuito\/yas-marina\/\" target=\"_blank\" rel=\"noreferrer noopener\"><\/a><a href=\"https:\/\/www.grandepremio.com\/br\/circuito\/yas-marina\/\" target=\"_blank\" rel=\"noreferrer noopener\"><\/a><a href=\"https:\/\/www.grandepremio.com\/br\/circuito\/yas-marina\/\" target=\"_blank\" rel=\"noreferrer noopener\"><\/a><a href=\"https:\/\/www.grandepremio.com\/br\/circuito\/yas-marina\/\" target=\"_blank\" rel=\"noreferrer noopener\"><\/a><a href=\"https:\/\/www.grandepremio.com\/br\/circuito\/yas-marina\/\" target=\"_blank\" rel=\"noreferrer noopener\"><\/a><a href=\"https:\/\/www.grandepremio.com\/br\/circuito\/yas-marina\/\" target=\"_blank\" rel=\"noreferrer noopener\"><\/a><a href=\"https:\/\/www.grandepremio.com\/br\/circuito\/yas-marina\/\" target=\"_blank\" rel=\"noreferrer noopener\"><\/a><a href=\"https:\/\/www.grandepremio.com\/br\/circuito\/yas-marina\/\" target=\"_blank\" rel=\"noreferrer noopener\">Yas Marina<\/a><\/strong>&nbsp;para acompanhar todas as emo\u00e7\u00f5es da etapa com o rep\u00f3rter&nbsp;<strong>Leonid Kliuev<\/strong>.<\/p>\n\n\n\n<p class=\"wp-block-paragraph\"><strong>GP de Abu Dhabi de F1: veja os hor\u00e1rios em Brasil, Cabo Verde,&nbsp;<a href=\"https:\/\/grandepremio.pt\/\" target=\"_blank\" rel=\"noreferrer noopener\">Portugal<\/a>, Angola e Mo\u00e7ambique:<\/strong><\/p>\n\n\n\n<figure class=\"wp-block-table\"><table class=\"has-fixed-layout\"><tbody><tr><td><strong>Sess\u00e3o<\/strong><\/td><td><strong>BRA*<\/strong><\/td><td><strong>CBV<\/strong><\/td><td><strong>POR<\/strong><br><strong>ANG<\/strong><\/td><td><strong>MOZ<\/strong><\/td><\/tr><tr><td>Treino livre 3<\/td><td>07:30<\/td><td>09:30<\/td><td>11:30<\/td><td>12:30<\/td><\/tr><tr><td>Classifica\u00e7\u00e3o<\/td><td>11:00<\/td><td>13:00<\/td><td>15:00<\/td><td>16:00<\/td><\/tr><tr><td>Corrida<\/td><td>10:00<\/td><td>12:00<\/td><td>14:30<\/td><td>15:00<\/td><\/tr><\/tbody><\/table><\/figure>\n\n\n\n<p class=\"wp-block-paragraph\"><em>*Hor\u00e1rio de Bras\u00edlia<\/em><\/p>\n\n\n\n<figure class=\"wp-block-embed is-type-video is-provider-youtube wp-block-embed-youtube wp-embed-aspect-16-9 wp-has-aspect-ratio\"><div class=\"wp-block-embed__wrapper\">\n<iframe loading=\"lazy\" title=\"\ud83d\udd34 NORRIS D\u00c1 PRIMEIRO SOCO, VERSTAPPEN E PIASTRI ASSISTEM | Briefing [grande premio]\" width=\"500\" height=\"281\" src=\"https:\/\/www.youtube.com\/embed\/QDMvK0iAFog?feature=oembed\" frameborder=\"0\" allow=\"accelerometer; autoplay; clipboard-write; encrypted-media; gyroscope; picture-in-picture; web-share\" referrerpolicy=\"strict-origin-when-cross-origin\" allowfullscreen><\/iframe>\n<\/div><\/figure>\n","protected":false},"excerpt":{"rendered":"<p>Chefe da McLaren, Andrea Stella minimizou as dificuldades de Oscar Piastri no TL2 e disse que tanto o australiano quanto Lando Norris estar\u00e3o completamente preparados para o restante do fim de semana<\/p>\n","protected":false},"author":0,"featured_media":1001040955,"comment_status":"closed","ping_status":"closed","sticky":false,"template":"","format":"standard","meta":{"42wp_featured_image_caption":"","42wp_featured_image_credits":"","42wp_featured_video":"","42wp_featured_image_hidden":false,"42wp_authors_list":[],"footnotes":""},"categories":[2],"tags":[7094,26271,5273,147,3630,180,3628,25424,37274,1491,28285,30840,547,90,35129,2916,42001,1901,42513,37255],"42wp_author":[47160],"class_list":["post-14233","post","type-post","status-publish","format-standard","has-post-thumbnail","hentry","category-f1","tag-andrea-stella","tag-calendario-f1","tag-classificacao-f1","tag-f1","tag-f1-2025","tag-formula-1","tag-formula-1-2025","tag-gp-de-abu-dhabi","tag-gp-de-abu-dhabi-f1","tag-grande-premio","tag-grandepremio","tag-horarios-f1","tag-lando-norris","tag-mclaren","tag-onde-assistir-f1","tag-oscar-piastri","tag-temporada-2025-f1","tag-yas-marina","tag-yas-marina-2025","tag-yas-marina-f1","42wp_author-vicente-soella"],"_links":{"self":[{"href":"https:\/\/grandepremio.com\/br\/wp-json\/wp\/v2\/posts\/14233","targetHints":{"allow":["GET"]}}],"collection":[{"href":"https:\/\/grandepremio.com\/br\/wp-json\/wp\/v2\/posts"}],"about":[{"href":"https:\/\/grandepremio.com\/br\/wp-json\/wp\/v2\/types\/post"}],"replies":[{"embeddable":true,"href":"https:\/\/grandepremio.com\/br\/wp-json\/wp\/v2\/comments?post=14233"}],"version-history":[{"count":0,"href":"https:\/\/grandepremio.com\/br\/wp-json\/wp\/v2\/posts\/14233\/revisions"}],"wp:featuredmedia":[{"embeddable":true,"href":"https:\/\/grandepremio.com\/br\/wp-json\/wp\/v2\/media\/1001040955"}],"wp:attachment":[{"href":"https:\/\/grandepremio.com\/br\/wp-json\/wp\/v2\/media?parent=14233"}],"wp:term":[{"taxonomy":"category","embeddable":true,"href":"https:\/\/grandepremio.com\/br\/wp-json\/wp\/v2\/categories?post=14233"},{"taxonomy":"post_tag","embeddable":true,"href":"https:\/\/grandepremio.com\/br\/wp-json\/wp\/v2\/tags?post=14233"},{"taxonomy":"42wp_author","embeddable":true,"href":"https:\/\/grandepremio.com\/br\/wp-json\/wp\/v2\/42wp_author?post=14233"}],"curies":[{"name":"wp","href":"https:\/\/api.w.org\/{rel}","templated":true}]}}