{"id":142611,"date":"2026-06-22T10:05:51","date_gmt":"2026-06-22T13:05:51","guid":{"rendered":"https:\/\/grandepremio.com\/br\/?p=142611"},"modified":"2026-06-22T15:15:25","modified_gmt":"2026-06-22T18:15:25","slug":"lewis-hamilton-max-verstappen-unem-criticam-custos-ridiculos-base-automobilismo","status":"publish","type":"post","link":"https:\/\/grandepremio.com\/br\/f1\/lewis-hamilton-max-verstappen-unem-criticam-custos-ridiculos-base-automobilismo\/","title":{"rendered":"Hamilton e Verstappen se unem e criticam &#8220;custos rid\u00edculos&#8221; da base no automobilismo"},"content":{"rendered":"\n<p class=\"wp-block-paragraph\"><strong>Lewis Hamilton<\/strong> e <strong>Max Verstappen<\/strong> fizeram cr\u00edticas contundentes ao alto custo para iniciar uma carreira no automobilismo e cobraram mudan\u00e7as da <strong>Federa\u00e7\u00e3o Internacional de Automobilismo (FIA)<\/strong> e da <strong>F\u00f3rmula 1<\/strong> para tornar o esporte mais acess\u00edvel. Os dois pilotos destacaram que os valores exigidos nas categorias de base afastam jovens talentos e transformam o dinheiro em um fator decisivo para o sucesso.<\/p>\n\n\n\n<p class=\"wp-block-paragraph\">Hamilton afirmou que o automobilismo segue na dire\u00e7\u00e3o errada quando o assunto \u00e9 acessibilidade. O heptacampe\u00e3o relembrou o in\u00edcio da pr\u00f3pria trajet\u00f3ria e comparou a realidade atual com a que viveu quando come\u00e7ou a correr. Segundo ele, os custos cresceram de forma descontrolada e citou que atualmente gasta-se mais de US$ 1 milh\u00e3o (cerca de R$ 5,1 milh\u00f5es) por temporada no kartismo.<\/p>\n\n\n\n<figure class=\"wp-block-embed is-type-video is-provider-youtube wp-block-embed-youtube wp-embed-aspect-16-9 wp-has-aspect-ratio\"><div class=\"wp-block-embed__wrapper\">\n<iframe loading=\"lazy\" title=\"VERSTAPPEN QUER FICAR NA RED BULL. E SAINZ DE OLHO NA AUDI \u00c9 AMEA\u00c7A A BORTOLETO? | WGP\" width=\"500\" height=\"281\" src=\"https:\/\/www.youtube.com\/embed\/Jy0R0CXWT9Y?feature=oembed\" frameborder=\"0\" allow=\"accelerometer; autoplay; clipboard-write; encrypted-media; gyroscope; picture-in-picture; web-share\" referrerpolicy=\"strict-origin-when-cross-origin\" allowfullscreen><\/iframe>\n<\/div><\/figure>\n\n\n\n<p class=\"wp-block-paragraph\">&#8220;N\u00e3o acompanho isso de perto, porque \u00e9 algo que, na minha opini\u00e3o, continua indo na dire\u00e7\u00e3o errada. N\u00e3o existe responsabilidade das pessoas que administram essas organiza\u00e7\u00f5es ou o esporte. N\u00e3o sei exatamente como, mas precisa existir uma maneira de torn\u00e1-lo acess\u00edvel. \u00c9 rid\u00edculo&#8221;, disse.<\/p>\n\n\n\n<p class=\"wp-block-paragraph\">&#8220;Conhe\u00e7o algu\u00e9m que tem um filho de oito anos e est\u00e1 gastando mais de US$ 1 milh\u00e3o por ano. Claro que hoje tudo \u00e9 mais caro, mas quando comecei lembro que meu pai gastou \u00a320 mil no primeiro ano. Isso significou refinanciar a casa e estourar os cart\u00f5es de cr\u00e9dito. Hoje acho altamente improv\u00e1vel, para n\u00e3o dizer imposs\u00edvel, que algu\u00e9m de uma fam\u00edlia comum consiga competir contra quem gasta US$ 1 milh\u00e3o. Isso n\u00e3o deveria ser permitido&#8221;, afirmou.<\/p>\n\n\n\n<p class=\"wp-block-paragraph\">Ainda segundo Hamilton, o problema se se agrava conforme os competidores avan\u00e7am nas categorias de base. Para o heptacampe\u00e3o, a tend\u00eancia \u00e9 que isso se reflita na F1 nos pr\u00f3ximos anos.<\/p>\n\n\n\n<p class=\"wp-block-paragraph\">&#8220;Quando voc\u00ea sobe pelas categorias, fica cada vez mais caro. Em vez de os mais talentosos avan\u00e7arem, s\u00e3o as fam\u00edlias com mais dinheiro que criam oportunidades para crian\u00e7as privilegiadas. Infelizmente, \u00e9 isso que veremos nas pr\u00f3ximas d\u00e9cadas, at\u00e9 que algo mude. E essa mudan\u00e7a depende da FIA e da F1&#8221;, completou.<\/p>\n\n\n\n<figure class=\"wp-block-image size-full\"><img loading=\"lazy\" decoding=\"async\" width=\"960\" height=\"540\" src=\"https:\/\/grandepremio.com\/br\/wp-content\/uploads\/2026\/06\/KSP_103_6569.jpeg\" alt=\"\" class=\"wp-image-1020307178\" srcset=\"https:\/\/grandepremio.com\/wp-content\/uploads\/2026\/06\/KSP_103_6569.jpeg 960w, https:\/\/grandepremio.com\/wp-content\/uploads\/2026\/06\/KSP_103_6569-300x169.jpeg 300w, https:\/\/grandepremio.com\/wp-content\/uploads\/2026\/06\/KSP_103_6569-768x432.jpeg 768w, https:\/\/grandepremio.com\/wp-content\/uploads\/2026\/06\/KSP_103_6569-150x84.jpeg 150w\" sizes=\"(max-width: 960px) 100vw, 960px\" \/><figcaption class=\"wp-element-caption\">Hamilton e Verstappen criticaram os altos custos para competir no kart (Foto: FIA)<\/figcaption><\/figure>\n\n\n\n<p class=\"wp-block-paragraph\">Verstappen compartilhou da mesma preocupa\u00e7\u00e3o e alertou que os valores atuais do kartismo est\u00e3o afastando jovens promessas antes mesmo de chegarem \u00e0s categorias de monopostos. O tetracampe\u00e3o mundial classificou os custos atuais como insanos.<\/p>\n\n\n\n<p class=\"wp-block-paragraph\">&#8220;Todos n\u00f3s aprendemos muito no kart. O problema \u00e9 que os pre\u00e7os est\u00e3o disparando. Tem gente pagando entre \u00a310 mil e \u00a312 mil por etapa nas categorias de base. Isso \u00e9 uma insanidade. Esses valores acabam limitando talentos que n\u00e3o t\u00eam apoio financeiro para sequer chegar \u00e0s categorias de f\u00f3rmula&#8221;, lamentou.<\/p>\n\n\n\n<p class=\"wp-block-paragraph\">Diante desse cen\u00e1rio, apontou uma poss\u00edvel alternativa. Grande entusiasta do automobilismo virtual, o neerland\u00eas tem uma equipe voltada justamente para o desenvolvimento de talentos e v\u00ea nos simuladores um caminho para reduzir custos.<\/p>\n\n\n\n<p class=\"wp-block-paragraph\">&#8220;Por isso acho importante explorar caminhos al\u00e9m do kartismo. J\u00e1 vejo muitas crian\u00e7as que continuam correndo de kart, mas tamb\u00e9m passam tempo nos simuladores e aprendem a pilotar carros de F4 ou GT. Com a precis\u00e3o que os simuladores t\u00eam hoje, \u00e9 poss\u00edvel chegar dez passos \u00e0 frente na prepara\u00e7\u00e3o antes mesmo de entrar em um carro de f\u00f3rmula&#8221;, concluiu.<\/p>\n\n\n\n<p class=\"wp-block-paragraph\">A&nbsp;<strong>F\u00f3rmula 1<\/strong>&nbsp;volta neste fim de semana, de&nbsp;<strong>26 a 28 de junho<\/strong>, com o&nbsp;<strong>GP da \u00c1ustria<\/strong>, oitava etapa da temporada 2026. O&nbsp;<strong>GRANDE PR\u00caMIO<\/strong>&nbsp;acompanha todas as atividades<a href=\"https:\/\/www.grandepremio.com\/br\/ao-vivo\/f1\/\">&nbsp;<strong>AO VIVO E EM&nbsp;<\/strong><\/a><strong><a href=\"https:\/\/www.grandepremio.com\/br\/ao-vivo\/\" target=\"_blank\" rel=\"noreferrer noopener\">TEMPO REAL<\/a><\/strong>,&nbsp;<a href=\"https:\/\/www.youtube.com\/@GrandePremio1\/streams\">al\u00e9m de classifica\u00e7\u00e3o e corrida em&nbsp;<strong>SEGUNDA TELA&nbsp;<\/strong>no YouTube<\/a>, em parceria com a&nbsp;<strong>Voz do Esporte<\/strong>. O&nbsp;<strong>Briefing&nbsp;<\/strong>chega para analisar ap\u00f3s o fim de cada dia de atividades nas redes sociais e na&nbsp;<strong>GPTV<\/strong>.<\/p>\n\n\n\n<p class=\"wp-block-paragraph\">Al\u00e9m da cobertura completa das atividades, o\u00a0<strong>GRANDE PR\u00caMIO<\/strong>\u00a0tamb\u00e9m estar\u00e1 in loco na\u00a0<strong>\u00c1ustria<\/strong> com o rep\u00f3rter\u00a0<strong>Leonid Kliuev<\/strong>.<\/p>\n\n\n\n<h2 class=\"wp-block-heading\">GP da \u00c1ustria&nbsp;de F1: veja os hor\u00e1rios em Brasil, Cabo Verde,&nbsp;<a href=\"https:\/\/grandepremio.pt\/\" target=\"_blank\" rel=\"noreferrer noopener\">Portugal<\/a>, Angola e Mo\u00e7ambique:<\/h2>\n\n\n\n<figure class=\"wp-block-table is-style-stripes\"><table class=\"has-fixed-layout\"><tbody><tr><td><strong>Sess\u00e3o<\/strong><\/td><td><strong>BRA*<\/strong><\/td><td><strong>CBV<\/strong><\/td><td><strong>POR<\/strong><br><strong>ANG<\/strong><\/td><td><strong>MOZ<\/strong><\/td><\/tr><tr><td>Treino livre 1<\/td><td>08:30<\/td><td>10:30<\/td><td>12:30<\/td><td>13:30<\/td><\/tr><tr><td>Treino livre 2<\/td><td>12:00<\/td><td>14:00<\/td><td>16:00<\/td><td>17:00<\/td><\/tr><tr><td>Treino livre 3<\/td><td>07:30<\/td><td>09:30<\/td><td>11:30<\/td><td>12:30<\/td><\/tr><tr><td>Classifica\u00e7\u00e3o<\/td><td>11:00<\/td><td>13:00<\/td><td>15:00<\/td><td>16:00<\/td><\/tr><tr><td>Corrida<\/td><td>10:00<\/td><td>12:00<\/td><td>14:00<\/td><td>15:00<\/td><\/tr><\/tbody><\/table><\/figure>\n\n\n\n<p class=\"wp-block-paragraph\"><em>*Hor\u00e1rio de Bras\u00edlia<\/em><\/p>\n\n\n\n<p class=\"wp-block-paragraph\">\u25b6\ufe0f&nbsp;<strong><a href=\"https:\/\/grandepremio.com\/br\/f1\/ferrari-descarta-priorizar-lewis-hamilton-apos-vitoria-pior-abordagem-possivel\/%20confira%20o%20calend%C3%A1rio%20completo%20de%202026\">F1: confira o calend\u00e1rio completo de 2026<\/a><\/strong><br>\u25b6\ufe0f&nbsp;<strong>Inscreva-se nos dois canais do GRANDE PR\u00caMIO no YouTube:&nbsp;<a href=\"https:\/\/www.youtube.com\/channel\/UC9OlHEgxoaY6QY6nWPoiqQg?sub_confirmation=1\">GP<\/a>&nbsp;|&nbsp;<a href=\"https:\/\/www.youtube.com\/channel\/UC9csiS6q_C3C0FYhyr1rnFA?sub_confirmation=1\">GPTV<\/a><\/strong><\/p>\n\n\n\n<h2 class=\"wp-block-heading\">F1 hoje: saiba aqui as not\u00edcias mais importantes do dia da F\u00f3rmula 1<\/h2>\n\n\n\n<p class=\"wp-block-paragraph\">A reda\u00e7\u00e3o do&nbsp;<strong>GRANDE PR\u00caMIO<\/strong>&nbsp;selecionou as not\u00edcias mais importantes das \u00faltimas horas para voc\u00ea ficar por dentro de tudo que acontece na F1.<\/p>\n\n\n\n<p class=\"wp-block-paragraph\">\u25b6\ufe0f <a href=\"https:\/\/grandepremio.com\/br\/f1\/honda-freia-expectativa-aduo-diz-espera-melhoria-motor-longo-prazo\/\"><strong>Honda freia expectativa com ADUO e diz que espera melhoria em motor &#8220;a longo prazo&#8221;<\/strong><\/a><br>\u25b6\ufe0f <a href=\"https:\/\/grandepremio.com\/br\/f1\/como-batalhas-george-russell-andrea-kimi-antonelli-agravam-problema-bateria-mercedes\/\"><strong>Como batalhas entre Russell e Antonelli agravam problema de bateria da Mercedes<\/strong><\/a><br>\u25b6\ufe0f <a href=\"https:\/\/grandepremio.com\/br\/f1\/gabriel-bortoleto-admite-deficit-motor-audi-avisa-temos-chassi-muito-forte\/\"><strong>Bortoleto admite d\u00e9ficit no motor da Audi, mas avisa: &#8220;Temos chassi muito forte&#8221;<\/strong><\/a><br>\u25b6\ufe0f <a href=\"https:\/\/grandepremio.com\/br\/f1\/lewis-hamilton-revela-abalo-criticas-mas-detalha-volta-cima-desconectei-matrix\/\"><strong>Hamilton revela abalo com cr\u00edticas, mas detalha volta por cima: &#8220;Desconectei da matrix&#8221;<\/strong><\/a><br>\u25b6\ufe0f <a href=\"https:\/\/grandepremio.com\/br\/f1\/na-garagem-senna-vence-em-detroit-e-ergue-bandeira-do-brasil-pela-1a-vez-na-f1\/\"><strong>Na Garagem: Senna vence em Detroit e ergue bandeira do Brasil pela 1\u00aa vez na F1<\/strong><\/a><\/p>\n","protected":false},"excerpt":{"rendered":"<p>Lewis Hamilton citou que custos de uma temporada no kart atualmente superam US$ 1 milh\u00e3o e pediu a\u00e7\u00e3o conjunta de FIA e F1. Max Verstappen tamb\u00e9m criticou valores e apontou automobilismo virtual como alternativa<\/p>\n","protected":false},"author":9,"featured_media":1001091758,"comment_status":"closed","ping_status":"closed","sticky":false,"template":"","format":"standard","meta":{"42wp_featured_image_caption":"Verstappen e Hamilton criticaram custos do kartismo","42wp_featured_image_credits":"(Foto: Red Bull Content Pool)","42wp_featured_video":"","42wp_featured_image_hidden":false,"42wp_authors_list":[],"footnotes":""},"categories":[2],"tags":[26271,147,29516,29148,24868,31425,28995,24836,28285,36194,87,203,35129,31470],"42wp_author":[47164],"class_list":["post-142611","post","type-post","status-publish","format-standard","has-post-thumbnail","hentry","category-f1","tag-calendario-f1","tag-f1","tag-f1-2026","tag-f1-hoje","tag-formula-1-3","tag-formula-1-2026","tag-formula-1-hoje","tag-grande-premio-2","tag-grandepremio","tag-horarios-f1-2","tag-lewis-hamilton","tag-max-verstappen","tag-onde-assistir-f1","tag-temporada-2026-f1","42wp_author-marcos-gil-ribeiro"],"_links":{"self":[{"href":"https:\/\/grandepremio.com\/br\/wp-json\/wp\/v2\/posts\/142611","targetHints":{"allow":["GET"]}}],"collection":[{"href":"https:\/\/grandepremio.com\/br\/wp-json\/wp\/v2\/posts"}],"about":[{"href":"https:\/\/grandepremio.com\/br\/wp-json\/wp\/v2\/types\/post"}],"author":[{"embeddable":true,"href":"https:\/\/grandepremio.com\/br\/wp-json\/wp\/v2\/users\/9"}],"replies":[{"embeddable":true,"href":"https:\/\/grandepremio.com\/br\/wp-json\/wp\/v2\/comments?post=142611"}],"version-history":[{"count":15,"href":"https:\/\/grandepremio.com\/br\/wp-json\/wp\/v2\/posts\/142611\/revisions"}],"predecessor-version":[{"id":142804,"href":"https:\/\/grandepremio.com\/br\/wp-json\/wp\/v2\/posts\/142611\/revisions\/142804"}],"wp:featuredmedia":[{"embeddable":true,"href":"https:\/\/grandepremio.com\/br\/wp-json\/wp\/v2\/media\/1001091758"}],"wp:attachment":[{"href":"https:\/\/grandepremio.com\/br\/wp-json\/wp\/v2\/media?parent=142611"}],"wp:term":[{"taxonomy":"category","embeddable":true,"href":"https:\/\/grandepremio.com\/br\/wp-json\/wp\/v2\/categories?post=142611"},{"taxonomy":"post_tag","embeddable":true,"href":"https:\/\/grandepremio.com\/br\/wp-json\/wp\/v2\/tags?post=142611"},{"taxonomy":"42wp_author","embeddable":true,"href":"https:\/\/grandepremio.com\/br\/wp-json\/wp\/v2\/42wp_author?post=142611"}],"curies":[{"name":"wp","href":"https:\/\/api.w.org\/{rel}","templated":true}]}}