{"id":142660,"date":"2026-06-22T11:40:50","date_gmt":"2026-06-22T14:40:50","guid":{"rendered":"https:\/\/grandepremio.com\/br\/?p=142660"},"modified":"2026-06-22T15:15:16","modified_gmt":"2026-06-22T18:15:16","slug":"isack-hadjar-abre-bastidores-max-verstappen-revela-conselhos-nao-esconde-nada","status":"publish","type":"post","link":"https:\/\/grandepremio.com\/br\/f1\/isack-hadjar-abre-bastidores-max-verstappen-revela-conselhos-nao-esconde-nada\/","title":{"rendered":"Hadjar abre bastidores com Verstappen e revela conselhos: &#8220;N\u00e3o esconde nada&#8221;"},"content":{"rendered":"\n<p class=\"wp-block-paragraph\"><strong>Isack Hadjar<\/strong> abriu os bastidores da conviv\u00eancia com <strong>Max Verstappen<\/strong> na <strong>Red Bull<\/strong> e afirmou que o tetracampe\u00e3o mundial n\u00e3o esconde informa\u00e7\u00f5es dos companheiros de equipe. Segundo ele, o neerland\u00eas est\u00e1 sempre disposto a ajudar quando \u00e9 procurado e demonstra confian\u00e7a suficiente para compartilhar dados e experi\u00eancias sem receio. Por outro lado, o alto n\u00edvel que sempre apresenta coloca press\u00e3o sobre quem ocupa o outro lado da garagem.<\/p>\n\n\n\n<p class=\"wp-block-paragraph\">Hadjar foi promovido \u00e0 Red Bull ap\u00f3s uma boa temporada de estreia na <strong>F\u00f3rmula 1<\/strong> pela <strong>Racing Bulls<\/strong>. Em sete etapas at\u00e9 aqui, vem conseguindo se manter pr\u00f3ximo do companheiro. No <strong>Mundial de Pilotos<\/strong>, est\u00e1 21 pontos atr\u00e1s \u2014 como efeito de compara\u00e7\u00e3o, <strong>Yuki Tsunoda<\/strong> terminou o campeonato 388 tentos atr\u00e1s em 2025.<\/p>\n\n\n\n<figure class=\"wp-block-embed is-type-video is-provider-youtube wp-block-embed-youtube wp-embed-aspect-16-9 wp-has-aspect-ratio\"><div class=\"wp-block-embed__wrapper\">\n<iframe loading=\"lazy\" title=\"VERSTAPPEN QUER FICAR NA RED BULL. E SAINZ DE OLHO NA AUDI \u00c9 AMEA\u00c7A A BORTOLETO? | WGP\" width=\"500\" height=\"281\" src=\"https:\/\/www.youtube.com\/embed\/Jy0R0CXWT9Y?feature=oembed\" frameborder=\"0\" allow=\"accelerometer; autoplay; clipboard-write; encrypted-media; gyroscope; picture-in-picture; web-share\" referrerpolicy=\"strict-origin-when-cross-origin\" allowfullscreen><\/iframe>\n<\/div><\/figure>\n\n\n\n<p class=\"wp-block-paragraph\">Em entrevista \u00e0 edi\u00e7\u00e3o global do <em>Motorsport.com<\/em>, Hadjar explicou que Verstappen n\u00e3o costuma procur\u00e1-lo, mas garantiu que recebe respostas sempre que faz perguntas. Al\u00e9m da disposi\u00e7\u00e3o para ajudar, Hadjar ressaltou o impacto que Verstappen causa dentro da equipe ao estabelecer um padr\u00e3o de desempenho extremamente elevado.<\/p>\n\n\n\n<p class=\"wp-block-paragraph\">&#8220;Ele definitivamente n\u00e3o me pede conselhos, mas, se eu perguntar alguma coisa, ele responde. Se preciso de informa\u00e7\u00f5es, \u00e9 muito aberto e muito gentil. N\u00e3o esconde nada porque sabe que \u00e9 forte&#8221;, afirmou.<\/p>\n\n\n\n<p class=\"wp-block-paragraph\">&#8220;N\u00e3o existe tempo para relaxar. Toda vez que ele entra na pista, faz uma volta e \u00e9 o n\u00edvel mais alto que voc\u00ea j\u00e1 viu. Ent\u00e3o voc\u00ea pensa: \u2018Preciso melhorar muito aqui e ali\u2019. \u00c9 preciso tirar muito de si para conseguir igualar ou sequer chegar perto. Sempre que vou para a pista, sei que preciso me superar, porque \u00e9 algo realmente impressionante&#8221;, destacou.<\/p>\n\n\n\n<p class=\"wp-block-paragraph\">Hadjar tamb\u00e9m abordou o processo de aprendizado que vive nos primeiros anos da carreira na F1. O piloto reconheceu que ainda comete erros, mas acredita que este \u00e9 o momento ideal para absorver experi\u00eancias e evoluir antes de disputar t\u00edtulos.<\/p>\n\n\n\n<figure class=\"wp-block-image size-large\"><img loading=\"lazy\" decoding=\"async\" width=\"1024\" height=\"683\" src=\"https:\/\/grandepremio.com\/br\/wp-content\/uploads\/2026\/06\/SI202605230356-1024x683.jpg\" alt=\"\" class=\"wp-image-1020307211\" srcset=\"https:\/\/grandepremio.com\/wp-content\/uploads\/2026\/06\/SI202605230356-1024x683.jpg 1024w, https:\/\/grandepremio.com\/wp-content\/uploads\/2026\/06\/SI202605230356-300x200.jpg 300w, https:\/\/grandepremio.com\/wp-content\/uploads\/2026\/06\/SI202605230356-768x512.jpg 768w, https:\/\/grandepremio.com\/wp-content\/uploads\/2026\/06\/SI202605230356-1536x1024.jpg 1536w, https:\/\/grandepremio.com\/wp-content\/uploads\/2026\/06\/SI202605230356-2048x1365.jpg 2048w, https:\/\/grandepremio.com\/wp-content\/uploads\/2026\/06\/SI202605230356-150x100.jpg 150w\" sizes=\"(max-width: 1024px) 100vw, 1024px\" \/><figcaption class=\"wp-element-caption\">Isack Hadjar vem se mantendo pr\u00f3ximo de Max Verstappen na Red Bull (Foto: Red Bull Content Pool)<\/figcaption><\/figure>\n\n\n\n<p class=\"wp-block-paragraph\">&#8220;O ideal \u00e9 n\u00e3o repetir os erros. Esse \u00e9 o objetivo. Nem sempre \u00e9 f\u00e1cil, mas n\u00e3o me preocupo muito com isso. Sou jovem, estou apenas no segundo ano e cometo erros agora. A ideia \u00e9 que, quando tiver um carro capaz de lutar pelo t\u00edtulo, n\u00e3o os cometa mais\u201d, explicou.<\/p>\n\n\n\n<p class=\"wp-block-paragraph\">&#8220;Estou mais focado no meu desempenho. Tenho a chance de me comparar ao melhor piloto do grid. \u00c9 nisso que concentro minha aten\u00e7\u00e3o neste momento&#8221;, concluiu.<\/p>\n\n\n\n<p class=\"wp-block-paragraph\">A&nbsp;<strong>F\u00f3rmula 1<\/strong>&nbsp;volta neste fim de semana, de&nbsp;<strong>26 a 28 de junho<\/strong>, com o&nbsp;<strong>GP da \u00c1ustria<\/strong>, oitava etapa da temporada 2026. O&nbsp;<strong>GRANDE PR\u00caMIO<\/strong>&nbsp;acompanha todas as atividades<a href=\"https:\/\/www.grandepremio.com\/br\/ao-vivo\/f1\/\">&nbsp;<strong>AO VIVO E EM&nbsp;<\/strong><\/a><strong><a href=\"https:\/\/www.grandepremio.com\/br\/ao-vivo\/\" target=\"_blank\" rel=\"noreferrer noopener\">TEMPO REAL<\/a><\/strong>,&nbsp;<a href=\"https:\/\/www.youtube.com\/@GrandePremio1\/streams\">al\u00e9m de classifica\u00e7\u00e3o e corrida em&nbsp;<strong>SEGUNDA TELA&nbsp;<\/strong>no YouTube<\/a>, em parceria com a&nbsp;<strong>Voz do Esporte<\/strong>. O&nbsp;<strong>Briefing&nbsp;<\/strong>chega para analisar ap\u00f3s o fim de cada dia de atividades nas redes sociais e na&nbsp;<strong>GPTV<\/strong>.<\/p>\n\n\n\n<p class=\"wp-block-paragraph\">Al\u00e9m da cobertura completa das atividades, o\u00a0<strong>GRANDE PR\u00caMIO<\/strong>\u00a0tamb\u00e9m estar\u00e1 in loco na\u00a0<strong>\u00c1ustria<\/strong> com o rep\u00f3rter\u00a0<strong>Leonid Kliuev<\/strong>.<\/p>\n\n\n\n<h2 class=\"wp-block-heading\">GP da \u00c1ustria&nbsp;de F1: veja os hor\u00e1rios em Brasil, Cabo Verde,&nbsp;<a href=\"https:\/\/grandepremio.pt\/\" target=\"_blank\" rel=\"noreferrer noopener\"><strong>Portugal<\/strong><\/a>, Angola e Mo\u00e7ambique:<\/h2>\n\n\n\n<figure class=\"wp-block-table is-style-stripes\"><table class=\"has-fixed-layout\"><tbody><tr><td><strong>Sess\u00e3o<\/strong><\/td><td><strong>BRA*<\/strong><\/td><td><strong>CBV<\/strong><\/td><td><strong>POR<\/strong><br><strong>ANG<\/strong><\/td><td><strong>MOZ<\/strong><\/td><\/tr><tr><td>Treino livre 1<\/td><td>08:30<\/td><td>10:30<\/td><td>12:30<\/td><td>13:30<\/td><\/tr><tr><td>Treino livre 2<\/td><td>12:00<\/td><td>14:00<\/td><td>16:00<\/td><td>17:00<\/td><\/tr><tr><td>Treino livre 3<\/td><td>07:30<\/td><td>09:30<\/td><td>11:30<\/td><td>12:30<\/td><\/tr><tr><td>Classifica\u00e7\u00e3o<\/td><td>11:00<\/td><td>13:00<\/td><td>15:00<\/td><td>16:00<\/td><\/tr><tr><td>Corrida<\/td><td>10:00<\/td><td>12:00<\/td><td>14:00<\/td><td>15:00<\/td><\/tr><\/tbody><\/table><\/figure>\n\n\n\n<p class=\"wp-block-paragraph\"><em>*Hor\u00e1rio de Bras\u00edlia<\/em><\/p>\n\n\n\n<p class=\"wp-block-paragraph\">\u25b6\ufe0f&nbsp;<strong><a href=\"https:\/\/grandepremio.com\/br\/f1\/ferrari-descarta-priorizar-lewis-hamilton-apos-vitoria-pior-abordagem-possivel\/%20confira%20o%20calend%C3%A1rio%20completo%20de%202026\">F1: confira o calend\u00e1rio completo de 2026<\/a><\/strong><br>\u25b6\ufe0f&nbsp;<strong>Inscreva-se nos dois canais do GRANDE PR\u00caMIO no YouTube:&nbsp;<a href=\"https:\/\/www.youtube.com\/channel\/UC9OlHEgxoaY6QY6nWPoiqQg?sub_confirmation=1\">GP<\/a>&nbsp;|&nbsp;<a href=\"https:\/\/www.youtube.com\/channel\/UC9csiS6q_C3C0FYhyr1rnFA?sub_confirmation=1\">GPTV<\/a><\/strong><\/p>\n\n\n\n<h2 class=\"wp-block-heading\">F1 hoje: saiba aqui as not\u00edcias mais importantes do dia da F\u00f3rmula 1<\/h2>\n\n\n\n<p class=\"wp-block-paragraph\">A reda\u00e7\u00e3o do&nbsp;<strong>GRANDE PR\u00caMIO<\/strong>&nbsp;selecionou as not\u00edcias mais importantes das \u00faltimas horas para voc\u00ea ficar por dentro de tudo que acontece na F1.<\/p>\n\n\n\n<p class=\"wp-block-paragraph\">\u25b6\ufe0f <a href=\"https:\/\/grandepremio.com\/br\/f1\/lewis-hamilton-max-verstappen-unem-criticam-custos-ridiculos-base-automobilismo\/\">Hamilton e Verstappen se unem e criticam &#8220;custos rid\u00edculos&#8221; da base no automobilismo<\/a><br>\u25b6\ufe0f <a href=\"https:\/\/grandepremio.com\/br\/f1\/honda-freia-expectativa-aduo-diz-espera-melhoria-motor-longo-prazo\/\">Honda freia expectativa com ADUO e diz que espera melhoria em motor &#8220;a longo prazo&#8221;<\/a><br>\u25b6\ufe0f <a href=\"https:\/\/grandepremio.com\/br\/f1\/como-batalhas-george-russell-andrea-kimi-antonelli-agravam-problema-bateria-mercedes\/\">Como batalhas entre Russell e Antonelli agravam problema de bateria da Mercedes<\/a><br>\u25b6\ufe0f <a href=\"https:\/\/grandepremio.com\/br\/f1\/gabriel-bortoleto-admite-deficit-motor-audi-avisa-temos-chassi-muito-forte\/\">Bortoleto admite d\u00e9ficit no motor da Audi, mas avisa: &#8220;Temos chassi muito forte&#8221;<\/a><br>\u25b6\ufe0f <a href=\"https:\/\/grandepremio.com\/br\/f1\/lewis-hamilton-revela-abalo-criticas-mas-detalha-volta-cima-desconectei-matrix\/\">Hamilton revela abalo com cr\u00edticas, mas detalha volta por cima: &#8220;Desconectei da matrix&#8221;<\/a><\/p>\n","protected":false},"excerpt":{"rendered":"<p>Isack Hadjar disse que Max Verstappen n\u00e3o esconde informa\u00e7\u00f5es por ter confian\u00e7a no pr\u00f3prio trabalho e admitiu que neerland\u00eas for\u00e7a companheiros a elevar n\u00edvel para tentar acompanh\u00e1-lo<\/p>\n","protected":false},"author":9,"featured_media":1010399264,"comment_status":"closed","ping_status":"closed","sticky":false,"template":"","format":"standard","meta":{"42wp_featured_image_caption":"Max Verstappen e Isack Hadjar","42wp_featured_image_credits":"(Foto: Red Bull Content Pool)","42wp_featured_video":"","42wp_featured_image_hidden":false,"42wp_authors_list":[],"footnotes":""},"categories":[2],"tags":[26271,147,29516,29148,24868,31425,28995,24836,28285,36194,28104,203,35129,204,31470],"42wp_author":[47164],"class_list":["post-142660","post","type-post","status-publish","format-standard","has-post-thumbnail","hentry","category-f1","tag-calendario-f1","tag-f1","tag-f1-2026","tag-f1-hoje","tag-formula-1-3","tag-formula-1-2026","tag-formula-1-hoje","tag-grande-premio-2","tag-grandepremio","tag-horarios-f1-2","tag-isack-hadjar","tag-max-verstappen","tag-onde-assistir-f1","tag-red-bull","tag-temporada-2026-f1","42wp_author-marcos-gil-ribeiro"],"_links":{"self":[{"href":"https:\/\/grandepremio.com\/br\/wp-json\/wp\/v2\/posts\/142660","targetHints":{"allow":["GET"]}}],"collection":[{"href":"https:\/\/grandepremio.com\/br\/wp-json\/wp\/v2\/posts"}],"about":[{"href":"https:\/\/grandepremio.com\/br\/wp-json\/wp\/v2\/types\/post"}],"author":[{"embeddable":true,"href":"https:\/\/grandepremio.com\/br\/wp-json\/wp\/v2\/users\/9"}],"replies":[{"embeddable":true,"href":"https:\/\/grandepremio.com\/br\/wp-json\/wp\/v2\/comments?post=142660"}],"version-history":[{"count":8,"href":"https:\/\/grandepremio.com\/br\/wp-json\/wp\/v2\/posts\/142660\/revisions"}],"predecessor-version":[{"id":142803,"href":"https:\/\/grandepremio.com\/br\/wp-json\/wp\/v2\/posts\/142660\/revisions\/142803"}],"wp:featuredmedia":[{"embeddable":true,"href":"https:\/\/grandepremio.com\/br\/wp-json\/wp\/v2\/media\/1010399264"}],"wp:attachment":[{"href":"https:\/\/grandepremio.com\/br\/wp-json\/wp\/v2\/media?parent=142660"}],"wp:term":[{"taxonomy":"category","embeddable":true,"href":"https:\/\/grandepremio.com\/br\/wp-json\/wp\/v2\/categories?post=142660"},{"taxonomy":"post_tag","embeddable":true,"href":"https:\/\/grandepremio.com\/br\/wp-json\/wp\/v2\/tags?post=142660"},{"taxonomy":"42wp_author","embeddable":true,"href":"https:\/\/grandepremio.com\/br\/wp-json\/wp\/v2\/42wp_author?post=142660"}],"curies":[{"name":"wp","href":"https:\/\/api.w.org\/{rel}","templated":true}]}}