{"id":14292,"date":"2025-12-04T12:05:51","date_gmt":"2025-12-04T15:05:51","guid":{"rendered":"https:\/\/grandepremio.com\/br\/noticias\/yuki-tsunoda-confessa-unico-arrependimento-aceitar-vaga-red-bull-2025\/"},"modified":"2025-12-04T12:36:40","modified_gmt":"2025-12-04T15:36:40","slug":"yuki-tsunoda-confessa-unico-arrependimento-aceitar-vaga-red-bull-2025","status":"publish","type":"post","link":"https:\/\/grandepremio.com\/br\/f1\/yuki-tsunoda-confessa-unico-arrependimento-aceitar-vaga-red-bull-2025\/","title":{"rendered":"Tsunoda confessa \u00fanico arrependimento que teve por aceitar vaga na Red Bull em 2025"},"content":{"rendered":"\n<p class=\"wp-block-paragraph\">\u00c0s v\u00e9speras de disputar o \u00faltimo GP na <strong>F\u00f3rmula 1<\/strong>, <strong>Yuki Tsunoda<\/strong> confessou que ter perdido a chance de colher os frutos com o &#8220;\u00f3timo carro&#8221; da<strong> Racing Bulls<\/strong> \u00e9 o \u00fanico arrependimento que ficou por ter aceitado a oferta da<strong> Red Bull<\/strong> para ser companheiro de equipe de<strong> Max Verstappen <\/strong>na <strong>temporada 2025<\/strong>. Ele acredita, no entanto, que deixou seu DNA no carro para o ano que vem, mesmo com a mudan\u00e7a de regulamento.<\/p>\n\n\n\n<p class=\"wp-block-paragraph\">Tsunoda assumiu o lugar de <strong>Liam Lawson<\/strong> na Red Bull ap\u00f3s apenas dois GPs disputados em 2025, enquanto o neozeland\u00eas foi rebaixado para a Racing Bulls. S\u00f3 que o #22 encontrou muito mais dificuldades que o esperado diante da janela operacional muito estreita do <strong>RB21<\/strong>. J\u00e1 Lawson, com um carro bem mais previs\u00edvel nas m\u00e3os, cresceu a ponto de ultrapassar Tsunoda na classifica\u00e7\u00e3o.<\/p>\n\n\n\n<p class=\"wp-block-paragraph\">De partida da F1, uma vez que a Red Bull decidiu subir<strong> Isack Hajdar<\/strong> e promover o novato<strong> Arvid Lindblad <\/strong>para a equipe de Faenza, Tsunoda refletiu sobre a mudan\u00e7a de time de maneira sincera. <\/p>\n\n\n\n<p class=\"wp-block-paragraph\">&#8220;O \u00fanico arrependimento que tenho \u00e9 de ter perdido aquela oportunidade [com a Racing Bulls]&#8221;, disse em coletiva acompanhada pelo <strong>GRANDE PR\u00caMIO<\/strong> nesta quinta-feira (4), em<strong> Yas Marina<\/strong>. &#8220;Um carro muito bom, sabe, um carr\u00e3o. Joguei fora meu filho, meu beb\u00ea, pois \u00e9 o carro que desenvolvi com a equipe desde a chegada desse regulamento&#8221;, acrescentou.<\/p>\n\n\n\n<figure class=\"wp-block-image size-large\"><img decoding=\"async\" src=\"https:\/\/www.grandepremio.com\/br\/wp-content\/uploads\/2025\/11\/catar-2025-f1-corrida-sprint-red-bull-yuki-tsunoda-05-1200x800.jpg\" alt=\"\" class=\"wp-image-1038611\"\/><figcaption class=\"wp-element-caption\">Yuki Tsunoda perdeu a chance de colher os frutos do bom carro da Racing Bulls (Foto: Red Bull Content Pool)<\/figcaption><\/figure>\n\n\n\n<p class=\"wp-block-paragraph\">&#8220;Tenho certeza de que meu DNA est\u00e1 l\u00e1 dentro tamb\u00e9m. Certamente, perder aquela oportunidade e terminar sem conseguir atingir o n\u00edvel que quer\u00edamos \u00e9 algo que sinto falta. Mas, ao mesmo tempo, n\u00e3o me arrependo da decis\u00e3o [de ir para a Red Bull]&#8221;, assegurou.<\/p>\n\n\n\n<p class=\"wp-block-paragraph\">Tsunoda tamb\u00e9m foi franco ao dizer que se frustra quando olha para tr\u00e1s e v\u00ea que &#8220;a paix\u00e3o que tive foi totalmente desnecess\u00e1ria&#8221;. Depois, forneceu uma an\u00e1lise do pr\u00f3prio desempenho em cada parte da temporada e se disse &#8220;orgulhoso de como cresci e evolu\u00ed&#8221;.<\/p>\n\n\n\n<p class=\"wp-block-paragraph\">Por fim, afirmou que &#8220;n\u00e3o d\u00e1 para negar que Verstappen \u00e9 o melhor piloto do grupo&#8221;. &#8220;Ao mesmo tempo, estou feliz por ter conseguido alcan\u00e7\u00e1-lo rapidamente nesse n\u00edvel. Particularmente gosto muito dessa disputa acirrada, sabe? Este ano \u00e9 um dos anos com a disputa mais acirrada da hist\u00f3ria. Ent\u00e3o, \u00e9 isso&#8221;, encerrou.<\/p>\n\n\n\n<p class=\"wp-block-paragraph\">A&nbsp;<strong><a href=\"https:\/\/www.grandepremio.com\/br\/f1\/\" target=\"_blank\" rel=\"noreferrer noopener\"><\/a><a href=\"https:\/\/www.grandepremio.com\/br\/f1\/\" target=\"_blank\" rel=\"noreferrer noopener\">F\u00f3rmula 1<\/a><\/strong>&nbsp;retorna neste fim de semana, de 5 a 7 de dezembro, com o&nbsp;<strong>GP de Abu Dhabi<\/strong>, 24\u00aa etapa da temporada 2025. O&nbsp;<strong>GRANDE PR\u00caMIO<\/strong>&nbsp;acompanha todas as atividades<a href=\"https:\/\/www.grandepremio.com\/br\/ao-vivo\/f1\/\">&nbsp;<strong>AO VIVO E EM&nbsp;<\/strong><\/a><strong><a href=\"https:\/\/www.grandepremio.com\/br\/ao-vivo\/\" target=\"_blank\" rel=\"noreferrer noopener\">TEMPO REAL<\/a><\/strong>,&nbsp;<a href=\"https:\/\/www.youtube.com\/@GrandePremio1\/streams\">al\u00e9m de classifica\u00e7\u00e3o e corrida em&nbsp;<strong>SEGUNDA TELA&nbsp;<\/strong>no YouTube<\/a>, em parceria com a&nbsp;<strong>Voz do Esporte<\/strong>. O&nbsp;<strong>Briefing&nbsp;<\/strong>chega para analisar ap\u00f3s o fim de cada dia de atividades nas redes sociais e na&nbsp;<strong>GPTV<\/strong>.<\/p>\n\n\n\n<p class=\"wp-block-paragraph\">Al\u00e9m da cobertura tradicional, o<strong>&nbsp;GRANDE PR\u00caMIO<\/strong>&nbsp;estar\u00e1&nbsp;<strong>IN LOCO<\/strong>&nbsp;em&nbsp;<strong><a href=\"https:\/\/www.grandepremio.com\/br\/circuito\/yas-marina\/\" target=\"_blank\" rel=\"noreferrer noopener\"><\/a><a href=\"https:\/\/www.grandepremio.com\/br\/circuito\/yas-marina\/\" target=\"_blank\" rel=\"noreferrer noopener\"><\/a><a href=\"https:\/\/www.grandepremio.com\/br\/circuito\/yas-marina\/\" target=\"_blank\" rel=\"noreferrer noopener\"><\/a><a href=\"https:\/\/www.grandepremio.com\/br\/circuito\/yas-marina\/\" target=\"_blank\" rel=\"noreferrer noopener\"><\/a><a href=\"https:\/\/www.grandepremio.com\/br\/circuito\/yas-marina\/\" target=\"_blank\" rel=\"noreferrer noopener\"><\/a><a href=\"https:\/\/www.grandepremio.com\/br\/circuito\/yas-marina\/\" target=\"_blank\" rel=\"noreferrer noopener\"><\/a><a href=\"https:\/\/www.grandepremio.com\/br\/circuito\/yas-marina\/\" target=\"_blank\" rel=\"noreferrer noopener\"><\/a><a href=\"https:\/\/www.grandepremio.com\/br\/circuito\/yas-marina\/\" target=\"_blank\" rel=\"noreferrer noopener\">Yas Marina<\/a><\/strong>&nbsp;para acompanhar todas as emo\u00e7\u00f5es da etapa com o rep\u00f3rter&nbsp;<strong>Leonid Kliuev<\/strong>.<\/p>\n\n\n\n<p class=\"wp-block-paragraph\"><strong>GP de Abu Dhabi de F1: veja os hor\u00e1rios em Brasil, Cabo Verde,&nbsp;<a href=\"https:\/\/grandepremio.pt\/\" target=\"_blank\" rel=\"noreferrer noopener\">Portugal<\/a>, Angola e Mo\u00e7ambique:<\/strong><\/p>\n\n\n\n<figure class=\"wp-block-table\"><table class=\"has-fixed-layout\"><tbody><tr><td><strong>Sess\u00e3o<\/strong><\/td><td><strong>BRA*<\/strong><\/td><td><strong>CBV<\/strong><\/td><td><strong>POR<\/strong><br><strong>ANG<\/strong><\/td><td><strong>MOZ<\/strong><\/td><\/tr><tr><td>Treino livre 1<\/td><td>06:30<\/td><td>08:30<\/td><td>10:30<\/td><td>11:30<\/td><\/tr><tr><td>Treino livre 2<\/td><td>10:00<\/td><td>12:00<\/td><td>14:00<\/td><td>15:00<\/td><\/tr><tr><td>Treino livre 3<\/td><td>07:30<\/td><td>09:30<\/td><td>11:30<\/td><td>12:30<\/td><\/tr><tr><td>Classifica\u00e7\u00e3o<\/td><td>11:00<\/td><td>13:00<\/td><td>15:00<\/td><td>16:00<\/td><\/tr><tr><td>Corrida<\/td><td>10:00<\/td><td>12:00<\/td><td>14:30<\/td><td>15:00<\/td><\/tr><\/tbody><\/table><\/figure>\n\n\n\n<p class=\"wp-block-paragraph\"><em>*Hor\u00e1rio de Bras\u00edlia<\/em><\/p>\n\n\n\n<p class=\"wp-block-paragraph\">\u25b6\ufe0f <strong>F1: faltam quantas corridas?\u00a0<a href=\"https:\/\/www.grandepremio.com\/br\/f1\/calendario\/\" target=\"_blank\" rel=\"noreferrer noopener\">Veja o calend\u00e1rio da F1<\/a><\/strong><br><strong>\u25b6\ufe0f<\/strong> <strong>Inscreva-se nos dois canais do GRANDE PR\u00caMIO no YouTube:\u00a0<a href=\"https:\/\/www.youtube.com\/channel\/UC9OlHEgxoaY6QY6nWPoiqQg?sub_confirmation=1\" target=\"_blank\" rel=\"noreferrer noopener\">GP<\/a>\u00a0|\u00a0<a href=\"https:\/\/www.youtube.com\/channel\/UC9csiS6q_C3C0FYhyr1rnFA?sub_confirmation=1\" target=\"_blank\" rel=\"noreferrer noopener\">GP2<\/a><\/strong><\/p>\n","protected":false},"excerpt":{"rendered":"<p>Yuki Tsunoda aceitou o desafio de ser companheiro de equipe de Max Verstappen em uma Red Bull com um carro bem mais complicado que o da Racing Bulls<\/p>\n","protected":false},"author":0,"featured_media":1001037821,"comment_status":"closed","ping_status":"closed","sticky":false,"template":"","format":"standard","meta":{"42wp_featured_image_caption":"","42wp_featured_image_credits":"","42wp_featured_video":"","42wp_featured_image_hidden":false,"42wp_authors_list":[],"footnotes":""},"categories":[2],"tags":[1276,42512,636,26271,5273,147,3630,180,3628,25424,37274,1491,28285,30840,203,35129,38179,204,42001,1901,42513,37255,597],"42wp_author":[47147],"class_list":["post-14292","post","type-post","status-publish","format-standard","has-post-thumbnail","hentry","category-f1","tag-abu-dhabi","tag-abu-dhabi-2025","tag-abu-dhabi-f1","tag-calendario-f1","tag-classificacao-f1","tag-f1","tag-f1-2025","tag-formula-1","tag-formula-1-2025","tag-gp-de-abu-dhabi","tag-gp-de-abu-dhabi-f1","tag-grande-premio","tag-grandepremio","tag-horarios-f1","tag-max-verstappen","tag-onde-assistir-f1","tag-racing-bulls","tag-red-bull","tag-temporada-2025-f1","tag-yas-marina","tag-yas-marina-2025","tag-yas-marina-f1","tag-yuki-tsunoda","42wp_author-luana-marino"],"_links":{"self":[{"href":"https:\/\/grandepremio.com\/br\/wp-json\/wp\/v2\/posts\/14292","targetHints":{"allow":["GET"]}}],"collection":[{"href":"https:\/\/grandepremio.com\/br\/wp-json\/wp\/v2\/posts"}],"about":[{"href":"https:\/\/grandepremio.com\/br\/wp-json\/wp\/v2\/types\/post"}],"replies":[{"embeddable":true,"href":"https:\/\/grandepremio.com\/br\/wp-json\/wp\/v2\/comments?post=14292"}],"version-history":[{"count":0,"href":"https:\/\/grandepremio.com\/br\/wp-json\/wp\/v2\/posts\/14292\/revisions"}],"wp:featuredmedia":[{"embeddable":true,"href":"https:\/\/grandepremio.com\/br\/wp-json\/wp\/v2\/media\/1001037821"}],"wp:attachment":[{"href":"https:\/\/grandepremio.com\/br\/wp-json\/wp\/v2\/media?parent=14292"}],"wp:term":[{"taxonomy":"category","embeddable":true,"href":"https:\/\/grandepremio.com\/br\/wp-json\/wp\/v2\/categories?post=14292"},{"taxonomy":"post_tag","embeddable":true,"href":"https:\/\/grandepremio.com\/br\/wp-json\/wp\/v2\/tags?post=14292"},{"taxonomy":"42wp_author","embeddable":true,"href":"https:\/\/grandepremio.com\/br\/wp-json\/wp\/v2\/42wp_author?post=14292"}],"curies":[{"name":"wp","href":"https:\/\/api.w.org\/{rel}","templated":true}]}}