{"id":14296,"date":"2025-12-04T10:09:29","date_gmt":"2025-12-04T13:09:29","guid":{"rendered":"https:\/\/grandepremio.com\/br\/noticias\/oscar-piastri-relaxado-final-f1-traca-plano-estar-lugar-certo-hora-certa\/"},"modified":"2025-12-04T11:24:12","modified_gmt":"2025-12-04T14:24:12","slug":"oscar-piastri-relaxado-final-f1-traca-plano-estar-lugar-certo-hora-certa","status":"publish","type":"post","link":"https:\/\/grandepremio.com\/br\/f1\/oscar-piastri-relaxado-final-f1-traca-plano-estar-lugar-certo-hora-certa\/","title":{"rendered":"Piastri se diz relaxado para final da F1 e tra\u00e7a plano: &#8220;Estar no lugar certo na hora certa&#8221;"},"content":{"rendered":"\n<p class=\"wp-block-paragraph\">Azar\u00e3o na final da<strong> F\u00f3rmula 1 2025<\/strong>, <strong>Oscar Piastri<\/strong> garantiu que est\u00e1 relaxado para o <strong>GP de Abu Dhabi<\/strong>, que encerra a temporada neste fim de semana. Ele \u00e9 o terceiro colocado na classifica\u00e7\u00e3o e \u00e9 o que mais depende de combina\u00e7\u00f5es de resultados para conquistar o t\u00edtulo, mas afirmou que o foco para a corrida \u00e9 estar &#8220;no lugar certo na hora certa&#8221;.<\/p>\n\n\n\n<p class=\"wp-block-paragraph\">Piastri, na verdade, foi o maior prejudicado no erro da <strong>McLaren <\/strong>no <strong>GP do Catar <\/strong>ao n\u00e3o chamar os pilotos para o primeiro pit-stop obrigat\u00f3rio assim que o safety-car entrou na pista, ainda nas primeiras voltas. A decis\u00e3o fez a vit\u00f3ria cair no colo de <strong>Max Verstappen<\/strong>, enquanto Oscar terminou em segundo.<\/p>\n\n\n\n<p class=\"wp-block-paragraph\"><strong>Lando Norris<\/strong> foi o quarto colocado e manteve a lideran\u00e7a, mas a dist\u00e2ncia para Piastri \u00e9 de 16 pontos, o que significa que, na melhor das hip\u00f3teses, o australiano precisa vencer e o companheiro de equipe tem de ser do sexto para baixo. <\/p>\n\n\n\n<p class=\"wp-block-paragraph\">A performance no Catar, contudo, deixou Piastri confiante para final, ainda que sem expectativas. &#8220;Sim, estou relaxado&#8221;, disse em coletiva de imprensa nesta quinta-feira (4), em Yas Marina, acompanhada pelo <strong>GRANDE PR\u00caMIO<\/strong>. &#8220;J\u00e1 estive do outro lado da disputa pelo t\u00edtulo nas categorias de base e sei como \u00e9, foi bem dif\u00edcil&#8221;, acrescentou.<\/p>\n\n\n\n<figure class=\"wp-block-image size-large\"><img decoding=\"async\" src=\"https:\/\/www.grandepremio.com\/br\/wp-content\/uploads\/2025\/11\/oscar-piastri-lando-norris-mclaren-classificacao-gp-catar-2025-f1-2-1200x800.jpeg\" alt=\"\" class=\"wp-image-1038982\"\/><figcaption class=\"wp-element-caption\">Oscar Piastri e Lando Norris est\u00e3o na briga pelo t\u00edtulo da F1 2025 (Foto: F1)<\/figcaption><\/figure>\n\n\n\n<p class=\"wp-block-paragraph\">&#8220;Ent\u00e3o, chegar aqui como o azar\u00e3o entre os tr\u00eas \u00e9 bem diferente para mim. Mas pensando bem, depois do Catar, estou bastante confiante de que posso ter um bom desempenho e, claro, preciso que algumas coisas aconte\u00e7am neste fim de semana para sair campe\u00e3o, mas vou me certificar de estar no lugar certo, na hora certa, e ver o que acontece&#8221;, encerrou Piastri.<\/p>\n\n\n\n<p class=\"wp-block-paragraph\">A&nbsp;<strong><a href=\"https:\/\/www.grandepremio.com\/br\/f1\/\" target=\"_blank\" rel=\"noreferrer noopener\"><\/a><a href=\"https:\/\/www.grandepremio.com\/br\/f1\/\" target=\"_blank\" rel=\"noreferrer noopener\">F\u00f3rmula 1<\/a><\/strong>&nbsp;retorna neste fim de semana, de 5 a 7 de dezembro, com o&nbsp;<strong>GP de Abu Dhabi<\/strong>, 24\u00aa etapa da temporada 2025. O&nbsp;<strong>GRANDE PR\u00caMIO<\/strong>&nbsp;acompanha todas as atividades<a href=\"https:\/\/www.grandepremio.com\/br\/ao-vivo\/f1\/\">&nbsp;<strong>AO VIVO E EM&nbsp;<\/strong><\/a><strong><a href=\"https:\/\/www.grandepremio.com\/br\/ao-vivo\/\" target=\"_blank\" rel=\"noreferrer noopener\">TEMPO REAL<\/a><\/strong>,&nbsp;<a href=\"https:\/\/www.youtube.com\/@GrandePremio1\/streams\">al\u00e9m de classifica\u00e7\u00e3o e corrida em&nbsp;<strong>SEGUNDA TELA&nbsp;<\/strong>no YouTube<\/a>, em parceria com a&nbsp;<strong>Voz do Esporte<\/strong>. O&nbsp;<strong>Briefing&nbsp;<\/strong>chega para analisar ap\u00f3s o fim de cada dia de atividades nas redes sociais e na&nbsp;<strong>GPTV<\/strong>.<\/p>\n\n\n\n<p class=\"wp-block-paragraph\">Al\u00e9m da cobertura tradicional, o<strong>&nbsp;GRANDE PR\u00caMIO<\/strong>&nbsp;estar\u00e1&nbsp;<strong>IN LOCO<\/strong>&nbsp;em&nbsp;<strong><a href=\"https:\/\/www.grandepremio.com\/br\/circuito\/yas-marina\/\" target=\"_blank\" rel=\"noreferrer noopener\"><\/a><a href=\"https:\/\/www.grandepremio.com\/br\/circuito\/yas-marina\/\" target=\"_blank\" rel=\"noreferrer noopener\"><\/a><a href=\"https:\/\/www.grandepremio.com\/br\/circuito\/yas-marina\/\" target=\"_blank\" rel=\"noreferrer noopener\"><\/a><a href=\"https:\/\/www.grandepremio.com\/br\/circuito\/yas-marina\/\" target=\"_blank\" rel=\"noreferrer noopener\"><\/a><a href=\"https:\/\/www.grandepremio.com\/br\/circuito\/yas-marina\/\" target=\"_blank\" rel=\"noreferrer noopener\"><\/a><a href=\"https:\/\/www.grandepremio.com\/br\/circuito\/yas-marina\/\" target=\"_blank\" rel=\"noreferrer noopener\"><\/a><a href=\"https:\/\/www.grandepremio.com\/br\/circuito\/yas-marina\/\" target=\"_blank\" rel=\"noreferrer noopener\"><\/a><a href=\"https:\/\/www.grandepremio.com\/br\/circuito\/yas-marina\/\" target=\"_blank\" rel=\"noreferrer noopener\">Yas Marina<\/a><\/strong>&nbsp;para acompanhar todas as emo\u00e7\u00f5es da etapa com o rep\u00f3rter&nbsp;<strong>Leonid Kliuev<\/strong>.<\/p>\n\n\n\n<p class=\"wp-block-paragraph\"><strong>GP de Abu Dhabi de F1: veja os hor\u00e1rios em Brasil, Cabo Verde,&nbsp;<a href=\"https:\/\/grandepremio.pt\/\" target=\"_blank\" rel=\"noreferrer noopener\">Portugal<\/a>, Angola e Mo\u00e7ambique:<\/strong><\/p>\n\n\n\n<figure class=\"wp-block-table\"><table class=\"has-fixed-layout\"><tbody><tr><td><strong>Sess\u00e3o<\/strong><\/td><td><strong>BRA*<\/strong><\/td><td><strong>CBV<\/strong><\/td><td><strong>POR<\/strong><br><strong>ANG<\/strong><\/td><td><strong>MOZ<\/strong><\/td><\/tr><tr><td>Treino livre 1<\/td><td>06:30<\/td><td>08:30<\/td><td>10:30<\/td><td>11:30<\/td><\/tr><tr><td>Treino livre 2<\/td><td>10:00<\/td><td>12:00<\/td><td>14:00<\/td><td>15:00<\/td><\/tr><tr><td>Treino livre 3<\/td><td>07:30<\/td><td>09:30<\/td><td>11:30<\/td><td>12:30<\/td><\/tr><tr><td>Classifica\u00e7\u00e3o<\/td><td>11:00<\/td><td>13:00<\/td><td>15:00<\/td><td>16:00<\/td><\/tr><tr><td>Corrida<\/td><td>10:00<\/td><td>12:00<\/td><td>14:30<\/td><td>15:00<\/td><\/tr><\/tbody><\/table><\/figure>\n\n\n\n<p class=\"wp-block-paragraph\"><em>*Hor\u00e1rio de Bras\u00edlia<\/em><\/p>\n\n\n\n<p class=\"wp-block-paragraph\">\u25b6\ufe0f <strong>F1: faltam quantas corridas?\u00a0<a href=\"https:\/\/www.grandepremio.com\/br\/f1\/calendario\/\" target=\"_blank\" rel=\"noreferrer noopener\">Veja o calend\u00e1rio da F1<\/a><\/strong><br><strong>\u25b6\ufe0f<\/strong> <strong>Inscreva-se nos dois canais do GRANDE PR\u00caMIO no YouTube:\u00a0<a href=\"https:\/\/www.youtube.com\/channel\/UC9OlHEgxoaY6QY6nWPoiqQg?sub_confirmation=1\" target=\"_blank\" rel=\"noreferrer noopener\">GP<\/a>\u00a0|\u00a0<a href=\"https:\/\/www.youtube.com\/channel\/UC9csiS6q_C3C0FYhyr1rnFA?sub_confirmation=1\" target=\"_blank\" rel=\"noreferrer noopener\">GP2<\/a><\/strong><\/p>\n","protected":false},"excerpt":{"rendered":"<p>Oscar Piastri disse ainda que a performance no Catar o deixa confiante para a etapa final, em Abu Dhabi, mas dosou as expectativas de t\u00edtulo<\/p>\n","protected":false},"author":0,"featured_media":1001038984,"comment_status":"closed","ping_status":"closed","sticky":false,"template":"","format":"standard","meta":{"42wp_featured_image_caption":"","42wp_featured_image_credits":"","42wp_featured_video":"","42wp_featured_image_hidden":false,"42wp_authors_list":[],"footnotes":""},"categories":[2],"tags":[26271,5273,147,3630,180,3628,25424,37274,1491,28285,30840,90,35129,2916,42001,1901,42513,37255],"42wp_author":[47165,47147],"class_list":["post-14296","post","type-post","status-publish","format-standard","has-post-thumbnail","hentry","category-f1","tag-calendario-f1","tag-classificacao-f1","tag-f1","tag-f1-2025","tag-formula-1","tag-formula-1-2025","tag-gp-de-abu-dhabi","tag-gp-de-abu-dhabi-f1","tag-grande-premio","tag-grandepremio","tag-horarios-f1","tag-mclaren","tag-onde-assistir-f1","tag-oscar-piastri","tag-temporada-2025-f1","tag-yas-marina","tag-yas-marina-2025","tag-yas-marina-f1","42wp_author-leonid-kluiev","42wp_author-luana-marino"],"_links":{"self":[{"href":"https:\/\/grandepremio.com\/br\/wp-json\/wp\/v2\/posts\/14296","targetHints":{"allow":["GET"]}}],"collection":[{"href":"https:\/\/grandepremio.com\/br\/wp-json\/wp\/v2\/posts"}],"about":[{"href":"https:\/\/grandepremio.com\/br\/wp-json\/wp\/v2\/types\/post"}],"replies":[{"embeddable":true,"href":"https:\/\/grandepremio.com\/br\/wp-json\/wp\/v2\/comments?post=14296"}],"version-history":[{"count":0,"href":"https:\/\/grandepremio.com\/br\/wp-json\/wp\/v2\/posts\/14296\/revisions"}],"wp:featuredmedia":[{"embeddable":true,"href":"https:\/\/grandepremio.com\/br\/wp-json\/wp\/v2\/media\/1001038984"}],"wp:attachment":[{"href":"https:\/\/grandepremio.com\/br\/wp-json\/wp\/v2\/media?parent=14296"}],"wp:term":[{"taxonomy":"category","embeddable":true,"href":"https:\/\/grandepremio.com\/br\/wp-json\/wp\/v2\/categories?post=14296"},{"taxonomy":"post_tag","embeddable":true,"href":"https:\/\/grandepremio.com\/br\/wp-json\/wp\/v2\/tags?post=14296"},{"taxonomy":"42wp_author","embeddable":true,"href":"https:\/\/grandepremio.com\/br\/wp-json\/wp\/v2\/42wp_author?post=14296"}],"curies":[{"name":"wp","href":"https:\/\/api.w.org\/{rel}","templated":true}]}}