{"id":14300,"date":"2025-12-04T07:56:49","date_gmt":"2025-12-04T10:56:49","guid":{"rendered":"https:\/\/grandepremio.com\/br\/noticias\/gabriel-bortoleto-revela-torcida-diz-max-verstappen-merece-titulo-f1-2025-errou-muito-menos\/"},"modified":"2025-12-04T11:21:57","modified_gmt":"2025-12-04T14:21:57","slug":"gabriel-bortoleto-revela-torcida-diz-max-verstappen-merece-titulo-f1-2025-errou-muito-menos","status":"publish","type":"post","link":"https:\/\/grandepremio.com\/br\/f1\/gabriel-bortoleto-revela-torcida-diz-max-verstappen-merece-titulo-f1-2025-errou-muito-menos\/","title":{"rendered":"Bortoleto revela torcida e diz que Verstappen merece t\u00edtulo da F1 2025: &#8220;Errou muito menos&#8221;"},"content":{"rendered":"\n<p class=\"wp-block-paragraph\">Talvez n\u00e3o seja uma grande surpresa, mas <strong>Gabriel Bortoleto <\/strong>confirmou nesta quinta-feira (4) que est\u00e1 na torcida pelo t\u00edtulo de<strong> Max Verstappen <\/strong>na final da<strong> F\u00f3rmula 1 2025<\/strong> no<strong> GP de Abu Dhabi<\/strong>. Muito pr\u00f3ximo do neerland\u00eas, o piloto da <strong>Sauber <\/strong>admitiu que \u00e9 imposs\u00edvel prever o que vai acontecer, sobretudo ap\u00f3s o resultado no <strong>GP do Catar<\/strong>, mas considera que o tetracampe\u00e3o &#8220;merece o t\u00edtulo&#8221;.<\/p>\n\n\n\n<p class=\"wp-block-paragraph\">Bortoleto, de fato, tem raz\u00e3o ao apontar a imprevisibilidade na disputa. No Catar, Verstappen conseguiu uma vit\u00f3ria improv\u00e1vel por conta de um erro bisonho da <strong>McLaren<\/strong> ao n\u00e3o chamar <strong>Lando Norris<\/strong> e <strong>Oscar Piastri <\/strong>para trocar pneus no momento em que o safety-car entrou na pista.<\/p>\n\n\n\n<p class=\"wp-block-paragraph\">O resultado da etapa em <strong>Lusail<\/strong> poderia ter eliminado Max da disputa, mas n\u00e3o apenas o manteve com chances como deixou a dist\u00e2ncia para Norris, o l\u00edder, em 12 pontos. Piastri \u00e9 o terceiro, 16 tentos atr\u00e1s do companheiro de equipe.<\/p>\n\n\n\n<p class=\"wp-block-paragraph\">&#8220;Olha, acho que o que aconteceu no \u00faltimo fim de semana, ningu\u00e9m realmente esperava que pudesse acontecer&#8221;, come\u00e7ou Bortoleto em coletiva de imprensa acompanhada pelo <strong>GRANDE PR\u00caMIO<\/strong> em <strong>Yas Marina<\/strong>. &#8220;Ent\u00e3o \u00e9 imposs\u00edvel prever. Na minha opini\u00e3o, est\u00e1 bem apertado&#8221;, acrescentou.<\/p>\n\n\n\n<figure class=\"wp-block-image size-large\"><img decoding=\"async\" src=\"https:\/\/www.grandepremio.com\/br\/wp-content\/uploads\/2025\/11\/catar-2025-f1-quinta-feira-sauber-gabriel-bortoleto-01-1200x800.jpg\" alt=\"\" class=\"wp-image-1037763\"\/><figcaption class=\"wp-element-caption\">Gabriel Bortoleto elevou as expectativas para o GP de Abu Dhabi (Foto: Sauber)<\/figcaption><\/figure>\n\n\n\n<p class=\"wp-block-paragraph\">&#8220;Claro que ainda h\u00e1 uma diferen\u00e7a de 12 pontos e sabemos que n\u00e3o h\u00e1 tanta competi\u00e7\u00e3o entre a <strong>Red Bull <\/strong>e a <strong>McLaren<\/strong>. Sabe, quando Max est\u00e1 vencendo e a McLaren est\u00e1 logo atr\u00e1s\u2026 Ent\u00e3o n\u00e3o vai ser f\u00e1cil. H\u00e1 essa diferen\u00e7a, e se Max vencer, Lando tem de terminar em quarto. Definitivamente n\u00e3o vai ser f\u00e1cil&#8221;, completou.<\/p>\n\n\n\n<p class=\"wp-block-paragraph\">O <strong>GRANDE PR\u00caMIO<\/strong>, ent\u00e3o, quis saber se a torcida de Bortoleto era para que Verstappen virasse o jogo e chegasse ao penta. E ele n\u00e3o titubeou.<\/p>\n\n\n\n<p class=\"wp-block-paragraph\">&#8220;Sim, acho que ele provou que \u00e9 o melhor piloto do mundo. Nesta temporada, pelo menos, Max cometeu muito menos erros do que qualquer outro. Acho que ele provou que \u00e9 o melhor piloto do mundo este ano. Portanto, na minha opini\u00e3o, ele merece o t\u00edtulo&#8221;, encerrou Bortoleto.<\/p>\n\n\n\n<p class=\"wp-block-paragraph\">A&nbsp;<strong><a href=\"https:\/\/www.grandepremio.com\/br\/f1\/\" target=\"_blank\" rel=\"noreferrer noopener\"><\/a><a href=\"https:\/\/www.grandepremio.com\/br\/f1\/\" target=\"_blank\" rel=\"noreferrer noopener\">F\u00f3rmula 1<\/a><\/strong>&nbsp;retorna neste fim de semana, de 5 a 7 de dezembro, com o&nbsp;<strong>GP de Abu Dhabi<\/strong>, 24\u00aa etapa da temporada 2025. O&nbsp;<strong>GRANDE PR\u00caMIO<\/strong>&nbsp;acompanha todas as atividades<a href=\"https:\/\/www.grandepremio.com\/br\/ao-vivo\/f1\/\">&nbsp;<strong>AO VIVO E EM&nbsp;<\/strong><\/a><strong><a href=\"https:\/\/www.grandepremio.com\/br\/ao-vivo\/\" target=\"_blank\" rel=\"noreferrer noopener\">TEMPO REAL<\/a><\/strong>,&nbsp;<a href=\"https:\/\/www.youtube.com\/@GrandePremio1\/streams\">al\u00e9m de classifica\u00e7\u00e3o e corrida em&nbsp;<strong>SEGUNDA TELA&nbsp;<\/strong>no YouTube<\/a>, em parceria com a&nbsp;<strong>Voz do Esporte<\/strong>. O&nbsp;<strong>Briefing&nbsp;<\/strong>chega para analisar ap\u00f3s o fim de cada dia de atividades nas redes sociais e na&nbsp;<strong>GPTV<\/strong>.<\/p>\n\n\n\n<p class=\"wp-block-paragraph\">Al\u00e9m da cobertura tradicional, o<strong>&nbsp;GRANDE PR\u00caMIO<\/strong>&nbsp;estar\u00e1&nbsp;<strong>IN LOCO<\/strong>&nbsp;em&nbsp;<strong><a href=\"https:\/\/www.grandepremio.com\/br\/circuito\/yas-marina\/\" target=\"_blank\" rel=\"noreferrer noopener\"><\/a><a href=\"https:\/\/www.grandepremio.com\/br\/circuito\/yas-marina\/\" target=\"_blank\" rel=\"noreferrer noopener\"><\/a><a href=\"https:\/\/www.grandepremio.com\/br\/circuito\/yas-marina\/\" target=\"_blank\" rel=\"noreferrer noopener\"><\/a><a href=\"https:\/\/www.grandepremio.com\/br\/circuito\/yas-marina\/\" target=\"_blank\" rel=\"noreferrer noopener\"><\/a><a href=\"https:\/\/www.grandepremio.com\/br\/circuito\/yas-marina\/\" target=\"_blank\" rel=\"noreferrer noopener\"><\/a><a href=\"https:\/\/www.grandepremio.com\/br\/circuito\/yas-marina\/\" target=\"_blank\" rel=\"noreferrer noopener\"><\/a><a href=\"https:\/\/www.grandepremio.com\/br\/circuito\/yas-marina\/\" target=\"_blank\" rel=\"noreferrer noopener\"><\/a><a href=\"https:\/\/www.grandepremio.com\/br\/circuito\/yas-marina\/\" target=\"_blank\" rel=\"noreferrer noopener\">Yas Marina<\/a><\/strong>&nbsp;para acompanhar todas as emo\u00e7\u00f5es da etapa com o rep\u00f3rter&nbsp;<strong>Leonid Kliuev<\/strong>.<\/p>\n\n\n\n<p class=\"wp-block-paragraph\"><strong>GP de Abu Dhabi de F1: veja os hor\u00e1rios em Brasil, Cabo Verde,&nbsp;<a href=\"https:\/\/grandepremio.pt\/\" target=\"_blank\" rel=\"noreferrer noopener\">Portugal<\/a>, Angola e Mo\u00e7ambique:<\/strong><\/p>\n\n\n\n<figure class=\"wp-block-table\"><table class=\"has-fixed-layout\"><tbody><tr><td><strong>Sess\u00e3o<\/strong><\/td><td><strong>BRA*<\/strong><\/td><td><strong>CBV<\/strong><\/td><td><strong>POR<\/strong><br><strong>ANG<\/strong><\/td><td><strong>MOZ<\/strong><\/td><\/tr><tr><td>Treino livre 1<\/td><td>06:30<\/td><td>08:30<\/td><td>10:30<\/td><td>11:30<\/td><\/tr><tr><td>Treino livre 2<\/td><td>10:00<\/td><td>12:00<\/td><td>14:00<\/td><td>15:00<\/td><\/tr><tr><td>Treino livre 3<\/td><td>07:30<\/td><td>09:30<\/td><td>11:30<\/td><td>12:30<\/td><\/tr><tr><td>Classifica\u00e7\u00e3o<\/td><td>11:00<\/td><td>13:00<\/td><td>15:00<\/td><td>16:00<\/td><\/tr><tr><td>Corrida<\/td><td>10:00<\/td><td>12:00<\/td><td>14:30<\/td><td>15:00<\/td><\/tr><\/tbody><\/table><\/figure>\n\n\n\n<p class=\"wp-block-paragraph\"><em>*Hor\u00e1rio de Bras\u00edlia<\/em><\/p>\n\n\n\n<p class=\"wp-block-paragraph\"><strong>\u25b6\ufe0f<\/strong> <strong>F1: faltam quantas corridas?\u00a0<a href=\"https:\/\/www.grandepremio.com\/br\/f1\/calendario\/\" target=\"_blank\" rel=\"noreferrer noopener\">Veja o calend\u00e1rio da F1<\/a><\/strong><br>\u25b6\ufe0f <strong>Inscreva-se nos dois canais do GRANDE PR\u00caMIO no YouTube:\u00a0<a href=\"https:\/\/www.youtube.com\/channel\/UC9OlHEgxoaY6QY6nWPoiqQg?sub_confirmation=1\" target=\"_blank\" rel=\"noreferrer noopener\">GP<\/a>\u00a0|\u00a0<a href=\"https:\/\/www.youtube.com\/channel\/UC9csiS6q_C3C0FYhyr1rnFA?sub_confirmation=1\" target=\"_blank\" rel=\"noreferrer noopener\">GP2<\/a><\/strong><\/p>\n","protected":false},"excerpt":{"rendered":"<p>Muito pr\u00f3ximo de Max Verstappen, Gabriel Bortoleto afirmou que ningu\u00e9m esperava o resultado que o GP do Catar teve, portanto, ainda que seja dif\u00edcil, torce para o neerland\u00eas virar o jogo<\/p>\n","protected":false},"author":0,"featured_media":1001035471,"comment_status":"closed","ping_status":"closed","sticky":false,"template":"","format":"standard","meta":{"42wp_featured_image_caption":"","42wp_featured_image_credits":"","42wp_featured_video":"","42wp_featured_image_hidden":false,"42wp_authors_list":[],"footnotes":""},"categories":[2],"tags":[26271,5273,147,3630,180,3628,350,25424,37274,1491,28285,30840,203,35129,42001,1901,42513,37255],"42wp_author":[47165,47147],"class_list":["post-14300","post","type-post","status-publish","format-standard","has-post-thumbnail","hentry","category-f1","tag-calendario-f1","tag-classificacao-f1","tag-f1","tag-f1-2025","tag-formula-1","tag-formula-1-2025","tag-gabriel-bortoleto","tag-gp-de-abu-dhabi","tag-gp-de-abu-dhabi-f1","tag-grande-premio","tag-grandepremio","tag-horarios-f1","tag-max-verstappen","tag-onde-assistir-f1","tag-temporada-2025-f1","tag-yas-marina","tag-yas-marina-2025","tag-yas-marina-f1","42wp_author-leonid-kluiev","42wp_author-luana-marino"],"_links":{"self":[{"href":"https:\/\/grandepremio.com\/br\/wp-json\/wp\/v2\/posts\/14300","targetHints":{"allow":["GET"]}}],"collection":[{"href":"https:\/\/grandepremio.com\/br\/wp-json\/wp\/v2\/posts"}],"about":[{"href":"https:\/\/grandepremio.com\/br\/wp-json\/wp\/v2\/types\/post"}],"replies":[{"embeddable":true,"href":"https:\/\/grandepremio.com\/br\/wp-json\/wp\/v2\/comments?post=14300"}],"version-history":[{"count":0,"href":"https:\/\/grandepremio.com\/br\/wp-json\/wp\/v2\/posts\/14300\/revisions"}],"wp:featuredmedia":[{"embeddable":true,"href":"https:\/\/grandepremio.com\/br\/wp-json\/wp\/v2\/media\/1001035471"}],"wp:attachment":[{"href":"https:\/\/grandepremio.com\/br\/wp-json\/wp\/v2\/media?parent=14300"}],"wp:term":[{"taxonomy":"category","embeddable":true,"href":"https:\/\/grandepremio.com\/br\/wp-json\/wp\/v2\/categories?post=14300"},{"taxonomy":"post_tag","embeddable":true,"href":"https:\/\/grandepremio.com\/br\/wp-json\/wp\/v2\/tags?post=14300"},{"taxonomy":"42wp_author","embeddable":true,"href":"https:\/\/grandepremio.com\/br\/wp-json\/wp\/v2\/42wp_author?post=14300"}],"curies":[{"name":"wp","href":"https:\/\/api.w.org\/{rel}","templated":true}]}}