{"id":143065,"date":"2026-06-23T10:00:01","date_gmt":"2026-06-23T13:00:01","guid":{"rendered":"https:\/\/grandepremio.com\/br\/?p=143065"},"modified":"2026-06-23T10:00:03","modified_gmt":"2026-06-23T13:00:03","slug":"onde-assistir-ao-gp-dos-paises-baixos-de-motogp-2026","status":"publish","type":"post","link":"https:\/\/grandepremio.com\/br\/motogp\/onde-assistir-ao-gp-dos-paises-baixos-de-motogp-2026\/","title":{"rendered":"Onde assistir ao GP dos Pa\u00edses Baixos de MotoGP 2026"},"content":{"rendered":"\n<p class=\"wp-block-paragraph\">A <strong>MotoGP <\/strong>volta \u00e0 ativa neste fim de semana, com o <strong>GP dos Pa\u00edses Baixos<\/strong>, d\u00e9cima etapa da temporada 2026. Al\u00e9m da classe rainha e de <strong>Moto2<\/strong> e <strong>Moto3<\/strong>, neste fim de semana a <strong>Copa do Mundo de Harley-Davidson Baggers <\/strong>volta a acelerar durante o fim de semana. A categoria conta com a participa\u00e7\u00e3o do piloto brasileiro <strong>Eric Granado<\/strong>.<\/p>\n\n\n\n<p class=\"wp-block-paragraph\">No Brasil, a transmiss\u00e3o do GP dos Pa\u00edses Baixos \u00e9 feita pela <strong>ESPN 4 <\/strong>e pelo servi\u00e7o de streaming <strong>Disney +<\/strong>. A narra\u00e7\u00e3o fica por conta de <strong>Hamilton Rodrigues<\/strong>, com coment\u00e1rios de <strong>Fausto Macieira <\/strong>e <strong>Juliana Tesser<\/strong>. Em <strong>Portugal<\/strong>, a exibi\u00e7\u00e3o \u00e9 da <strong>Sport TV4<\/strong>.<\/p>\n\n\n\n<figure class=\"wp-block-embed is-type-video is-provider-youtube wp-block-embed-youtube wp-embed-aspect-16-9 wp-has-aspect-ratio\"><div class=\"wp-block-embed__wrapper\">\n<iframe loading=\"lazy\" title=\"APRILIA BUSCA REA\u00c7\u00c3O, MAS MOTOGP SE PERGUNTA: AINDA D\u00c1 PARA MARC M\u00c1RQUEZ? | Motoca GP\" width=\"500\" height=\"281\" src=\"https:\/\/www.youtube.com\/embed\/V6dKFRNUtH0?feature=oembed\" frameborder=\"0\" allow=\"accelerometer; autoplay; clipboard-write; encrypted-media; gyroscope; picture-in-picture; web-share\" referrerpolicy=\"strict-origin-when-cross-origin\" allowfullscreen><\/iframe>\n<\/div><\/figure>\n\n\n\n<p class=\"wp-block-paragraph\">O espectador tamb\u00e9m tem a op\u00e7\u00e3o de assistir todas as atividades do fim de semana por meio do <strong>VideoPass<\/strong>, o streaming oficial da MotoGP. O servi\u00e7o pago conta com quatro possibilidades de assinatura: o pacote anual com v\u00eddeo e cronometragem custa \u20ac 114,99 (cerca de R$ 671); enquanto a vers\u00e3o apenas de v\u00eddeo tem o valor de \u20ac 105,99 (aproximadamente R$ 618); a assinatura mensal do combo v\u00eddeo e cronometragem custa \u20ac 32,99 (em torno de R$ 192,50); com a assinatura sem os tempos baixando para \u20ac 29,99 (por volta de R$ 175).<\/p>\n\n\n\n<p class=\"wp-block-paragraph\">O <strong>GRANDE PR\u00caMIO <\/strong>faz a cobertura completa do evento, assim como das demais classes do Mundial de Motovelocidade.<\/p>\n\n\n\n<figure class=\"wp-block-image size-large\"><img loading=\"lazy\" decoding=\"async\" width=\"1024\" height=\"768\" src=\"https:\/\/grandepremio.com\/br\/wp-content\/uploads\/2026\/06\/ASSEN-1024x768.jpg\" alt=\"\" class=\"wp-image-1020307265\" srcset=\"https:\/\/grandepremio.com\/wp-content\/uploads\/2026\/06\/ASSEN-1024x768.jpg 1024w, https:\/\/grandepremio.com\/wp-content\/uploads\/2026\/06\/ASSEN-300x225.jpg 300w, https:\/\/grandepremio.com\/wp-content\/uploads\/2026\/06\/ASSEN-768x576.jpg 768w, https:\/\/grandepremio.com\/wp-content\/uploads\/2026\/06\/ASSEN-1536x1152.jpg 1536w, https:\/\/grandepremio.com\/wp-content\/uploads\/2026\/06\/ASSEN-1200x900.jpg 1200w, https:\/\/grandepremio.com\/wp-content\/uploads\/2026\/06\/ASSEN-150x113.jpg 150w, https:\/\/grandepremio.com\/wp-content\/uploads\/2026\/06\/ASSEN.jpg 2048w\" sizes=\"(max-width: 1024px) 100vw, 1024px\" \/><figcaption class=\"wp-element-caption\">Assen volta a receber a MotoGP neste fim de semana (Foto: Divulga\u00e7\u00e3o\/Circuito de Assen)<\/figcaption><\/figure>\n\n\n\n<p class=\"wp-block-paragraph\">\u25b6\ufe0f <strong>Inscreva-se nos dois canais do GRANDE PR\u00caMIO no YouTube:&nbsp;<a href=\"https:\/\/www.youtube.com\/channel\/UC9OlHEgxoaY6QY6nWPoiqQg?sub_confirmation=1\">GP<\/a>&nbsp;|&nbsp;<a href=\"https:\/\/www.youtube.com\/channel\/UC9csiS6q_C3C0FYhyr1rnFA?sub_confirmation=1\">GPTV<\/a><\/strong><\/p>\n\n\n\n<h3 id=\"h-motogp-2026-gp-da-italia-mugello-horarios\" class=\"wp-block-heading\">MotoGP 2026, GP dos Pa\u00edses Baixos, Assen, Hor\u00e1rios:<\/h3>\n\n\n\n<figure class=\"wp-block-table\"><table class=\"has-fixed-layout\"><tbody><tr><td><strong>DIA<\/strong><\/td><td><strong>CATEGORIA<\/strong><\/td><td><strong>SESS\u00c3O<\/strong><\/td><td><strong>HORA DO BRASIL<\/strong><\/td><td><strong>ESPN 4<\/strong><\/td><td><strong>DIA<\/strong><\/td><td><strong>HORA DE PORTUGAL<\/strong><\/td><td><strong>SPORT TV 4<\/strong><\/td><\/tr><tr><td><strong>Sexta<\/strong><\/td><td>Moto3<\/td><td>Treino livre 1<\/td><td>4h &#8211; 4h35<\/td><td>&nbsp;<\/td><td><strong>Sexta<\/strong><\/td><td>8h &#8211; 8h35<\/td><td>\u2705<\/td><\/tr><tr><td><strong>Sexta<\/strong><\/td><td>Moto2<\/td><td>Treino livre 1<\/td><td>4h50 &#8211; 5h30<\/td><td>&nbsp;<\/td><td><strong>Sexta<\/strong><\/td><td>8h50 &#8211; 9h30<\/td><td>\u2705<\/td><\/tr><tr><td><strong>Sexta<\/strong><\/td><td>MotoGP<\/td><td>Treino livre 1<\/td><td>5h45 &#8211; 6h30<\/td><td>&nbsp;<\/td><td><strong>Sexta<\/strong><\/td><td>9h45 &#8211; 10h30<\/td><td>\u2705<\/td><\/tr><tr><td><strong>Sexta<\/strong><\/td><td>Baggers<\/td><td>Treino 1<\/td><td>7h40 &#8211; 8h<\/td><td>&nbsp;<\/td><td><strong>Sexta<\/strong><\/td><td>11h40 &#8211; 12h<\/td><td>&nbsp;<\/td><\/tr><tr><td><strong>Sexta<\/strong><\/td><td>Moto3<\/td><td>Treino<\/td><td>8h15 &#8211; 8h50<\/td><td>\u2705<\/td><td><strong>Sexta<\/strong><\/td><td>12h15 &#8211; 12h50<\/td><td>\u2705<\/td><\/tr><tr><td><strong>Sexta<\/strong><\/td><td>Moto2<\/td><td>Treino<\/td><td>9h05 &#8211; 9h45<\/td><td>\u2705<\/td><td><strong>Sexta<\/strong><\/td><td>13h05 &#8211; 13h45<\/td><td>\u2705<\/td><\/tr><tr><td><strong>Sexta<\/strong><\/td><td>MotoGP<\/td><td>Treino<\/td><td>10h &#8211; 11h<\/td><td>\u2705<\/td><td><strong>Sexta<\/strong><\/td><td>14h &#8211; 15h<\/td><td>\u2705<\/td><\/tr><tr><td><strong>Sexta<\/strong><\/td><td>Baggers<\/td><td>Treino livre 2<\/td><td>12h10 &#8211; 12h30<\/td><td><\/td><td><strong>Sexta<\/strong><\/td><td>16h10 &#8211; 16h30<\/td><td><\/td><\/tr><tr><td><strong>Sexta<\/strong><\/td><td>Baggers<\/td><td>Classifica\u00e7\u00e3o<\/td><td>12h05 &#8211; 12h25<\/td><td>&nbsp;<\/td><td><strong>Sexta<\/strong><\/td><td>16h05 &#8211; 16h25<\/td><td>&nbsp;<\/td><\/tr><tr><td><strong>S\u00e1bado<\/strong><\/td><td>Moto3<\/td><td>Treino livre 2<\/td><td>3h40 &#8211; 4h10<\/td><td>&nbsp;<\/td><td><strong>S\u00e1bado<\/strong><\/td><td>7h40 &#8211; 8h10<\/td><td>\u2705<\/td><\/tr><tr><td><strong>S\u00e1bado<\/strong><\/td><td>Moto2<\/td><td>Treino livre 2<\/td><td>4h25 &#8211; 4h55<\/td><td>&nbsp;<\/td><td><strong>S\u00e1bado<\/strong><\/td><td>8h25 &#8211; 8h55<\/td><td>\u2705<\/td><\/tr><tr><td><strong>S\u00e1bado<\/strong><\/td><td>MotoGP<\/td><td>Treino livre 2<\/td><td>5h10 &#8211; 5h40<\/td><td>\u2705<\/td><td><strong>S\u00e1bado<\/strong><\/td><td>9h10 &#8211; 9h40<\/td><td>\u2705<\/td><\/tr><tr><td><strong>S\u00e1bado<\/strong><\/td><td>MotoGP<\/td><td>Q1<\/td><td>5h50 &#8211; 6h05<\/td><td>\u2705<\/td><td><strong>S\u00e1bado<\/strong><\/td><td>9h50 &#8211; 9h05<\/td><td>\u2705<\/td><\/tr><tr><td><strong>S\u00e1bado<\/strong><\/td><td>MotoGP<\/td><td>Q2<\/td><td>6h15 &#8211; 6h30<\/td><td>\u2705<\/td><td><strong>S\u00e1bado<\/strong><\/td><td>10h15 &#8211; 10h30<\/td><td>\u2705<\/td><\/tr><tr><td><strong>S\u00e1bado<\/strong><\/td><td>Baggers<\/td><td>Corrida 1<\/td><td>7h05<\/td><td>\u2705<\/td><td><strong>S\u00e1bado<\/strong><\/td><td>11h25<\/td><td>\u2705<\/td><\/tr><tr><td><strong>S\u00e1bado<\/strong><\/td><td>Moto3<\/td><td>Q1<\/td><td>7h45 &#8211; 8h<\/td><td>\u2705<\/td><td><strong>S\u00e1bado<\/strong><\/td><td>11h45 &#8211; 12h<\/td><td>\u2705<\/td><\/tr><tr><td><strong>S\u00e1bado<\/strong><\/td><td>Moto3<\/td><td>Q2<\/td><td>8h10 &#8211; 8h25<\/td><td>\u2705<\/td><td><strong>S\u00e1bado<\/strong><\/td><td>12h10 &#8211; 12h25<\/td><td>\u2705<\/td><\/tr><tr><td><strong>S\u00e1bado<\/strong><\/td><td>Moto2<\/td><td>Q1<\/td><td>8h40- 8h55<\/td><td>\u2705<\/td><td><strong>S\u00e1bado<\/strong><\/td><td>12h40 &#8211; 12h55<\/td><td>\u2705<\/td><\/tr><tr><td><strong>S\u00e1bado<\/strong><\/td><td>Moto2<\/td><td>Q2<\/td><td>9h05 &#8211; 9h20<\/td><td>\u2705<\/td><td><strong>S\u00e1bado<\/strong><\/td><td>13h05 &#8211; 13h20<\/td><td>\u2705<\/td><\/tr><tr><td><strong>S\u00e1bado<\/strong><\/td><td>MotoGP<\/td><td>Sprint &#8211; 13 voltas<\/td><td>10h<\/td><td>\u2705<\/td><td><strong>S\u00e1bado<\/strong><\/td><td>14h<\/td><td>\u2705<\/td><\/tr><tr><td><strong>S\u00e1bado<\/strong><\/td><td>Baggers<\/td><td>Corrida 1 &#8211; 9 voltas<\/td><td>11h10<\/td><td>\u2705<\/td><td><strong>S\u00e1bado<\/strong><\/td><td>15h10<\/td><td>\u2705<\/td><\/tr><tr><td><strong>Domingo<\/strong><\/td><td>MotoGP<\/td><td>Warm-Up<\/td><td>4h40 &#8211; 4h50<\/td><td>&nbsp;<\/td><td><strong>Domingo<\/strong><\/td><td>8h40 &#8211; 8h50<\/td><td>\u2705<\/td><\/tr><tr><td><strong>Domingo<\/strong><\/td><td>Moto3<\/td><td>GP &#8211; 20 voltas<\/td><td>6h<\/td><td>\u2705<\/td><td><strong>Domingo<\/strong><\/td><td>10h<\/td><td>\u2705<\/td><\/tr><tr><td><strong>Domingo<\/strong><\/td><td>Moto2<\/td><td>GP &#8211; 22 voltas<\/td><td>7h15<\/td><td>\u2705<\/td><td><strong>Domingo<\/strong><\/td><td>11h15<\/td><td>\u2705<\/td><\/tr><tr><td><strong>Domingo<\/strong><\/td><td>MotoGP<\/td><td>GP &#8211; 26 voltas<\/td><td>9h<\/td><td>\u2705<\/td><td><strong>Domingo<\/strong><\/td><td>13h<\/td><td>\u2705<\/td><\/tr><tr><td><strong>Domingo<\/strong><\/td><td>Baggers<\/td><td>Corrida 2 &#8211; 9 voltas<\/td><td>10h30<\/td><td>\u2705<\/td><td><strong>Domingo<\/strong><\/td><td>14h30<\/td><td>\u2705<\/td><\/tr><\/tbody><\/table><\/figure>\n\n\n\n<h3 class=\"wp-block-heading\"><strong>MotoGP hoje: saiba aqui as not\u00edcias mais importantes da MotoGP<\/strong><\/h3>\n\n\n\n<p class=\"wp-block-paragraph\">A reda\u00e7\u00e3o do&nbsp;<strong>GRANDE PR\u00caMIO&nbsp;<\/strong>selecionou as not\u00edcias mais importantes das \u00faltimas horas para voc\u00ea ficar por dentro de tudo que acontece na MotoGP.<\/p>\n\n\n\n<p class=\"wp-block-paragraph\">\u25b6\ufe0f<strong><a href=\"https:\/\/grandepremio.com\/br\/motogp\/5-coisas-que-aprendemos-no-gp-da-tchequia-9a-etapa-motogp-2026\/\">5 coisas que aprendemos no GP da Tch\u00e9quia, 9\u00aa etapa da MotoGP 2026<\/a><\/strong><br>\u25b6\ufe0f<strong><a href=\"https:\/\/grandepremio.com\/br\/motogp\/marc-marquez-cumpre-expectativas-renova-ducati-ate-fim-2028-motogp\/\">Marc M\u00e1rquez cumpre expectativas e renova com Ducati at\u00e9 fim de 2028 na MotoGP<\/a><\/strong><br>\u25b6\ufe0f<strong><a href=\"https:\/\/grandepremio.com\/br\/motogp\/ducati-confirma-permanencia-marc-marquez-confira-grid-2027-motogp\/\">Ducati confirma perman\u00eancia de Marc M\u00e1rquez: confira grid de 2027 da MotoGP<\/a><\/strong><br>\u25b6\ufe0f<strong><a href=\"https:\/\/grandepremio.com\/br\/motogp\/marc-marquez-ve-decisao-certa-renovar-ducati-respeitaram-tempo\/\">Marc M\u00e1rquez v\u00ea \u201cdecis\u00e3o certa\u201d ao renovar com Ducati: \u201cRespeitaram meu tempo\u201d<\/a><\/strong><br>\u25b6\ufe0f<strong><a href=\"https:\/\/grandepremio.com\/br\/motogp\/diretor-ducati-classifica-renovacao-marc-marquez-escolha-mais-natural\/\">Diretor da Ducati classifica renova\u00e7\u00e3o com Marc M\u00e1rquez como \u201cescolha mais natural\u201d<\/a><\/strong>&nbsp;<br>\u25b6\ufe0f<strong><a href=\"https:\/\/grandepremio.com\/br\/motogp\/ele-nos-escolheu-gigi-dalligna-poe-confianca-ponto-partida-marc-marquez\/\">\u201cEle nos escolheu\u201d: Dall\u2019Igna p\u00f5e confian\u00e7a como \u201cponto de partida\u201d com Marc M\u00e1rquez<\/a><\/strong><br><span style=\"font-size: 1.125rem\">\u25b6\ufe0f<\/span><strong style=\"font-size: 1.125rem\"><a href=\"https:\/\/grandepremio.com\/br\/motogp\/motogp-limita-numero-motos-construtor-a-partir-temporada-2028\/\">MotoGP limita n\u00famero de motos por construtor a partir da temporada 2028<\/a><\/strong><br>\u25b6\ufe0f<strong><a href=\"https:\/\/grandepremio.com\/br\/motogp\/motogp-muda-layout-grid-espacar-pilotos-a-partir-alemanha\/\">MotoGP muda layout do grid para espa\u00e7ar pilotos a partir da Alemanha<\/a><\/strong><br>\u25b6\ufe0f<strong><a href=\"https:\/\/grandepremio.com\/br\/motogp\/motogp-veta-dispositivo-rebaixa-dianteira-moto-a-partir-assen\/\">MotoGP veta dispositivo que rebaixa dianteira da moto a partir de Assen<\/a><\/strong><\/p>\n","protected":false},"excerpt":{"rendered":"<p>Fim de semana de Mundial de Motovelocidade em Assen \u00e9 de agenda cheia, com disputas de Moto3, Moto2, MotoGP e Copa do Mundo de Harley-Davidson Baggers<\/p>\n","protected":false},"author":18,"featured_media":1020307269,"comment_status":"closed","ping_status":"closed","sticky":false,"template":"","format":"standard","meta":{"42wp_featured_image_caption":"MOTOGP 2025, GP DOS PA\u00cdSES BAIXOS, ASSEN","42wp_featured_image_credits":"","42wp_featured_video":"","42wp_featured_image_hidden":false,"42wp_authors_list":[],"footnotes":""},"categories":[8],"tags":[4658,3463,151,39473,26718,131,6513,110,28833,2327,29126,28285,3504,130,1975,187,144,25552,132,137,1661,25007,2287,813,79,78,27236,45225,45222,554,45223,45224,25819,29345,32257,28766,307,45226,36038,25667,27587,26690,136,25818,43603,2984,41398,45227,172],"42wp_author":[],"class_list":["post-143065","post","type-post","status-publish","format-standard","has-post-thumbnail","hentry","category-motogp","tag-ai-ogura","tag-assen","tag-brad-binder","tag-corrida-motogp","tag-diogo-moreira","tag-ducati","tag-espn","tag-fabio-quartararo","tag-fermin-aldeguer","tag-francesco-bagnaia","tag-gp-dos-paises-baixos","tag-grandepremio","tag-gresini","tag-honda","tag-jack-miller","tag-joan-mir","tag-johann-zarco","tag-jorge-martin-2","tag-ktm","tag-lcr","tag-luca-marini","tag-marc-marquez-3","tag-marco-bezzecchi","tag-moto","tag-moto-gp","tag-motogp","tag-motogp-2026","tag-motogp-2026-calendario","tag-motogp-26","tag-motogp-ao-vivo","tag-motogp-calendario-2026","tag-motogp-classificacao-2026","tag-motogp-hoje","tag-motogp-horario","tag-motogp-sprint","tag-motogp-standings","tag-motor","tag-onde-assistir-motogp-2026","tag-paises-baixos","tag-pecco-bagnaia","tag-pedro-acosta","tag-pilotos-motogp","tag-pramac","tag-raul-fernandez","tag-resultado-motogp","tag-sprint","tag-temporada-motogp","tag-toprak-razgatliolgu","tag-yamaha"],"_links":{"self":[{"href":"https:\/\/grandepremio.com\/br\/wp-json\/wp\/v2\/posts\/143065","targetHints":{"allow":["GET"]}}],"collection":[{"href":"https:\/\/grandepremio.com\/br\/wp-json\/wp\/v2\/posts"}],"about":[{"href":"https:\/\/grandepremio.com\/br\/wp-json\/wp\/v2\/types\/post"}],"author":[{"embeddable":true,"href":"https:\/\/grandepremio.com\/br\/wp-json\/wp\/v2\/users\/18"}],"replies":[{"embeddable":true,"href":"https:\/\/grandepremio.com\/br\/wp-json\/wp\/v2\/comments?post=143065"}],"version-history":[{"count":1,"href":"https:\/\/grandepremio.com\/br\/wp-json\/wp\/v2\/posts\/143065\/revisions"}],"predecessor-version":[{"id":143081,"href":"https:\/\/grandepremio.com\/br\/wp-json\/wp\/v2\/posts\/143065\/revisions\/143081"}],"wp:featuredmedia":[{"embeddable":true,"href":"https:\/\/grandepremio.com\/br\/wp-json\/wp\/v2\/media\/1020307269"}],"wp:attachment":[{"href":"https:\/\/grandepremio.com\/br\/wp-json\/wp\/v2\/media?parent=143065"}],"wp:term":[{"taxonomy":"category","embeddable":true,"href":"https:\/\/grandepremio.com\/br\/wp-json\/wp\/v2\/categories?post=143065"},{"taxonomy":"post_tag","embeddable":true,"href":"https:\/\/grandepremio.com\/br\/wp-json\/wp\/v2\/tags?post=143065"},{"taxonomy":"42wp_author","embeddable":true,"href":"https:\/\/grandepremio.com\/br\/wp-json\/wp\/v2\/42wp_author?post=143065"}],"curies":[{"name":"wp","href":"https:\/\/api.w.org\/{rel}","templated":true}]}}