{"id":143288,"date":"2026-06-23T16:57:57","date_gmt":"2026-06-23T19:57:57","guid":{"rendered":"https:\/\/grandepremio.com\/br\/?p=143288"},"modified":"2026-06-23T17:03:18","modified_gmt":"2026-06-23T20:03:18","slug":"ex-red-bull-aposta-max-verstappen-briga-vitoria-austria-sera-interessante","status":"publish","type":"post","link":"https:\/\/grandepremio.com\/br\/f1\/ex-red-bull-aposta-max-verstappen-briga-vitoria-austria-sera-interessante\/","title":{"rendered":"Ex-Red Bull aposta em Verstappen na briga pela vit\u00f3ria na \u00c1ustria: &#8220;Ser\u00e1 interessante&#8221;"},"content":{"rendered":"\n<p class=\"wp-block-paragraph\"><strong>Helmut Marko<\/strong> est\u00e1 confiante de que as atualiza\u00e7\u00f5es desenvolvidas pela <strong>Red Bull<\/strong> para o <strong>GP da \u00c1ustria<\/strong> deste fim de semana podem colocar a equipe na briga pela vit\u00f3ria. Al\u00e9m disso, o ex-consultor afirmou que o favoritismo da <strong>Mercedes<\/strong> est\u00e1 em risco devido aos <a href=\"https:\/\/grandepremio.com\/br\/f1\/como-batalhas-george-russell-andrea-kimi-antonelli-agravam-problema-bateria-mercedes\/\">recentes problemas de confiabilidade<\/a> enfrentados pela escuderia de <strong>Toto Wolff<\/strong> na temporada 2026 da <strong>F\u00f3rmula 1<\/strong>.<\/p>\n\n\n\n<p class=\"wp-block-paragraph\">O <strong>RB22<\/strong> de <strong>Max Verstappen<\/strong> e <strong>Isack Hadjar<\/strong> apresentou um bom desempenho em setores de reta \u2014 com o motor de combust\u00e3o interna <a href=\"https:\/\/www.grandepremio.com\/br\/f1\/noticias\/fia-contraria-expectativa-aduo-red-bull-ford-referencia-f1-2026\/\">sendo considerado o mais forte<\/a> pela <strong>Federa\u00e7\u00e3o Internacional de Automobilismo<\/strong> (<strong>FIA<\/strong>) \u2014 e em curvas de baixa velocidade, onde a ader\u00eancia mec\u00e2nica se torna um fator importante. No entanto, as dificuldades enfrentadas no <strong>Jap\u00e3o<\/strong> e em <strong>Barcelona<\/strong>, principalmente, mostraram que o carro ainda sofre em curvas de m\u00e9dia e alta velocidade.<\/p>\n\n\n\n<figure class=\"wp-block-embed is-type-video is-provider-youtube wp-block-embed-youtube wp-embed-aspect-16-9 wp-has-aspect-ratio\"><div class=\"wp-block-embed__wrapper\">\n<iframe loading=\"lazy\" title=\"FERRARI E HAMILTON V\u00c3O DESAFIAR ANTONELLI E MERCEDES NA CASA DA RED BULL? | Paddock GP\" width=\"500\" height=\"281\" src=\"https:\/\/www.youtube.com\/embed\/TzIcv04GvM0?feature=oembed\" frameborder=\"0\" allow=\"accelerometer; autoplay; clipboard-write; encrypted-media; gyroscope; picture-in-picture; web-share\" referrerpolicy=\"strict-origin-when-cross-origin\" allowfullscreen><\/iframe>\n<\/div><\/figure>\n\n\n\n<p class=\"wp-block-paragraph\">Acontece que o modelo taurino tamb\u00e9m gera menos carga aerodin\u00e2mica a partir do assoalho em compara\u00e7\u00e3o com as principais rivais, o que aumenta o estresse dos pneus nas curvas e, consequentemente, produz um n\u00edvel maior de desgaste. Al\u00e9m disso, h\u00e1 a quest\u00e3o do sobrepeso, embora o time venha realizando um grande trabalho nessa \u00e1rea \u2014 e o pr\u00f3ximo passo deve ser dado em <strong>Spielberg<\/strong>.<\/p>\n\n\n\n<p class=\"wp-block-paragraph\">Confiante de que a ex-equipe acertar\u00e1 nas atualiza\u00e7\u00f5es, Marko disse que a Red Bull tem condi\u00e7\u00f5es de se envolver na briga pela vit\u00f3ria. At\u00e9 porque, como explicou ao jornal austr\u00edaco <em>Kleine Zeitung<\/em>, os problemas recentes da Mercedes, que afetaram tanto <strong>George Russell<\/strong> quanto <strong>Andrea Kimi Antonelli<\/strong>, podem se repetir e, desta forma, abrir caminho para outras equipes sonharem mais alto.<\/p>\n\n\n\n<p class=\"wp-block-paragraph\">&#8220;O novo regulamento claramente colocou a Mercedes no papel de favorita. No entanto, eles j\u00e1 tiveram a segunda falha de motor, o que \u00e9 incomum para eles&#8221;, come\u00e7ou. &#8220;De modo geral, por\u00e9m, as atualiza\u00e7\u00f5es s\u00e3o certamente mais eficazes nesta fase do regulamento; as equipes podem ganhar 0s5 de uma vez s\u00f3&#8221;, pontuou.<\/p>\n\n\n\n<p class=\"wp-block-paragraph\">&#8220;A Red Bull est\u00e1 colocando o carro no limite de peso pela primeira vez, ent\u00e3o definitivamente estar\u00e3o [na briga pela vit\u00f3ria]. Espero que Max possa estar na frente. A Mercedes \u00e9 a favorita, mas o restante do grid est\u00e1 mais do que interessante&#8221;, concluiu Marko.<\/p>\n\n\n\n<figure class=\"wp-block-image size-large\"><img loading=\"lazy\" decoding=\"async\" width=\"1200\" height=\"827\" src=\"https:\/\/grandepremio.com\/br\/wp-content\/uploads\/2025\/10\/SI202509060151-1200x827.jpg\" alt=\"\" class=\"wp-image-1001022727\" srcset=\"https:\/\/grandepremio.com\/wp-content\/uploads\/2025\/10\/SI202509060151-1200x827.jpg 1200w, https:\/\/grandepremio.com\/wp-content\/uploads\/2025\/10\/SI202509060151-300x207.jpg 300w, https:\/\/grandepremio.com\/wp-content\/uploads\/2025\/10\/SI202509060151-768x529.jpg 768w, https:\/\/grandepremio.com\/wp-content\/uploads\/2025\/10\/SI202509060151-1536x1058.jpg 1536w, https:\/\/grandepremio.com\/wp-content\/uploads\/2025\/10\/SI202509060151-2048x1411.jpg 2048w, https:\/\/grandepremio.com\/wp-content\/uploads\/2025\/10\/SI202509060151-150x103.jpg 150w\" sizes=\"(max-width: 1200px) 100vw, 1200px\" \/><figcaption class=\"wp-element-caption\">Ex-consultor da Red Bull aposta em Max Verstappen na briga pela vit\u00f3ria na \u00c1ustria (Foto: Red Bull Content Pool)<\/figcaption><\/figure>\n\n\n\n<p class=\"wp-block-paragraph\">A&nbsp;<strong>F\u00f3rmula 1<\/strong>&nbsp;volta neste fim de semana, de&nbsp;<strong>26 a 28 de junho<\/strong>, com o&nbsp;<strong>GP da \u00c1ustria<\/strong>, oitava etapa da temporada 2026. O&nbsp;<strong>GRANDE PR\u00caMIO<\/strong>&nbsp;acompanha todas as atividades<a href=\"https:\/\/www.grandepremio.com\/br\/ao-vivo\/f1\/\">&nbsp;<strong>AO VIVO E EM&nbsp;<\/strong><\/a><strong><a href=\"https:\/\/www.grandepremio.com\/br\/ao-vivo\/\" target=\"_blank\" rel=\"noreferrer noopener\">TEMPO REAL<\/a><\/strong>,&nbsp;<a href=\"https:\/\/www.youtube.com\/@GrandePremio1\/streams\">al\u00e9m de classifica\u00e7\u00e3o e corrida em&nbsp;<strong>SEGUNDA TELA&nbsp;<\/strong>no YouTube<\/a>, em parceria com a&nbsp;<strong>Voz do Esporte<\/strong>. O&nbsp;<strong>Briefing&nbsp;<\/strong>chega para analisar ap\u00f3s o fim de cada dia de atividades nas redes sociais e na&nbsp;<strong>GPTV<\/strong>.<\/p>\n\n\n\n<p class=\"wp-block-paragraph\">Al\u00e9m da cobertura completa das atividades, o&nbsp;<strong>GRANDE PR\u00caMIO<\/strong>&nbsp;tamb\u00e9m estar\u00e1 in loco em&nbsp;<strong>Spielberg<\/strong>&nbsp;com o rep\u00f3rter&nbsp;<strong>Leonid Kliuev<\/strong>.<\/p>\n\n\n\n<h2 class=\"wp-block-heading\"><strong>GP d<\/strong>a \u00c1ustria&nbsp;<strong>de F1: veja os hor\u00e1rios em Brasil, Cabo Verde,&nbsp;<a href=\"https:\/\/grandepremio.pt\/\" target=\"_blank\" rel=\"noreferrer noopener\">Portugal<\/a>, Angola e Mo\u00e7ambique:<\/strong><\/h2>\n\n\n\n<figure class=\"wp-block-table\"><table class=\"has-fixed-layout\"><tbody><tr><td><strong>Sess\u00e3o<\/strong><\/td><td><strong>BRA*<\/strong><\/td><td><strong>CBV<\/strong><\/td><td><strong>POR<\/strong><br><strong>ANG<\/strong><\/td><td><strong>MOZ<\/strong><\/td><\/tr><tr><td>Treino livre 1<\/td><td>08:30<\/td><td>10:30<\/td><td>12:30<\/td><td>13:30<\/td><\/tr><tr><td>Treino livre 2<\/td><td>12:00<\/td><td>14:00<\/td><td>16:00<\/td><td>17:00<\/td><\/tr><tr><td>Treino livre 3<\/td><td>07:30<\/td><td>09:30<\/td><td>11:30<\/td><td>12:30<\/td><\/tr><tr><td>Classifica\u00e7\u00e3o<\/td><td>11:00<\/td><td>13:00<\/td><td>15:00<\/td><td>16:00<\/td><\/tr><tr><td>Corrida<\/td><td>10:00<\/td><td>12:00<\/td><td>14:00<\/td><td>15:00<\/td><\/tr><\/tbody><\/table><\/figure>\n\n\n\n<p class=\"wp-block-paragraph\"><em>*Hor\u00e1rio de Bras\u00edlia<\/em><\/p>\n\n\n\n<p class=\"wp-block-paragraph\">\u25b6\ufe0f\u00a0<strong>F1:\u00a0<a href=\"https:\/\/www.grandepremio.com\/br\/f1\/calendario\/\">confira o calend\u00e1rio completo de 2026<\/a><\/strong><br>\u25b6\ufe0f\u00a0<strong>Inscreva-se nos dois canais do GRANDE PR\u00caMIO no YouTube:\u00a0<a href=\"https:\/\/www.youtube.com\/channel\/UC9OlHEgxoaY6QY6nWPoiqQg?sub_confirmation=1\">GP<\/a>\u00a0|\u00a0<a href=\"https:\/\/www.youtube.com\/channel\/UC9csiS6q_C3C0FYhyr1rnFA?sub_confirmation=1\">GPTV<\/a><\/strong><\/p>\n\n\n\n<h2 class=\"wp-block-heading\"><strong>F1 hoje: saiba aqui as not\u00edcias mais importantes do dia da F\u00f3rmula 1<\/strong><\/h2>\n\n\n\n<p class=\"wp-block-paragraph\">A reda\u00e7\u00e3o do&nbsp;<strong>GRANDE PR\u00caMIO<\/strong>&nbsp;selecionou as not\u00edcias mais importantes das \u00faltimas horas para voc\u00ea ficar por dentro de tudo que acontece na F1.<\/p>\n\n\n\n<p class=\"wp-block-paragraph\">\u25b6\ufe0f\u00a0<a href=\"https:\/\/grandepremio.com\/br\/f1\/audi-se-antecipa-rivais-1a-atualizacao-aduo-apresentada-gp-barcelona-catalunha\/\"><strong>Audi se antecipa a rivais com 1\u00aa atualiza\u00e7\u00e3o do ADUO apresentada na Catalunha<\/strong><\/a><br>\u25b6\ufe0f\u00a0<a href=\"https:\/\/grandepremio.com\/br\/f1\/gabriel-bortoleto-admite-frustracoes-recentes-chega-austria-boas-memorias-formula-1-2025\/\"><strong>Bortoleto admite frustra\u00e7\u00f5es recentes, mas chega \u00e0 \u00c1ustria com \u201cboas mem\u00f3rias\u201d<\/strong><\/a><br>\u25b6\ufe0f\u00a0<a href=\"https:\/\/grandepremio.com\/br\/f1\/haas-confirma-hyo-hirakawa-lado-oliver-bearman-tl1-gp-da-austria\/\"><strong>Haas confirma Hirakawa ao lado de Bearman em TL1 do GP da \u00c1ustria<\/strong><\/a><br>\u25b6\ufe0f\u00a0<a href=\"https:\/\/grandepremio.com\/br\/f1\/como-batalhas-george-russell-andrea-kimi-antonelli-agravam-problema-bateria-mercedes\/\"><strong>Como batalhas entre Russell e Antonelli agravam problema de bateria da Mercedes<\/strong><\/a><br>\u25b6\ufe0f\u00a0<a href=\"https:\/\/grandepremio.com\/br\/f1\/gabriel-bortoleto-admite-deficit-motor-audi-avisa-temos-chassi-muito-forte\/\"><strong>Bortoleto admite d\u00e9ficit no motor da Audi, mas avisa: \u201cTemos chassi muito forte\u201d<\/strong><\/a><br>\u25b6\ufe0f\u00a0<a href=\"https:\/\/grandepremio.com\/br\/f1\/lewis-hamilton-revela-abalo-criticas-mas-detalha-volta-cima-desconectei-matrix\/\"><strong>Hamilton revela abalo com cr\u00edticas, mas detalha volta por cima: \u201cDesconectei da matrix\u201d<\/strong><\/a><\/p>\n","protected":false},"excerpt":{"rendered":"<p>Ainda que tenha apontado a Mercedes como grande favorita para o GP da \u00c1ustria, Helmut Marko explicou que os recentes problemas de confiabilidade enfrentados pela equipe alem\u00e3 podem abrir caminho para uma vit\u00f3ria das rivais<\/p>\n","protected":false},"author":19,"featured_media":1001098482,"comment_status":"closed","ping_status":"closed","sticky":false,"template":"","format":"standard","meta":{"42wp_featured_image_caption":"F1 2026, BARCELONA-CATALUNHA, TREINOS LIVRES, RED BULL RACING, MAX VERSTAPPEN","42wp_featured_image_credits":"","42wp_featured_video":"","42wp_featured_image_hidden":false,"42wp_authors_list":[],"footnotes":""},"categories":[2],"tags":[5660,969,147,29516,642,160,180,47182,24888,1491,30103,28285,258,203,45637,204,1763,4613],"42wp_author":[47160],"class_list":["post-143288","post","type-post","status-publish","format-standard","has-post-thumbnail","hentry","category-f1","tag-classificacao","tag-corrida","tag-f1","tag-f1-2026","tag-f1-ao-vivo","tag-f1-tv","tag-formula-1","tag-formula-1-2026-2","tag-gp-da-austria-2","tag-grande-premio","tag-grande-premio-f1","tag-grandepremio","tag-helmut-marko","tag-max-verstappen","tag-rb22","tag-red-bull","tag-red-bull-ring","tag-spielberg","42wp_author-vicente-soella"],"_links":{"self":[{"href":"https:\/\/grandepremio.com\/br\/wp-json\/wp\/v2\/posts\/143288","targetHints":{"allow":["GET"]}}],"collection":[{"href":"https:\/\/grandepremio.com\/br\/wp-json\/wp\/v2\/posts"}],"about":[{"href":"https:\/\/grandepremio.com\/br\/wp-json\/wp\/v2\/types\/post"}],"author":[{"embeddable":true,"href":"https:\/\/grandepremio.com\/br\/wp-json\/wp\/v2\/users\/19"}],"replies":[{"embeddable":true,"href":"https:\/\/grandepremio.com\/br\/wp-json\/wp\/v2\/comments?post=143288"}],"version-history":[{"count":2,"href":"https:\/\/grandepremio.com\/br\/wp-json\/wp\/v2\/posts\/143288\/revisions"}],"predecessor-version":[{"id":143300,"href":"https:\/\/grandepremio.com\/br\/wp-json\/wp\/v2\/posts\/143288\/revisions\/143300"}],"wp:featuredmedia":[{"embeddable":true,"href":"https:\/\/grandepremio.com\/br\/wp-json\/wp\/v2\/media\/1001098482"}],"wp:attachment":[{"href":"https:\/\/grandepremio.com\/br\/wp-json\/wp\/v2\/media?parent=143288"}],"wp:term":[{"taxonomy":"category","embeddable":true,"href":"https:\/\/grandepremio.com\/br\/wp-json\/wp\/v2\/categories?post=143288"},{"taxonomy":"post_tag","embeddable":true,"href":"https:\/\/grandepremio.com\/br\/wp-json\/wp\/v2\/tags?post=143288"},{"taxonomy":"42wp_author","embeddable":true,"href":"https:\/\/grandepremio.com\/br\/wp-json\/wp\/v2\/42wp_author?post=143288"}],"curies":[{"name":"wp","href":"https:\/\/api.w.org\/{rel}","templated":true}]}}