{"id":143793,"date":"2026-06-25T09:57:36","date_gmt":"2026-06-25T12:57:36","guid":{"rendered":"https:\/\/grandepremio.com\/br\/?p=143793"},"modified":"2026-06-25T09:57:38","modified_gmt":"2026-06-25T12:57:38","slug":"jorge-martin-confia-aprilia-vai-dar-todas-armas-brigar-titulo","status":"publish","type":"post","link":"https:\/\/grandepremio.com\/br\/motogp\/jorge-martin-confia-aprilia-vai-dar-todas-armas-brigar-titulo\/","title":{"rendered":"Mart\u00edn confia que Aprilia &#8220;vai me dar todas as armas para brigar pelo t\u00edtulo&#8221;"},"content":{"rendered":"\n<p class=\"wp-block-paragraph\"><strong>Jorge Mart\u00edn<\/strong> acredita que a <strong>Aprilia <\/strong>vai dar tudo que ele precisa para lutar pelo t\u00edtulo da <strong>MotoGP <\/strong>na temporada <strong>2026<\/strong>. Nesta quinta-feira (25), a casa de <strong>Noale <\/strong>anunciou a contrata\u00e7\u00e3o de <strong>Francesco Bagnaia<\/strong>, que ser\u00e1 o substituto do espanhol ao lado de <strong>Marco Bezzecchi<\/strong>.<\/p>\n\n\n\n<p class=\"wp-block-paragraph\">Mesmo de sa\u00edda, Mart\u00edn garantiu que ter\u00e1 as mesmas oportunidades de Bezzecchi e ressaltou a confian\u00e7a que tem em <strong>Fabiano Sterlacchini<\/strong>, diretor-t\u00e9cnico da Aprilia, e no restante da equipe.<\/p>\n\n\n\n<figure class=\"wp-block-embed is-type-video is-provider-youtube wp-block-embed-youtube wp-embed-aspect-16-9 wp-has-aspect-ratio\"><div class=\"wp-block-embed__wrapper\">\n<iframe loading=\"lazy\" title=\"DE VOLTA \u00c0 BRIGA NA MOTOGP, MARC M\u00c1RQUEZ SE GARANTE NA DUCATI AT\u00c9 2028\" width=\"500\" height=\"281\" src=\"https:\/\/www.youtube.com\/embed\/u9sPHH0eWF0?feature=oembed\" frameborder=\"0\" allow=\"accelerometer; autoplay; clipboard-write; encrypted-media; gyroscope; picture-in-picture; web-share\" referrerpolicy=\"strict-origin-when-cross-origin\" allowfullscreen><\/iframe>\n<\/div><\/figure>\n\n\n\n<p class=\"wp-block-paragraph\">\u201cAssim como aconteceu na Ducati, confio que a Aprilia vai me dar todas as armas para brigar pelo t\u00edtulo\u201d, disse Mart\u00edn. \u201cConfio muito em Fabiano e na equipe\u201d, seguiu.<\/p>\n\n\n\n<p class=\"wp-block-paragraph\">Mart\u00edn ocupa a segunda coloca\u00e7\u00e3o no <strong>Mundial de Pilotos<\/strong>, com apenas oito pontos a menos do que Marco Bezzecchi, o l\u00edder do campeonato. <\/p>\n\n\n\n<figure class=\"wp-block-image size-large\"><img loading=\"lazy\" decoding=\"async\" width=\"960\" height=\"1200\" src=\"https:\/\/grandepremio.com\/br\/wp-content\/uploads\/2026\/06\/SaveClip.App_711189076_18595646302053162_2541162812525110103_n-960x1200.jpg\" alt=\"\" class=\"wp-image-1001094523\" \/><figcaption class=\"wp-element-caption\">Jorge Mart\u00edn desejou sorte a Francesco Bagnaia (Foto: Reprodu\u00e7\u00e3o)<\/figcaption><\/figure>\n\n\n\n<p class=\"wp-block-paragraph\">\u25b6\ufe0f<span style=\"font-size: 1.125rem\">\u00a0<\/span><strong style=\"font-size: 1.125rem\">Inscreva-se nos dois canais do GRANDE PR\u00caMIO no YouTube:\u00a0<a href=\"https:\/\/www.youtube.com\/channel\/UC9OlHEgxoaY6QY6nWPoiqQg?sub_confirmation=1\" target=\"_blank\" rel=\"noreferrer noopener\">GP<\/a>\u00a0|\u00a0<a href=\"https:\/\/www.youtube.com\/channel\/UC9csiS6q_C3C0FYhyr1rnFA?sub_confirmation=1\" target=\"_blank\" rel=\"noreferrer noopener\">GPTV<\/a><\/strong><\/p>\n\n\n\n<p class=\"wp-block-paragraph\">Ainda, Mart\u00edn comentou o acerto entre a Aprilia e Bagnaia, que ser\u00e1 o substituto dele na equipe. O contrato entre Pecco e a Aprilia \u00e9 de quatro anos.<\/p>\n\n\n\n<p class=\"wp-block-paragraph\">\u201cPecco \u00e9 uma grande pessoa e um grande piloto, e s\u00f3 posso desejar o melhor para o futuro dele. Espero que seja muito bom para ele e que ele possa brigar por muitos t\u00edtulos mais\u201d, falou.<\/p>\n\n\n\n<p class=\"wp-block-paragraph\">O espanhol ainda n\u00e3o teve o futuro confirmado, mas deve ser anunciado pela <strong>Yamaha <\/strong>em breve.<\/p>\n\n\n\n<p class=\"wp-block-paragraph\">\u201cN\u00e3o quero me distrair com o futuro, que vai chegar. Quero focar no meu ano, porque tenho uma oportunidade muito boa, mas, ao mesmo tempo, estou longe de onde quero estar em termos de sensa\u00e7\u00f5es\u201d, comentou. \u201cN\u00f3s trabalhamos muito bem at\u00e9 Le Mans e, quando ganhei l\u00e1, pensamos que j\u00e1 t\u00ednhamos encontrado a base. Temos de seguir aprendendo a moto e melhorar\u201d, admitiu.<\/p>\n\n\n\n<p class=\"wp-block-paragraph\">\u201cSe conseguir ter essas sensa\u00e7\u00f5es, ent\u00e3o posso brigar pelo p\u00f3dio, por vit\u00f3rias a cada fim de semana e, tomara, pelo Mundial. Mas, para isso, eu preciso de mais velocidade\u201d, apontou.<\/p>\n\n\n\n<p class=\"wp-block-paragraph\">Por fim, ao ser questionado sobre a dupla de 2027 da <strong>Ducati<\/strong>, que ser\u00e1 formada por <strong>Marc M\u00e1rquez <\/strong>e <strong>Pedro Acosta<\/strong>, Jorge respondeu: \u201c\u00c9 uma baita equipe. Com M\u00e1rquez, j\u00e1 vemos que \u00e9 o rival a ser batido. E Pedro vai chegar com muita vontade de conquistar muitos triunfos\u201d, encerrou.<\/p>\n\n\n\n<p class=\"wp-block-paragraph\">A&nbsp;<strong>MotoGP<\/strong>&nbsp;volta a acelerar entre 26 a 28 de junho para o&nbsp;<strong>GP dos Pa\u00edses Baixos<\/strong>, direto de&nbsp;<strong>Assen<\/strong>, d\u00e9cima etapa da temporada 2026. O&nbsp;<strong>GRANDE PR\u00caMIO<\/strong>&nbsp;acompanha toda a programa\u00e7\u00e3o do fim de semana, assim como as demais categorias do&nbsp;<strong>Mundial de Motovelocidade<\/strong>.<\/p>\n\n\n\n<h3 class=\"wp-block-heading\"><strong>MotoGP hoje: saiba aqui as not\u00edcias mais importantes da MotoGP<\/strong><\/h3>\n\n\n\n<p class=\"wp-block-paragraph\">A reda\u00e7\u00e3o do&nbsp;<strong>GRANDE PR\u00caMIO&nbsp;<\/strong>selecionou as not\u00edcias mais importantes das \u00faltimas horas para voc\u00ea ficar por dentro de tudo que acontece na MotoGP.<\/p>\n\n\n\n<p class=\"wp-block-paragraph\">\u25b6\ufe0f\u00a0<strong><a href=\"https:\/\/grandepremio.com\/br\/motogp\/francesco-bagnaia-troca-de-casa-italia-abraca-projeto-aprilia-motogp-2027\/\">Bagnaia troca de casa na It\u00e1lia e abra\u00e7a projeto da Aprilia para MotoGP 2027<\/a><\/strong><br>\u25b6\ufe0f\u00a0<strong><a href=\"https:\/\/grandepremio.com\/br\/motogp\/aprilia-confirma-francesco-bagnaia-fecha-dupla-2027-confira-elenco-provisorio-motogp\/\">Aprilia confirma Bagnaia e fecha dupla de 2027. Confira elenco provis\u00f3rio da MotoGP<\/a><\/strong><br>\u25b6\ufe0f\u00a0<strong><a href=\"https:\/\/grandepremio.com\/br\/motogp\/aprilia-se-orgulha-acerto-francesco-bagnaia-responsabilidade\/\">Aprilia se orgulha de acerto com Bagnaia, mas diz: \u201c\u00c9 uma responsabilidade\u201d<\/a><\/strong><br>\u25b6\ufe0f\u00a0<strong><a href=\"https:\/\/grandepremio.com\/br\/motogp\/raul-fernandez-veto-dispositivo-rebaixa-suspensao-nao-e-100-seguro\/\">Fern\u00e1ndez diz que veto ao dispositivo que rebaixa suspens\u00e3o \u201cn\u00e3o \u00e9 100% seguro\u201d<\/a><\/strong><br>\u25b6\ufe0f <strong><a href=\"https:\/\/grandepremio.com\/br\/motogp\/marco-bezzecchi-renova-pedido-desculpas-agressao-assume-punicao-foi-correta\/\">Bezzecchi renova pedido de desculpas por agress\u00e3o e assume: \u201cPuni\u00e7\u00e3o foi correta\u201d<\/a><\/strong><\/p>\n\n\n\n<h2 class=\"wp-block-heading\"><strong>MotoGP 2026: veja os hor\u00e1rios do GP d<\/strong>os Pa\u00edses Baixos<strong>&nbsp;em Brasil&nbsp;<\/strong><strong>e Portugal<\/strong><\/h2>\n\n\n\n<figure class=\"wp-block-table\"><table class=\"has-fixed-layout\"><tbody><tr><td><strong>DIA<\/strong><\/td><td><strong>CATEGORIA<\/strong><\/td><td><strong>SESS\u00c3O<\/strong><\/td><td><strong>BRA*<\/strong><\/td><td><strong>POR<\/strong><\/td><\/tr><tr><td><strong>Sexta<\/strong><\/td><td>MotoGP<\/td><td>TL1<\/td><td>05:45<\/td><td>08:45<\/td><\/tr><tr><td><strong>Sexta<\/strong><\/td><td>Baggers<\/td><td>TL1<\/td><td>07:40<\/td><td>10:40<\/td><\/tr><tr><td><strong>Sexta<\/strong><\/td><td>Moto3<\/td><td>Treino<\/td><td>08:15<\/td><td>11:15<\/td><\/tr><tr><td><strong>Sexta<\/strong><\/td><td>Moto2<\/td><td>Treino<\/td><td>09:05<\/td><td>12:05<\/td><\/tr><tr><td><strong>Sexta<\/strong><\/td><td>MotoGP<\/td><td>Treino<\/td><td>10:00<\/td><td>13:00<\/td><\/tr><tr><td><strong>S\u00e1bado<\/strong><\/td><td>MotoGP<\/td><td>Classifica\u00e7\u00e3o<\/td><td>05:50<\/td><td>08:50<\/td><\/tr><tr><td><strong>S\u00e1bado<\/strong><\/td><td>Baggers<\/td><td>Classifica\u00e7\u00e3o<\/td><td>07:05<\/td><td>10:05<\/td><\/tr><tr><td><strong>S\u00e1bado<\/strong><\/td><td>Moto3<\/td><td>Classifica\u00e7\u00e3o<\/td><td>07:45<\/td><td>10:45<\/td><\/tr><tr><td><strong>S\u00e1bado<\/strong><\/td><td>Moto2<\/td><td>Classifica\u00e7\u00e3o<\/td><td>08:40<\/td><td>11:40<\/td><\/tr><tr><td><strong>S\u00e1bado<\/strong><\/td><td>MotoGP<\/td><td>Sprint \u2013 13 voltas<\/td><td>10:00<\/td><td>13:00<\/td><\/tr><tr><td><strong>S\u00e1bado<\/strong><\/td><td>Baggers<\/td><td>Corrida 1<\/td><td>11:10<\/td><td>14:10<\/td><\/tr><tr><td><strong>Domingo<\/strong><\/td><td>MotoGP<\/td><td>Warm-Up<\/td><td>04:40<\/td><td>07:40<\/td><\/tr><tr><td><strong>Domingo<\/strong><\/td><td>Moto3<\/td><td>GP \u2013 20 voltas<\/td><td>06:00<\/td><td>10:00<\/td><\/tr><tr><td><strong>Domingo<\/strong><\/td><td>Moto2<\/td><td>GP \u2013 22 voltas<\/td><td>07:15<\/td><td>11:15<\/td><\/tr><tr><td><strong>Domingo<\/strong><\/td><td>MotoGP<\/td><td>GP \u2013 26 voltas<\/td><td>09:00<\/td><td>13:00<\/td><\/tr><tr><td><strong>Domingo<\/strong><\/td><td>Baggers<\/td><td>Corrida 2<\/td><td>10:30<\/td><td>14:30<\/td><\/tr><\/tbody><\/table><\/figure>\n\n\n\n<p class=\"wp-block-paragraph\"><em>*Hor\u00e1rios de Bras\u00edlia<\/em><\/p>\n","protected":false},"excerpt":{"rendered":"<p>De sa\u00edda da Aprilia, Jorge Mart\u00edn disse ter confian\u00e7a na equipe e avaliou que, assim como aconteceu com a Ducati, ter\u00e1 tudo de que necessita para brigar pelo t\u00edtulo. Espanhol desejou sorte a Francesco Bagnaia<\/p>\n","protected":false},"author":10,"featured_media":1010403423,"comment_status":"closed","ping_status":"closed","sticky":false,"template":"","format":"standard","meta":{"42wp_featured_image_caption":"jorge-martin-aprilia-racing-te","42wp_featured_image_credits":"","42wp_featured_video":"","42wp_featured_image_hidden":false,"42wp_authors_list":[],"footnotes":""},"categories":[8],"tags":[4658,151,39473,26718,131,6513,110,28833,2327,28285,3504,130,1975,187,144,25552,132,137,1661,25007,2287,813,79,78,27236,45225,45222,554,45223,45224,25819,29345,32257,28766,307,45226,25667,27587,26690,136,25818,43603,2984,41398,45227,172],"42wp_author":[47113],"class_list":["post-143793","post","type-post","status-publish","format-standard","has-post-thumbnail","hentry","category-motogp","tag-ai-ogura","tag-brad-binder","tag-corrida-motogp","tag-diogo-moreira","tag-ducati","tag-espn","tag-fabio-quartararo","tag-fermin-aldeguer","tag-francesco-bagnaia","tag-grandepremio","tag-gresini","tag-honda","tag-jack-miller","tag-joan-mir","tag-johann-zarco","tag-jorge-martin-2","tag-ktm","tag-lcr","tag-luca-marini","tag-marc-marquez-3","tag-marco-bezzecchi","tag-moto","tag-moto-gp","tag-motogp","tag-motogp-2026","tag-motogp-2026-calendario","tag-motogp-26","tag-motogp-ao-vivo","tag-motogp-calendario-2026","tag-motogp-classificacao-2026","tag-motogp-hoje","tag-motogp-horario","tag-motogp-sprint","tag-motogp-standings","tag-motor","tag-onde-assistir-motogp-2026","tag-pecco-bagnaia","tag-pedro-acosta","tag-pilotos-motogp","tag-pramac","tag-raul-fernandez","tag-resultado-motogp","tag-sprint","tag-temporada-motogp","tag-toprak-razgatliolgu","tag-yamaha","42wp_author-juliana-tesser"],"_links":{"self":[{"href":"https:\/\/grandepremio.com\/br\/wp-json\/wp\/v2\/posts\/143793","targetHints":{"allow":["GET"]}}],"collection":[{"href":"https:\/\/grandepremio.com\/br\/wp-json\/wp\/v2\/posts"}],"about":[{"href":"https:\/\/grandepremio.com\/br\/wp-json\/wp\/v2\/types\/post"}],"author":[{"embeddable":true,"href":"https:\/\/grandepremio.com\/br\/wp-json\/wp\/v2\/users\/10"}],"replies":[{"embeddable":true,"href":"https:\/\/grandepremio.com\/br\/wp-json\/wp\/v2\/comments?post=143793"}],"version-history":[{"count":2,"href":"https:\/\/grandepremio.com\/br\/wp-json\/wp\/v2\/posts\/143793\/revisions"}],"predecessor-version":[{"id":143803,"href":"https:\/\/grandepremio.com\/br\/wp-json\/wp\/v2\/posts\/143793\/revisions\/143803"}],"wp:featuredmedia":[{"embeddable":true,"href":"https:\/\/grandepremio.com\/br\/wp-json\/wp\/v2\/media\/1010403423"}],"wp:attachment":[{"href":"https:\/\/grandepremio.com\/br\/wp-json\/wp\/v2\/media?parent=143793"}],"wp:term":[{"taxonomy":"category","embeddable":true,"href":"https:\/\/grandepremio.com\/br\/wp-json\/wp\/v2\/categories?post=143793"},{"taxonomy":"post_tag","embeddable":true,"href":"https:\/\/grandepremio.com\/br\/wp-json\/wp\/v2\/tags?post=143793"},{"taxonomy":"42wp_author","embeddable":true,"href":"https:\/\/grandepremio.com\/br\/wp-json\/wp\/v2\/42wp_author?post=143793"}],"curies":[{"name":"wp","href":"https:\/\/api.w.org\/{rel}","templated":true}]}}