{"id":14380,"date":"2025-12-02T04:15:00","date_gmt":"2025-12-02T07:15:00","guid":{"rendered":"https:\/\/grandepremio.com\/br\/noticias\/chefe-ferrari-reclama-pressao-imprensa-mas-admite-temos-de-lidar-melhor\/"},"modified":"2025-12-01T15:21:57","modified_gmt":"2025-12-01T18:21:57","slug":"chefe-ferrari-reclama-pressao-imprensa-mas-admite-temos-de-lidar-melhor","status":"publish","type":"post","link":"https:\/\/grandepremio.com\/br\/f1\/chefe-ferrari-reclama-pressao-imprensa-mas-admite-temos-de-lidar-melhor\/","title":{"rendered":"Chefe da Ferrari reclama de press\u00e3o da imprensa, mas admite: &#8220;Temos de lidar melhor&#8221;"},"content":{"rendered":"\n<p class=\"wp-block-paragraph\"><strong>Fr\u00e9d\u00e9ric Vasseur<\/strong>, chefe da <strong>Ferrari<\/strong>, <a href=\"https:\/\/www.grandepremio.com\/br\/f1\/noticias\/ferrari-diz-mudou-foco-para-2026-muito-cedo-garante-pilotos-concordaram\/\">admitiu que encerrou cedo demais o desenvolvimento da <strong>SF-25<\/strong><\/a>. Com isso, equipe e pilotos tiveram de se conformar com um carro que n\u00e3o recebe grandes atualiza\u00e7\u00f5es desde o fim de abril \u2014 quando perceberam que alcan\u00e7ar a <strong>McLaren<\/strong> seria uma tarefa muito dif\u00edcil \u2014, o que gerou a falta de resultados positivos e o aumento da press\u00e3o por parte da imprensa, que foi criticada pelo franc\u00eas. No entanto, ele admitiu que o time precisa lidar melhor com a situa\u00e7\u00e3o.<\/p>\n\n\n\n<p class=\"wp-block-paragraph\">Como o desenvolvimento do b\u00f3lido do novo regulamento s\u00f3 p\u00f4de come\u00e7ar em janeiro, os times passaram o ano de 2025 tentando balancear o trabalho dedicado ao modelo atual e ao futuro. Algumas equipes, como foi o caso da\u00a0<strong>Red Bull<\/strong>\u00a0e da\u00a0<strong>Haas<\/strong>, por exemplo, apresentaram atualiza\u00e7\u00f5es mesmo em um est\u00e1gio mais avan\u00e7ado do campeonato, enquanto outras, como a esquadra italiana, mirou em pequenas melhorias mec\u00e2nicas na tentativa de sanar alguns problemas fundamentais da\u00a0SF-25\u00a0\u2014 como foi o caso da suspens\u00e3o traseira.<\/p>\n\n\n\n<p class=\"wp-block-paragraph\">Vasseur explicou anteriormente que a decis\u00e3o de interromper a evolu\u00e7\u00e3o do carro atual <a href=\"https:\/\/www.grandepremio.com\/br\/f1\/noticias\/ferrari-aponta-razao-para-pesadelo-gp-catar-admite-sofremos-inicio-fim\/\">nada teve a ver com o desempenho ruim no <strong>GP do Catar<\/strong><\/a>. No entanto, fez aumentar ainda mais a press\u00e3o por bons resultados \u2014 a Ferrari j\u00e1 aparece fora da briga pelo vice no <strong>Mundial de Construtores<\/strong> e deve terminar 2025 sem conquistar uma vit\u00f3ria sequer.<\/p>\n\n\n\n<p class=\"wp-block-paragraph\">&#8220;Certamente a press\u00e3o da imprensa n\u00e3o ajuda, mas faz parte do nosso trabalho\u00a0&#8220;,\u00a0declarou o chefe da equipe de <strong>Maranello<\/strong>.<\/p>\n\n\n\n<figure class=\"wp-block-image size-large\"><img decoding=\"async\" src=\"https:\/\/www.grandepremio.com\/br\/wp-content\/uploads\/2025\/11\/catar-2025-f1-classificacao-ferrari-charles-leclerc-afp-01-1-1200x800.jpg\" alt=\"\" class=\"wp-image-1038868\"\/><figcaption class=\"wp-element-caption\">Ferrari deve terminar temporada 2025 sem vit\u00f3rias (Foto: AFP) <\/figcaption><\/figure>\n\n\n\n<p class=\"wp-block-paragraph\">&#8220;Quando conseguimos bons resultados, somos campe\u00f5es mundiais, enquanto que, quando temos uma sess\u00e3o dif\u00edcil, n\u00e3o somos nada&#8221;, destacou.<\/p>\n\n\n\n<p class=\"wp-block-paragraph\">&#8220;Como equipe, por\u00e9m, precisamos nos manter focados e tentar fazer o nosso melhor com o que temos. Isso certamente pesa sobre n\u00f3s, mas temos de lidar com esse tipo de situa\u00e7\u00e3o&#8221;, completou Vasseur.<\/p>\n\n\n\n<p class=\"wp-block-paragraph\">A&nbsp;<strong><a href=\"https:\/\/www.grandepremio.com\/br\/f1\/\" target=\"_blank\" rel=\"noreferrer noopener\"><\/a><a href=\"https:\/\/www.grandepremio.com\/br\/f1\/\" target=\"_blank\" rel=\"noreferrer noopener\">F\u00f3rmula 1<\/a><\/strong>&nbsp;retorna neste fim de semana, de 5 a 7 de dezembro, com o&nbsp;<strong>GP de Abu Dhabi<\/strong>, 24\u00aa etapa da temporada 2025. O&nbsp;<strong>GRANDE PR\u00caMIO<\/strong>&nbsp;acompanha todas as atividades<a href=\"https:\/\/www.grandepremio.com\/br\/ao-vivo\/f1\/\">&nbsp;<strong>AO VIVO E EM&nbsp;<\/strong><\/a><strong><a href=\"https:\/\/www.grandepremio.com\/br\/ao-vivo\/\" target=\"_blank\" rel=\"noreferrer noopener\">TEMPO REAL<\/a><\/strong>,&nbsp;<a href=\"https:\/\/www.youtube.com\/@GrandePremio1\/streams\">al\u00e9m de classifica\u00e7\u00e3o e corrida em&nbsp;<strong>SEGUNDA TELA&nbsp;<\/strong>no YouTube<\/a>, em parceria com a&nbsp;<strong>Voz do Esporte<\/strong>. O&nbsp;<strong>Briefing&nbsp;<\/strong>chega para analisar ap\u00f3s o fim de cada dia de atividades nas redes sociais e na&nbsp;<strong>GPTV<\/strong>. Al\u00e9m da cobertura tradicional, o<strong>&nbsp;GRANDE PR\u00caMIO<\/strong>&nbsp;estar\u00e1&nbsp;<strong>IN LOCO<\/strong>&nbsp;em&nbsp;<strong><a href=\"https:\/\/www.grandepremio.com\/br\/circuito\/yas-marina\/\" target=\"_blank\" rel=\"noreferrer noopener\"><\/a><a href=\"https:\/\/www.grandepremio.com\/br\/circuito\/yas-marina\/\" target=\"_blank\" rel=\"noreferrer noopener\"><\/a><a href=\"https:\/\/www.grandepremio.com\/br\/circuito\/yas-marina\/\" target=\"_blank\" rel=\"noreferrer noopener\"><\/a><a href=\"https:\/\/www.grandepremio.com\/br\/circuito\/yas-marina\/\" target=\"_blank\" rel=\"noreferrer noopener\"><\/a><a href=\"https:\/\/www.grandepremio.com\/br\/circuito\/yas-marina\/\" target=\"_blank\" rel=\"noreferrer noopener\"><\/a><a href=\"https:\/\/www.grandepremio.com\/br\/circuito\/yas-marina\/\" target=\"_blank\" rel=\"noreferrer noopener\"><\/a><a href=\"https:\/\/www.grandepremio.com\/br\/circuito\/yas-marina\/\" target=\"_blank\" rel=\"noreferrer noopener\"><\/a><a href=\"https:\/\/www.grandepremio.com\/br\/circuito\/yas-marina\/\" target=\"_blank\" rel=\"noreferrer noopener\"><\/a><a href=\"https:\/\/www.grandepremio.com\/br\/circuito\/yas-marina\/\" target=\"_blank\" rel=\"noreferrer noopener\">Yas Marina<\/a><\/strong>&nbsp;para acompanhar todas as emo\u00e7\u00f5es da etapa com o rep\u00f3rter&nbsp;<strong>Leonid Kliuev<\/strong>.<\/p>\n\n\n\n<p class=\"wp-block-paragraph\"><strong>GP de Abu Dhabi de F1: veja os hor\u00e1rios em Brasil, Cabo Verde,&nbsp;<a href=\"https:\/\/grandepremio.pt\/\" target=\"_blank\" rel=\"noreferrer noopener\">Portugal<\/a>, Angola e Mo\u00e7ambique:<\/strong><\/p>\n\n\n\n<figure class=\"wp-block-table\"><table class=\"has-fixed-layout\"><tbody><tr><td><strong>Sess\u00e3o<\/strong><\/td><td><strong>BRA*<\/strong><\/td><td><strong>CBV<\/strong><\/td><td><strong>POR<\/strong><br><strong>ANG<\/strong><\/td><td><strong>MOZ<\/strong>+5<\/td><\/tr><tr><td>Treino livre 1<\/td><td>6:30<\/td><td>8:30<\/td><td>10:30<\/td><td>11:30<\/td><\/tr><tr><td>Treino livre 2<\/td><td>10:00<\/td><td>12:00<\/td><td>14:00<\/td><td>15:00<\/td><\/tr><tr><td>Treino livre 3<\/td><td>7:30<\/td><td>9:30<\/td><td>11:30<\/td><td>12:30<\/td><\/tr><tr><td>Classifica\u00e7\u00e3o<\/td><td>11:00<\/td><td>13:00<\/td><td>15:00<\/td><td>16:00<\/td><\/tr><tr><td>Corrida<\/td><td>10:00<\/td><td>12:00<\/td><td>14:30<\/td><td>15:00<\/td><\/tr><\/tbody><\/table><\/figure>\n\n\n\n<p class=\"wp-block-paragraph\"><em>*Hor\u00e1rio de Bras\u00edlia<\/em><\/p>\n\n\n\n<p class=\"wp-block-paragraph\">\u25b6\ufe0f&nbsp;<strong>Inscreva-se nos dois canais do GRANDE PR\u00caMIO no YouTube:&nbsp;<a href=\"https:\/\/www.youtube.com\/channel\/UC9OlHEgxoaY6QY6nWPoiqQg?sub_confirmation=1\" target=\"_blank\" rel=\"noreferrer noopener\">GP<\/a>&nbsp;|&nbsp;<a href=\"https:\/\/www.youtube.com\/channel\/UC9csiS6q_C3C0FYhyr1rnFA?sub_confirmation=1\" target=\"_blank\" rel=\"noreferrer noopener\">GP2<\/a><\/strong><\/p>\n\n\n\n<figure class=\"wp-block-embed is-type-video is-provider-youtube wp-block-embed-youtube wp-embed-aspect-16-9 wp-has-aspect-ratio\"><div class=\"wp-block-embed__wrapper\">\n<iframe loading=\"lazy\" title=\"VERSTAPPEN VENCE NA BURRICE DA McLAREN E PODE SER CAMPE\u00c3O: CLASSIFICA\u00c7\u00c2O da  F1 no CATAR | BRIEFING\" width=\"500\" height=\"281\" src=\"https:\/\/www.youtube.com\/embed\/CVobLjDKCv4?feature=oembed\" frameborder=\"0\" allow=\"accelerometer; autoplay; clipboard-write; encrypted-media; gyroscope; picture-in-picture; web-share\" referrerpolicy=\"strict-origin-when-cross-origin\" allowfullscreen><\/iframe>\n<\/div><\/figure>\n","protected":false},"excerpt":{"rendered":"<p>Chefe da Ferrari, Fr\u00e9d\u00e9ric Vasseur reclamou da press\u00e3o da imprensa por bons resultados, mas admitiu que a equipe precisa lidar melhor com a situa\u00e7\u00e3o<\/p>\n","protected":false},"author":0,"featured_media":1000931836,"comment_status":"closed","ping_status":"closed","sticky":false,"template":"","format":"standard","meta":{"42wp_featured_image_caption":"","42wp_featured_image_credits":"","42wp_featured_video":"","42wp_featured_image_hidden":false,"42wp_authors_list":[],"footnotes":""},"categories":[2],"tags":[209,5660,969,147,3630,642,160,207,180,3628,1322,600,1491,30103,28285,87,43265],"42wp_author":[47163],"class_list":["post-14380","post","type-post","status-publish","format-standard","has-post-thumbnail","hentry","category-f1","tag-charles-leclerc","tag-classificacao","tag-corrida","tag-f1","tag-f1-2025","tag-f1-ao-vivo","tag-f1-tv","tag-ferrari","tag-formula-1","tag-formula-1-2025","tag-frederic-vasseur","tag-gp-do-catar","tag-grande-premio","tag-grande-premio-f1","tag-grandepremio","tag-lewis-hamilton","tag-lusail-2025","42wp_author-caio-cavalcante"],"_links":{"self":[{"href":"https:\/\/grandepremio.com\/br\/wp-json\/wp\/v2\/posts\/14380","targetHints":{"allow":["GET"]}}],"collection":[{"href":"https:\/\/grandepremio.com\/br\/wp-json\/wp\/v2\/posts"}],"about":[{"href":"https:\/\/grandepremio.com\/br\/wp-json\/wp\/v2\/types\/post"}],"replies":[{"embeddable":true,"href":"https:\/\/grandepremio.com\/br\/wp-json\/wp\/v2\/comments?post=14380"}],"version-history":[{"count":0,"href":"https:\/\/grandepremio.com\/br\/wp-json\/wp\/v2\/posts\/14380\/revisions"}],"wp:featuredmedia":[{"embeddable":true,"href":"https:\/\/grandepremio.com\/br\/wp-json\/wp\/v2\/media\/1000931836"}],"wp:attachment":[{"href":"https:\/\/grandepremio.com\/br\/wp-json\/wp\/v2\/media?parent=14380"}],"wp:term":[{"taxonomy":"category","embeddable":true,"href":"https:\/\/grandepremio.com\/br\/wp-json\/wp\/v2\/categories?post=14380"},{"taxonomy":"post_tag","embeddable":true,"href":"https:\/\/grandepremio.com\/br\/wp-json\/wp\/v2\/tags?post=14380"},{"taxonomy":"42wp_author","embeddable":true,"href":"https:\/\/grandepremio.com\/br\/wp-json\/wp\/v2\/42wp_author?post=14380"}],"curies":[{"name":"wp","href":"https:\/\/api.w.org\/{rel}","templated":true}]}}