{"id":14386,"date":"2025-12-01T18:02:21","date_gmt":"2025-12-01T21:02:21","guid":{"rendered":"https:\/\/grandepremio.com\/br\/noticias\/quais-horarios-rodada-abu-dhabi-formula-2-2025\/"},"modified":"2025-12-01T18:16:16","modified_gmt":"2025-12-01T21:16:16","slug":"quais-horarios-rodada-abu-dhabi-formula-2-2025","status":"publish","type":"post","link":"https:\/\/grandepremio.com\/br\/f2\/quais-horarios-rodada-abu-dhabi-formula-2-2025\/","title":{"rendered":"Quais os hor\u00e1rios da rodada de Abu Dhabi da F\u00f3rmula 2 2025"},"content":{"rendered":"\n<p class=\"wp-block-paragraph\">Ap\u00f3s a etapa do <strong>Catar<\/strong>, a <strong>F\u00f3rmula 2<\/strong> desembarca no circuito de<strong> Yas Marina<\/strong> j\u00e1 no pr\u00f3ximo fim de semana para a rodada de <strong>Abu Dhabi<\/strong>. Confira os hor\u00e1rios de todas as atividades do fim de semana.<\/p>\n\n\n\n<p class=\"wp-block-paragraph\">A F2 chega \u00e0 14\u00aa e \u00faltima etapa da temporada 2025 j\u00e1 com campe\u00e3o definido: <strong>Leonardo Fornaroli<\/strong> conquistou o t\u00edtulo da categoria de base de forma antecipada.<\/p>\n\n\n\n<p class=\"wp-block-paragraph\">No entanto, a disputa pelo vice-campeonato segue intensa:&nbsp;<strong>Jak Crawford<\/strong>&nbsp;e <strong>Richard Verschoor<\/strong> est\u00e3o empatados com 170 pontos, enquanto&nbsp;<strong>Luke Browning<\/strong>&nbsp;aparece logo atr\u00e1s, com 162. Na sequ\u00eancia,&nbsp;<strong>Alex Dunne<\/strong>&nbsp;fecha o top-5 com 149 pontos e segue na briga por um lugar entre os tr\u00eas primeiros.<\/p>\n\n\n\n<p class=\"wp-block-paragraph\">Abu Dhabi recebe a F2 desde 2017 e teve <strong>Josep Maria Mart\u00ed<\/strong> como vencedor da corrida sprint no ano passado. J\u00e1 na prova principal, <strong>Joshua D\u00fcrksen <\/strong>levou a melhor. Al\u00e9m disso, a pista foi palco do t\u00edtulo de <strong>Gabriel Bortoleto<\/strong>. Confira a programa\u00e7\u00e3o do fim de semana:<\/p>\n\n\n\n<figure class=\"wp-block-image size-large\"><img decoding=\"async\" src=\"https:\/\/www.grandepremio.com\/br\/wp-content\/uploads\/2024\/12\/F2-2024-Abu-Dhabi-Yas-Marina-Domingo-Gabriel-Bortoleto-1200x800.jpg\" alt=\"\" class=\"wp-image-907641\"\/><figcaption class=\"wp-element-caption\">Gabriel Bortoleto foi campe\u00e3o da F2 em Abu Dhabi no ano passado (Foto: Reprodu\u00e7\u00e3o\/ F2)<\/figcaption><\/figure>\n\n\n\n<p class=\"wp-block-paragraph\"><strong>Rodada de Abu Dhabi da\u00a0<a href=\"https:\/\/www.grandepremio.com\/br\/f2\/\" target=\"_blank\" rel=\"noreferrer noopener\">F2<\/a>: veja os hor\u00e1rios no Brasil, Cabo Verde,\u00a0<a href=\"https:\/\/grandepremio.pt\/\" target=\"_blank\" rel=\"noreferrer noopener\">Portugal<\/a>, Angola e Mo\u00e7ambique<\/strong><\/p>\n\n\n\n<figure class=\"wp-block-table\"><table class=\"has-fixed-layout\"><tbody><tr><td><strong>Dia<\/strong><\/td><td><strong>Sess\u00e3o<\/strong><\/td><td><strong>BRA*<\/strong><\/td><td><strong>CBV<\/strong><\/td><td><strong>POR<\/strong><br><strong>ANG<\/strong><\/td><td><strong>MOZ<\/strong><\/td><\/tr><tr><td>Sexta-feira<\/td><td>Treino livre<\/td><td>04:00<\/td><td>06:00<\/td><td>08:00<\/td><td>09:00<\/td><\/tr><tr><td>Sexta-feira<\/td><td>Classifica\u00e7\u00e3o<\/td><td>08:00<\/td><td>10:00<\/td><td>12:00<\/td><td>13:00<\/td><\/tr><tr><td>S\u00e1bado<\/td><td>Corrida sprint<\/td><td>09:15<\/td><td>11:15<\/td><td>13:15<\/td><td>14:15<\/td><\/tr><tr><td>Domingo<\/td><td>Corrida<\/td><td>06:15<\/td><td>08:15<\/td><td>10:15<\/td><td>11:15<\/td><\/tr><\/tbody><\/table><\/figure>\n\n\n\n<p class=\"wp-block-paragraph\"><em>*Hor\u00e1rio de Bras\u00edlia<\/em><\/p>\n\n\n\n<p class=\"wp-block-paragraph\"><strong>Onde assistir \u00e0 rodada de Abu Dhabi da\u00a0<a href=\"https:\/\/www.grandepremio.com\/br\/f2\/\" target=\"_blank\" rel=\"noreferrer noopener\">F2<\/a>\u00a0no Brasil, na \u00c1frica e em\u00a0<a href=\"https:\/\/grandepremio.pt\/\" target=\"_blank\" rel=\"noreferrer noopener\">Portugal<\/a><\/strong><\/p>\n\n\n\n<figure class=\"wp-block-table\"><table class=\"has-fixed-layout\"><tbody><tr><td>Brasil<\/td><td>BandSports e F1TV<\/td><\/tr><tr><td>\u00c1frica<\/td><td>DStv (Supersport) e F1TV<\/td><\/tr><tr><td>Portugal<\/td><td>DAZN e F1TV<\/td><\/tr><\/tbody><\/table><\/figure>\n","protected":false},"excerpt":{"rendered":"<p>Depois de correr no Catar, F\u00f3rmula 2 retorna j\u00e1 retorna no pr\u00f3ximo fim de semana para a \u00faltima etapa do campeonato, em Abu Dhabi. Confira a programa\u00e7\u00e3o<\/p>\n","protected":false},"author":0,"featured_media":1000909689,"comment_status":"closed","ping_status":"closed","sticky":false,"template":"","format":"standard","meta":{"42wp_featured_image_caption":"","42wp_featured_image_credits":"","42wp_featured_video":"","42wp_featured_image_hidden":false,"42wp_authors_list":[],"footnotes":""},"categories":[9],"tags":[29654,30246,111,41547,2208,41881,25424,1491,28285,35029,35030,41882,1901],"42wp_author":[47163],"class_list":["post-14386","post","type-post","status-publish","format-standard","has-post-thumbnail","hentry","category-f2","tag-calendario-f2","tag-classificacao-f2","tag-f2","tag-f2-2025","tag-formula-2","tag-formula-2-2025","tag-gp-de-abu-dhabi","tag-grande-premio","tag-grandepremio","tag-horarios-f2","tag-onde-assistir-f2","tag-temporada-2025-f2","tag-yas-marina","42wp_author-caio-cavalcante"],"_links":{"self":[{"href":"https:\/\/grandepremio.com\/br\/wp-json\/wp\/v2\/posts\/14386","targetHints":{"allow":["GET"]}}],"collection":[{"href":"https:\/\/grandepremio.com\/br\/wp-json\/wp\/v2\/posts"}],"about":[{"href":"https:\/\/grandepremio.com\/br\/wp-json\/wp\/v2\/types\/post"}],"replies":[{"embeddable":true,"href":"https:\/\/grandepremio.com\/br\/wp-json\/wp\/v2\/comments?post=14386"}],"version-history":[{"count":0,"href":"https:\/\/grandepremio.com\/br\/wp-json\/wp\/v2\/posts\/14386\/revisions"}],"wp:featuredmedia":[{"embeddable":true,"href":"https:\/\/grandepremio.com\/br\/wp-json\/wp\/v2\/media\/1000909689"}],"wp:attachment":[{"href":"https:\/\/grandepremio.com\/br\/wp-json\/wp\/v2\/media?parent=14386"}],"wp:term":[{"taxonomy":"category","embeddable":true,"href":"https:\/\/grandepremio.com\/br\/wp-json\/wp\/v2\/categories?post=14386"},{"taxonomy":"post_tag","embeddable":true,"href":"https:\/\/grandepremio.com\/br\/wp-json\/wp\/v2\/tags?post=14386"},{"taxonomy":"42wp_author","embeddable":true,"href":"https:\/\/grandepremio.com\/br\/wp-json\/wp\/v2\/42wp_author?post=14386"}],"curies":[{"name":"wp","href":"https:\/\/api.w.org\/{rel}","templated":true}]}}