{"id":14404,"date":"2025-12-01T11:41:10","date_gmt":"2025-12-01T14:41:10","guid":{"rendered":"https:\/\/grandepremio.com\/br\/noticias\/isack-hadjar-lastima-abandono-furo-pneu-gp-do-catar-fim-de-semana-era-bom\/"},"modified":"2025-12-01T19:04:38","modified_gmt":"2025-12-01T22:04:38","slug":"isack-hadjar-lastima-abandono-furo-pneu-gp-do-catar-fim-de-semana-era-bom","status":"publish","type":"post","link":"https:\/\/grandepremio.com\/br\/f1\/isack-hadjar-lastima-abandono-furo-pneu-gp-do-catar-fim-de-semana-era-bom\/","title":{"rendered":"Hadjar lastima abandono por furo de pneu no GP do Catar: &#8220;Fim de semana era bom&#8221;"},"content":{"rendered":"\n<p class=\"wp-block-paragraph\"><strong>Isack Hadjar<\/strong> saiu do <strong>GP do Catar<\/strong>, <a href=\"https:\/\/www.grandepremio.com\/br\/f1\/noticias\/max-verstappen-aproveita-bagunca-estrategica-mclaren-vence-gp-do-catar-lando-norris\/\">disputado no domingo (30)<\/a>, frustrado ap\u00f3s abandonar a prova a duas voltas do fim. O piloto da <strong>Racing Bulls<\/strong> explicou que a asa dianteira quebrou, entrou sob o carro e cortou o pneu dianteiro \u2014 falha que o tirou da zona de pontua\u00e7\u00e3o em um dos fins de semana mais consistentes da temporada.<\/p>\n\n\n\n<p class=\"wp-block-paragraph\">Hadjar vinha forte desde a corrida sprint, quando mostrou ritmo competitivo e termino no nono lugar. No domingo, errou na largada e perdeu algumas posi\u00e7\u00f5es, mas se recuperou ao longo da prova e ocupava o oitavo lugar no momento do abandono. <\/p>\n\n\n\n<p class=\"wp-block-paragraph\">Na entrevista p\u00f3s-corrida, o franc\u00eas reconheceu o erro na largada. Apesar disso, destacou o bom fim de semana que vinha fazendo no Catar at\u00e9 o infort\u00fanio que for\u00e7ou o abandono nas voltas finais.<\/p>\n\n\n\n<p class=\"wp-block-paragraph\">\u201cQuebrou a asa dianteira, ela entrou debaixo do carro e cortou o pneu. Foi isso\u201d, resumiu Hadjar.<\/p>\n\n\n\n<figure class=\"wp-block-image size-large\"><img decoding=\"async\" src=\"https:\/\/www.grandepremio.com\/br\/wp-content\/uploads\/2025\/11\/catar-2025-f1-corrida-racing-bulls-isack-hadjar-5-1200x800.jpg\" alt=\"\" class=\"wp-image-1039217\"\/><figcaption class=\"wp-element-caption\">Isack Hadjar lamentou o furo de pneu que causou abandono no Catar (Foto: Red Bull Content Pool)<\/figcaption><\/figure>\n\n\n\n<p class=\"wp-block-paragraph\">\u201cAt\u00e9 as duas \u00faltimas voltas, estava sendo um bom fim de semana. O \u00fanico erro foi a largada, que eu estraguei. Preciso revisar por que e fazer melhor da pr\u00f3xima vez. Mas no fim abandonamos, ent\u00e3o n\u00e3o importa\u201d, avaliou.<\/p>\n\n\n\n<p class=\"wp-block-paragraph\">Hadjar deixa o Catar com a sensa\u00e7\u00e3o de que os pontos estavam garantidos antes da quebra da asa dianteira. O franc\u00eas, por\u00e9m, ainda vive dias importantes fora da pista: \u00e9 um dos nomes cotados para assumir a vaga ao lado de <strong>Max Verstappen<\/strong> na <strong>Red Bull<\/strong> em 2026 \u2014 <a href=\"https:\/\/www.grandepremio.com\/br\/f1\/noticias\/red-bull-bate-martelo-marca-data-anunciar-parceiro-max-verstappen-f1-2026\/\">e a equipe deve definir a dupla nesta ter\u00e7a-feira (2)<\/a>.<\/p>\n\n\n\n<p class=\"wp-block-paragraph\">A&nbsp;<strong><a href=\"https:\/\/www.grandepremio.com\/br\/f1\/\" target=\"_blank\" rel=\"noreferrer noopener\"><\/a><a href=\"https:\/\/www.grandepremio.com\/br\/f1\/\" target=\"_blank\" rel=\"noreferrer noopener\">F\u00f3rmula 1<\/a><\/strong>&nbsp;retorna neste fim de semana, de 5 a 7 de dezembro, com o&nbsp;<strong>GP de Abu Dhabi<\/strong>, 24\u00aa etapa da temporada 2025. O&nbsp;<strong>GRANDE PR\u00caMIO<\/strong>&nbsp;acompanha todas as atividades<a href=\"https:\/\/www.grandepremio.com\/br\/ao-vivo\/f1\/\">&nbsp;<strong>AO VIVO E EM&nbsp;<\/strong><\/a><strong><a href=\"https:\/\/www.grandepremio.com\/br\/ao-vivo\/\" target=\"_blank\" rel=\"noreferrer noopener\">TEMPO REAL<\/a><\/strong>,&nbsp;<a href=\"https:\/\/www.youtube.com\/@GrandePremio1\/streams\">al\u00e9m de classifica\u00e7\u00e3o e corrida em&nbsp;<strong>SEGUNDA TELA&nbsp;<\/strong>no YouTube<\/a>, em parceria com a&nbsp;<strong>Voz do Esporte<\/strong>. O&nbsp;<strong>Briefing&nbsp;<\/strong>chega para analisar ap\u00f3s o fim de cada dia de atividades nas redes sociais e na&nbsp;<strong>GPTV<\/strong>.<\/p>\n\n\n\n<p class=\"wp-block-paragraph\">Al\u00e9m da cobertura tradicional, o<strong>&nbsp;GRANDE PR\u00caMIO<\/strong>&nbsp;estar\u00e1&nbsp;<strong>IN LOCO<\/strong>&nbsp;em&nbsp;<strong><a href=\"https:\/\/www.grandepremio.com\/br\/circuito\/yas-marina\/\" target=\"_blank\" rel=\"noreferrer noopener\"><\/a><a href=\"https:\/\/www.grandepremio.com\/br\/circuito\/yas-marina\/\" target=\"_blank\" rel=\"noreferrer noopener\"><\/a><a href=\"https:\/\/www.grandepremio.com\/br\/circuito\/yas-marina\/\" target=\"_blank\" rel=\"noreferrer noopener\"><\/a><a href=\"https:\/\/www.grandepremio.com\/br\/circuito\/yas-marina\/\" target=\"_blank\" rel=\"noreferrer noopener\"><\/a><a href=\"https:\/\/www.grandepremio.com\/br\/circuito\/yas-marina\/\" target=\"_blank\" rel=\"noreferrer noopener\"><\/a><a href=\"https:\/\/www.grandepremio.com\/br\/circuito\/yas-marina\/\" target=\"_blank\" rel=\"noreferrer noopener\">Yas Marina<\/a><\/strong>&nbsp;para acompanhar todas as emo\u00e7\u00f5es da etapa com o rep\u00f3rter&nbsp;<strong>Leonid Kliuev<\/strong>.<\/p>\n\n\n\n<p class=\"wp-block-paragraph\"><strong>GP de Abu Dhabi de F1: veja os hor\u00e1rios em Brasil, Cabo Verde,&nbsp;<a href=\"https:\/\/grandepremio.pt\/\" target=\"_blank\" rel=\"noreferrer noopener\">Portugal<\/a>, Angola e Mo\u00e7ambique:<\/strong><\/p>\n\n\n\n<figure class=\"wp-block-table\"><table class=\"has-fixed-layout\"><tbody><tr><td><strong>Sess\u00e3o<\/strong><\/td><td><strong>BRA*<\/strong><\/td><td><strong>CBV<\/strong><\/td><td><strong>POR<\/strong><br><strong>ANG<\/strong><\/td><td><strong>MOZ<\/strong><\/td><\/tr><tr><td>Treino livre 1<\/td><td>06:30<\/td><td>08:30<\/td><td>10:30<\/td><td>11:30<\/td><\/tr><tr><td>Treino livre 2<\/td><td>10:00<\/td><td>12:00<\/td><td>14:00<\/td><td>15:00<\/td><\/tr><tr><td>Treino livre 3<\/td><td>07:30<\/td><td>09:30<\/td><td>11:30<\/td><td>12:30<\/td><\/tr><tr><td>Classifica\u00e7\u00e3o<\/td><td>11:00<\/td><td>13:00<\/td><td>15:00<\/td><td>16:00<\/td><\/tr><tr><td>Corrida<\/td><td>10:00<\/td><td>12:00<\/td><td>14:30<\/td><td>15:00<\/td><\/tr><\/tbody><\/table><\/figure>\n\n\n\n<p class=\"wp-block-paragraph\"><em>*Hor\u00e1rio de Bras\u00edlia<\/em><\/p>\n\n\n\n<p class=\"wp-block-paragraph\"><strong>\u25b6\ufe0f<\/strong>\u00a0<strong>F1: faltam quantas corridas?\u00a0<a href=\"https:\/\/www.grandepremio.com\/br\/f1\/calendario\/\" target=\"_blank\" rel=\"noreferrer noopener\">Veja o calend\u00e1rio da F1<\/a><\/strong><br>\u25b6\ufe0f\u00a0<strong>Inscreva-se nos dois canais do GRANDE PR\u00caMIO no YouTube:\u00a0<a href=\"https:\/\/www.youtube.com\/channel\/UC9OlHEgxoaY6QY6nWPoiqQg?sub_confirmation=1\" target=\"_blank\" rel=\"noreferrer noopener\">GP<\/a>\u00a0|\u00a0<a href=\"https:\/\/www.youtube.com\/channel\/UC9csiS6q_C3C0FYhyr1rnFA?sub_confirmation=1\" target=\"_blank\" rel=\"noreferrer noopener\">GP2<\/a><\/strong><\/p>\n\n\n\n<figure class=\"wp-block-embed is-type-video is-provider-youtube wp-block-embed-youtube wp-embed-aspect-16-9 wp-has-aspect-ratio\"><div class=\"wp-block-embed__wrapper\">\n<iframe loading=\"lazy\" title=\"VERSTAPPEN VENCE NA BURRICE DA McLAREN E PODE SER CAMPE\u00c3O: CLASSIFICA\u00c7\u00c2O da  F1 no CATAR | BRIEFING\" width=\"500\" height=\"281\" src=\"https:\/\/www.youtube.com\/embed\/CVobLjDKCv4?feature=oembed\" frameborder=\"0\" allow=\"accelerometer; autoplay; clipboard-write; encrypted-media; gyroscope; picture-in-picture; web-share\" referrerpolicy=\"strict-origin-when-cross-origin\" allowfullscreen><\/iframe>\n<\/div><\/figure>\n","protected":false},"excerpt":{"rendered":"<p>Isack Hadjar fazia bom fim de semana e caminhava para pontuar no GP do Catar quando um detrito de carro prendeu embaixo do carro da Racing Bulls e for\u00e7ou abandono a duas voltas para fim da prova<\/p>\n","protected":false},"author":0,"featured_media":1001039216,"comment_status":"closed","ping_status":"closed","sticky":false,"template":"","format":"standard","meta":{"42wp_featured_image_caption":"","42wp_featured_image_credits":"","42wp_featured_video":"","42wp_featured_image_hidden":false,"42wp_authors_list":[],"footnotes":""},"categories":[2],"tags":[26271,1113,5273,147,3630,180,3628,600,41740,1491,28285,30840,28104,31014,43265,36668,35129,38179,42001],"42wp_author":[47164],"class_list":["post-14404","post","type-post","status-publish","format-standard","has-post-thumbnail","hentry","category-f1","tag-calendario-f1","tag-catar","tag-classificacao-f1","tag-f1","tag-f1-2025","tag-formula-1","tag-formula-1-2025","tag-gp-do-catar","tag-gp-do-catar-f1","tag-grande-premio","tag-grandepremio","tag-horarios-f1","tag-isack-hadjar","tag-lusail","tag-lusail-2025","tag-lusail-f1","tag-onde-assistir-f1","tag-racing-bulls","tag-temporada-2025-f1","42wp_author-marcos-gil-ribeiro"],"_links":{"self":[{"href":"https:\/\/grandepremio.com\/br\/wp-json\/wp\/v2\/posts\/14404","targetHints":{"allow":["GET"]}}],"collection":[{"href":"https:\/\/grandepremio.com\/br\/wp-json\/wp\/v2\/posts"}],"about":[{"href":"https:\/\/grandepremio.com\/br\/wp-json\/wp\/v2\/types\/post"}],"replies":[{"embeddable":true,"href":"https:\/\/grandepremio.com\/br\/wp-json\/wp\/v2\/comments?post=14404"}],"version-history":[{"count":0,"href":"https:\/\/grandepremio.com\/br\/wp-json\/wp\/v2\/posts\/14404\/revisions"}],"wp:featuredmedia":[{"embeddable":true,"href":"https:\/\/grandepremio.com\/br\/wp-json\/wp\/v2\/media\/1001039216"}],"wp:attachment":[{"href":"https:\/\/grandepremio.com\/br\/wp-json\/wp\/v2\/media?parent=14404"}],"wp:term":[{"taxonomy":"category","embeddable":true,"href":"https:\/\/grandepremio.com\/br\/wp-json\/wp\/v2\/categories?post=14404"},{"taxonomy":"post_tag","embeddable":true,"href":"https:\/\/grandepremio.com\/br\/wp-json\/wp\/v2\/tags?post=14404"},{"taxonomy":"42wp_author","embeddable":true,"href":"https:\/\/grandepremio.com\/br\/wp-json\/wp\/v2\/42wp_author?post=14404"}],"curies":[{"name":"wp","href":"https:\/\/api.w.org\/{rel}","templated":true}]}}