{"id":14410,"date":"2025-12-01T10:07:39","date_gmt":"2025-12-01T13:07:39","guid":{"rendered":"https:\/\/grandepremio.com\/br\/noticias\/lewis-hamilton-muda-tom-diz-manter-fe-virada-ferrari-so-tem-de-por-pratica\/"},"modified":"2025-12-01T13:21:38","modified_gmt":"2025-12-01T16:21:38","slug":"lewis-hamilton-muda-tom-diz-manter-fe-virada-ferrari-so-tem-de-por-pratica","status":"publish","type":"post","link":"https:\/\/grandepremio.com\/br\/f1\/lewis-hamilton-muda-tom-diz-manter-fe-virada-ferrari-so-tem-de-por-pratica\/","title":{"rendered":"Hamilton muda tom e diz manter f\u00e9 em virada da Ferrari: &#8220;S\u00f3 tem de p\u00f4r em pr\u00e1tica&#8221;"},"content":{"rendered":"\n<p class=\"wp-block-paragraph\"><strong>Lewis Hamilton<\/strong> fechou o <strong>GP do Catar<\/strong> da <strong><a href=\"https:\/\/www.grandepremio.com\/br\/f1\/\">F\u00f3rmula 1<\/a><\/strong> lamentando mais um fim de semana abaixo das expectativas com a <strong>Ferrari<\/strong> e fez um apelo importante para o futuro com o time de <strong>Maranello<\/strong>.<\/p>\n\n\n\n<p class=\"wp-block-paragraph\">Depois de finalizar a corrida em <strong>12\u00ba lugar<\/strong>, fora da zona de pontua\u00e7\u00e3o, o heptacampe\u00e3o mundial voltou a apontar que vive ano mais dif\u00edcil da carreira na F1, mas manteve f\u00e9 na recupera\u00e7\u00e3o e pediu que a equipe fa\u00e7a altera\u00e7\u00f5es necess\u00e1rias para melhorar o desempenho geral na \u00faltima corrida da temporada e, claro, na pr\u00f3xima temporada \u2014 quando o novo regulamento da categoria passa a valer.<\/p>\n\n\n\n<p class=\"wp-block-paragraph\">&#8220;Definitivamente, foi o ano mais desafiador da minha carreira, tanto dentro quanto fora do carro&#8221;, refletiu Hamilton \u00e0 <em>Sky Sports<\/em>. &#8220;Tenho muitas anota\u00e7\u00f5es sobre coisas que precisamos melhorar&#8221;, acrescentou.<\/p>\n\n\n\n<p class=\"wp-block-paragraph\">Lewis disse que fez uma apura\u00e7\u00e3o pr\u00f3pria, apontando \u00e1reas onde a Ferrari deve priorizar e como precisa fazer o trabalho para evoluir de maneira geral. Por fim, o piloto disse que &#8220;n\u00e3o h\u00e1 raz\u00e3o para n\u00e3o corrigir&#8221; o que est\u00e1 errado no m\u00e9todo de trabalho abordado atualmente pela equipe comandada por <strong>Fr\u00e9d\u00e9ric Vasseur<\/strong>.<\/p>\n\n\n\n<figure class=\"wp-block-image size-large\"><img decoding=\"async\" src=\"https:\/\/www.grandepremio.com\/br\/wp-content\/uploads\/2025\/11\/catar-2025-f1-corrida-ferrari-lewis-hamilton-03-1200x800.jpg\" alt=\"\" class=\"wp-image-1039189\"\/><figcaption class=\"wp-element-caption\">Lewis Hamilton (Foto: Ferrari)<\/figcaption><\/figure>\n\n\n\n<p class=\"wp-block-paragraph\">\u25b6\ufe0f\u00a0<strong>Inscreva-se nos dois canais do GRANDE PR\u00caMIO no YouTube:\u00a0<a href=\"https:\/\/www.youtube.com\/channel\/UC9OlHEgxoaY6QY6nWPoiqQg?sub_confirmation=1\" target=\"_blank\" rel=\"noreferrer noopener\">GP<\/a>\u00a0|\u00a0<a href=\"https:\/\/www.youtube.com\/channel\/UC9csiS6q_C3C0FYhyr1rnFA?sub_confirmation=1\" target=\"_blank\" rel=\"noreferrer noopener\">GP2<\/a><\/strong><\/p>\n\n\n\n<p class=\"wp-block-paragraph\">&#8220;O tempo dir\u00e1 se vamos agir sobre essas coisas, se vamos manter o que \u00e9 bom e mudar o que n\u00e3o \u00e9 \u2014 e h\u00e1 muitas coisas assim. Mas n\u00e3o h\u00e1 literalmente nenhuma raz\u00e3o para n\u00e3o conseguirmos corrigir isso. S\u00f3 precisamos colocar isso em pr\u00e1tica. Estou esperan\u00e7oso de que vamos progredir&#8221;, concluiu Hamilton.<\/p>\n\n\n\n<p class=\"wp-block-paragraph\">A&nbsp;<strong><a href=\"https:\/\/www.grandepremio.com\/br\/f1\/\" target=\"_blank\" rel=\"noreferrer noopener\"><\/a><a href=\"https:\/\/www.grandepremio.com\/br\/f1\/\" target=\"_blank\" rel=\"noreferrer noopener\">F\u00f3rmula 1<\/a><\/strong>&nbsp;retorna neste fim de semana, de 5 a 7 de dezembro, com o&nbsp;<strong>GP de Abu Dhabi<\/strong>, 24\u00aa etapa da temporada 2025. O&nbsp;<strong>GRANDE PR\u00caMIO<\/strong>&nbsp;acompanha todas as atividades<a href=\"https:\/\/www.grandepremio.com\/br\/ao-vivo\/f1\/\">&nbsp;<strong>AO VIVO E EM&nbsp;<\/strong><\/a><strong><a href=\"https:\/\/www.grandepremio.com\/br\/ao-vivo\/\" target=\"_blank\" rel=\"noreferrer noopener\">TEMPO REAL<\/a><\/strong>,&nbsp;<a href=\"https:\/\/www.youtube.com\/@GrandePremio1\/streams\">al\u00e9m de classifica\u00e7\u00e3o e corrida em&nbsp;<strong>SEGUNDA TELA&nbsp;<\/strong>no YouTube<\/a>, em parceria com a&nbsp;<strong>Voz do Esporte<\/strong>. O&nbsp;<strong>Briefing&nbsp;<\/strong>chega para analisar ap\u00f3s o fim de cada dia de atividades nas redes sociais e na&nbsp;<strong>GPTV<\/strong>. Al\u00e9m da cobertura tradicional, o<strong>&nbsp;GRANDE PR\u00caMIO<\/strong>&nbsp;estar\u00e1&nbsp;<strong>IN LOCO<\/strong>&nbsp;em&nbsp;<strong><a href=\"https:\/\/www.grandepremio.com\/br\/circuito\/yas-marina\/\" target=\"_blank\" rel=\"noreferrer noopener\"><\/a><a href=\"https:\/\/www.grandepremio.com\/br\/circuito\/yas-marina\/\" target=\"_blank\" rel=\"noreferrer noopener\"><\/a><a href=\"https:\/\/www.grandepremio.com\/br\/circuito\/yas-marina\/\" target=\"_blank\" rel=\"noreferrer noopener\"><\/a><a href=\"https:\/\/www.grandepremio.com\/br\/circuito\/yas-marina\/\" target=\"_blank\" rel=\"noreferrer noopener\"><\/a><a href=\"https:\/\/www.grandepremio.com\/br\/circuito\/yas-marina\/\" target=\"_blank\" rel=\"noreferrer noopener\">Yas Marina<\/a><\/strong>&nbsp;para acompanhar todas as emo\u00e7\u00f5es da etapa com o rep\u00f3rter&nbsp;<strong>Leonid Kliuev<\/strong>.<\/p>\n\n\n\n<p class=\"wp-block-paragraph\"><strong>GP de Abu Dhabi de F1: veja os hor\u00e1rios em Brasil, Cabo Verde,&nbsp;<a href=\"https:\/\/grandepremio.pt\/\" target=\"_blank\" rel=\"noreferrer noopener\">Portugal<\/a>, Angola e Mo\u00e7ambique:<\/strong><\/p>\n\n\n\n<figure class=\"wp-block-table\"><table class=\"has-fixed-layout\"><tbody><tr><td><strong>Sess\u00e3o<\/strong><\/td><td><strong>BRA*<\/strong><\/td><td><strong>CBV<\/strong><\/td><td><strong>POR<\/strong><br><strong>ANG<\/strong><\/td><td><strong>MOZ<\/strong>+5<\/td><\/tr><tr><td>Treino livre 1<\/td><td>6:30<\/td><td>8:30<\/td><td>10:30<\/td><td>11:30<\/td><\/tr><tr><td>Treino livre 2<\/td><td>10:00<\/td><td>12:00<\/td><td>14:00<\/td><td>15:00<\/td><\/tr><tr><td>Treino livre 3<\/td><td>7:30<\/td><td>9:30<\/td><td>11:30<\/td><td>12:30<\/td><\/tr><tr><td>Classifica\u00e7\u00e3o<\/td><td>11:00<\/td><td>13:00<\/td><td>15:00<\/td><td>16:00<\/td><\/tr><tr><td>Corrida<\/td><td>10:00<\/td><td>12:00<\/td><td>14:30<\/td><td>15:00<\/td><\/tr><\/tbody><\/table><\/figure>\n\n\n\n<p class=\"wp-block-paragraph\"><em>*Hor\u00e1rio de Bras\u00edlia<\/em><\/p>\n\n\n\n<figure class=\"wp-block-embed is-type-video is-provider-youtube wp-block-embed-youtube wp-embed-aspect-16-9 wp-has-aspect-ratio\"><div class=\"wp-block-embed__wrapper\">\n<iframe loading=\"lazy\" title=\"VERSTAPPEN VENCE NA BURRICE DA McLAREN E PODE SER CAMPE\u00c3O: CLASSIFICA\u00c7\u00c2O da  F1 no CATAR | BRIEFING\" width=\"500\" height=\"281\" src=\"https:\/\/www.youtube.com\/embed\/CVobLjDKCv4?feature=oembed\" frameborder=\"0\" allow=\"accelerometer; autoplay; clipboard-write; encrypted-media; gyroscope; picture-in-picture; web-share\" referrerpolicy=\"strict-origin-when-cross-origin\" allowfullscreen><\/iframe>\n<\/div><\/figure>\n","protected":false},"excerpt":{"rendered":"<p>Frustrado com mais um fim de semana ruim na temporada 2025 da F\u00f3rmula 1, Lewis Hamilton disse que tem &#8220;muitas anota\u00e7\u00f5es&#8221; sobre coisas que Ferrari precisa melhorar. Heptacampe\u00e3o mundial pediu que equipe italiana fa\u00e7a ajustes para evoluir<\/p>\n","protected":false},"author":0,"featured_media":1001038302,"comment_status":"closed","ping_status":"closed","sticky":false,"template":"","format":"standard","meta":{"42wp_featured_image_caption":"","42wp_featured_image_credits":"","42wp_featured_video":"","42wp_featured_image_hidden":false,"42wp_authors_list":[],"footnotes":""},"categories":[2],"tags":[26271,5273,147,3630,29516,207,180,3628,31425,600,1491,28285,30840,87,31014,43265,35129,42001,31470],"42wp_author":[47161],"class_list":["post-14410","post","type-post","status-publish","format-standard","has-post-thumbnail","hentry","category-f1","tag-calendario-f1","tag-classificacao-f1","tag-f1","tag-f1-2025","tag-f1-2026","tag-ferrari","tag-formula-1","tag-formula-1-2025","tag-formula-1-2026","tag-gp-do-catar","tag-grande-premio","tag-grandepremio","tag-horarios-f1","tag-lewis-hamilton","tag-lusail","tag-lusail-2025","tag-onde-assistir-f1","tag-temporada-2025-f1","tag-temporada-2026-f1","42wp_author-kaio-esteves"],"_links":{"self":[{"href":"https:\/\/grandepremio.com\/br\/wp-json\/wp\/v2\/posts\/14410","targetHints":{"allow":["GET"]}}],"collection":[{"href":"https:\/\/grandepremio.com\/br\/wp-json\/wp\/v2\/posts"}],"about":[{"href":"https:\/\/grandepremio.com\/br\/wp-json\/wp\/v2\/types\/post"}],"replies":[{"embeddable":true,"href":"https:\/\/grandepremio.com\/br\/wp-json\/wp\/v2\/comments?post=14410"}],"version-history":[{"count":0,"href":"https:\/\/grandepremio.com\/br\/wp-json\/wp\/v2\/posts\/14410\/revisions"}],"wp:featuredmedia":[{"embeddable":true,"href":"https:\/\/grandepremio.com\/br\/wp-json\/wp\/v2\/media\/1001038302"}],"wp:attachment":[{"href":"https:\/\/grandepremio.com\/br\/wp-json\/wp\/v2\/media?parent=14410"}],"wp:term":[{"taxonomy":"category","embeddable":true,"href":"https:\/\/grandepremio.com\/br\/wp-json\/wp\/v2\/categories?post=14410"},{"taxonomy":"post_tag","embeddable":true,"href":"https:\/\/grandepremio.com\/br\/wp-json\/wp\/v2\/tags?post=14410"},{"taxonomy":"42wp_author","embeddable":true,"href":"https:\/\/grandepremio.com\/br\/wp-json\/wp\/v2\/42wp_author?post=14410"}],"curies":[{"name":"wp","href":"https:\/\/api.w.org\/{rel}","templated":true}]}}