{"id":144105,"date":"2026-06-25T19:38:56","date_gmt":"2026-06-25T22:38:56","guid":{"rendered":"https:\/\/grandepremio.com\/br\/?p=144105"},"modified":"2026-06-25T19:43:22","modified_gmt":"2026-06-25T22:43:22","slug":"ferrari-51-lidera-1a-classificacao-24h-spa-apos-punicao-mercedes-17","status":"publish","type":"post","link":"https:\/\/grandepremio.com\/br\/endurance\/ferrari-51-lidera-1a-classificacao-24h-spa-apos-punicao-mercedes-17\/","title":{"rendered":"Ferrari #51 lidera 1\u00aa classifica\u00e7\u00e3o das 24H de Spa ap\u00f3s puni\u00e7\u00e3o ao Mercedes #17"},"content":{"rendered":"\n<p class=\"wp-block-paragraph\">O <strong>Mercedes #17<\/strong> de <strong>Maxime Martin<\/strong>, <strong>Maximilian G\u00f6tz<\/strong> e <strong>Fabian Schiller<\/strong> at\u00e9 anotou o tempo mais r\u00e1pido da classifica\u00e7\u00e3o das <strong>24 Horas de Spa<\/strong>, nesta quinta-feira (25), mas viu todas as voltas serem deletadas ap\u00f3s o fim da atividade por causa dos ajustes feitos ilegalmente pela equipe <strong>GetSpeed<\/strong> na traseira do carro. Desta forma, a <strong>Ferrari #51<\/strong> da <strong>AF Corse<\/strong>, guiada por <strong>Alessio Rovera<\/strong>, <strong>Nicklas Nielsen<\/strong> e <strong>Tommaso Mosca<\/strong>, herdou a primeira posi\u00e7\u00e3o ao anotar 2min17s038 no cron\u00f4metro.<\/p>\n\n\n\n<p class=\"wp-block-paragraph\">A <strong>Porsche<\/strong> completou o top-3 com <strong>#80<\/strong> de <strong>Bastian Buus<\/strong>, <strong>Thomas Preining<\/strong> e <strong>Ricardo Feller<\/strong>, que anotou 2min17s108, apenas 0s04 mais lento que os l\u00edderes, e o <strong>#2<\/strong> de <strong>Morris Schuring<\/strong>, <strong>Dorian Boccolacci<\/strong> e <strong>Alessio Picariello<\/strong>. A lista dos quatro primeiros colocados contou ainda com o <strong>Ferrari #50<\/strong>, do trio <strong>Lilou Wadoux<\/strong>, <strong>Arthur Leclerc<\/strong> e <strong>Sean Gelael<\/strong>.<\/p>\n\n\n\n<figure class=\"wp-block-embed is-type-video is-provider-youtube wp-block-embed-youtube wp-embed-aspect-16-9 wp-has-aspect-ratio\"><div class=\"wp-block-embed__wrapper\">\n<iframe loading=\"lazy\" title=\"24H DE SPA-FRANCORCHAMPS | CLASSIFICA\u00c7\u00c3O COMPLETO E COM IMAGENS | GTWC 2026 [copa do mundo]\" width=\"500\" height=\"281\" src=\"https:\/\/www.youtube.com\/embed\/d2UYcEiPDOc?feature=oembed\" frameborder=\"0\" allow=\"accelerometer; autoplay; clipboard-write; encrypted-media; gyroscope; picture-in-picture; web-share\" referrerpolicy=\"strict-origin-when-cross-origin\" allowfullscreen><\/iframe>\n<\/div><\/figure>\n\n\n\n<p class=\"wp-block-paragraph\"><strong>Lucas Auer<\/strong>, <strong>Luca Strolz<\/strong> e <strong>Maro Engel<\/strong> terminaram na quinta coloca\u00e7\u00e3o, com o <strong>Mercedes #48<\/strong>, enquanto o <strong>McLaren #59<\/strong> de <strong>Joseph Loake<\/strong>, <strong>Dean Macdonald<\/strong> e <strong>Marvin Kirchh\u00f6fer<\/strong> ficou em sexto. A s\u00e9tima posi\u00e7\u00e3o ficou com o <strong>Mercedes #3<\/strong> da <strong>Verstappen Racing<\/strong>, guiado por <strong>Daniel Juncadella<\/strong>, <strong>Chris Lulham<\/strong> e <strong>Jules Gounon<\/strong>, acompanhado pelo <strong>Aston Martin #7<\/strong>, de <strong>Aleksei Nesov<\/strong>, <strong>Alex Malykhin<\/strong>, <strong>Max Hofer<\/strong> e <strong>Enzo Trulli<\/strong>, o <strong>McLaren #58<\/strong>, de <strong>Thomas Fleming<\/strong>, <strong>Louis Prette<\/strong> e <strong>Benjamin Goethe<\/strong>, e o <strong>Audi #99<\/strong>, de <strong>Dylan Pereira<\/strong>, <strong>Andrea Frassineti<\/strong> e <strong>Alex Aka<\/strong>, entre os dez primeiros.<\/p>\n\n\n\n<p class=\"wp-block-paragraph\">Vale lembrar que a edi\u00e7\u00e3o 2026 das 24 Horas de Spa conta com uma novidade na classifica\u00e7\u00e3o, tudo com o intuito de reduzir o tr\u00e1fego na pista. Agora, os 32 mais r\u00e1pidos desta quinta-feira (25) participar\u00e3o da Superpole na sexta-feira, onde os 16 mais lentos ser\u00e3o eliminados ap\u00f3s 10 minutos. Os que restarem v\u00e3o competir em uma sess\u00e3o de 7 minutos, com mais oito ficando pelo caminho e os demais participando de outra fase de 7 minutos, determinando os quatro mais r\u00e1pidos. Estes, por sua vez, partem para a disputa da pole, com apenas uma volta lan\u00e7ada para cada.<\/p>\n\n\n\n<p class=\"wp-block-paragraph\">O\u00a0<strong>GRANDE PR\u00caMIO<\/strong>\u00a0transmite com exclusividade para o Brasil a edi\u00e7\u00e3o completa das 24 Horas de Spa nas plataformas digitais e na\u00a0<strong>GPTV<\/strong>. As atividades come\u00e7aram no dia\u00a0<strong>24 de junho<\/strong>\u00a0e se estendem at\u00e9 o dia\u00a0<strong>28<\/strong>, que prev\u00ea o encerramento da corrida.<\/p>\n\n\n\n<p class=\"wp-block-paragraph\">\u25b6\ufe0f\u00a0<strong>Inscreva-se nos dois canais do GRANDE PR\u00caMIO no YouTube:\u00a0<a href=\"https:\/\/www.youtube.com\/channel\/UC9OlHEgxoaY6QY6nWPoiqQg?sub_confirmation=1\">GP<\/a>\u00a0|\u00a0<a href=\"https:\/\/www.youtube.com\/channel\/UC9csiS6q_C3C0FYhyr1rnFA?sub_confirmation=1\">GPTV<\/a><\/strong><\/p>\n","protected":false},"excerpt":{"rendered":"<p>A classifica\u00e7\u00e3o desta quinta-feira (25) definiu os 32 carros mais r\u00e1pidos, que agora v\u00e3o disputar a Superpole e definir a ordem de largada das 24 Horas de Spa<\/p>\n","protected":false},"author":19,"featured_media":1020307364,"comment_status":"closed","ping_status":"closed","sticky":false,"template":"","format":"standard","meta":{"42wp_featured_image_caption":"ferrari-51-24h-spa","42wp_featured_image_credits":"","42wp_featured_video":"","42wp_featured_image_hidden":false,"42wp_authors_list":[],"footnotes":""},"categories":[18],"tags":[5660,969,427],"42wp_author":[47160],"class_list":["post-144105","post","type-post","status-publish","format-standard","has-post-thumbnail","hentry","category-endurance","tag-classificacao","tag-corrida","tag-endurance","42wp_author-vicente-soella"],"_links":{"self":[{"href":"https:\/\/grandepremio.com\/br\/wp-json\/wp\/v2\/posts\/144105","targetHints":{"allow":["GET"]}}],"collection":[{"href":"https:\/\/grandepremio.com\/br\/wp-json\/wp\/v2\/posts"}],"about":[{"href":"https:\/\/grandepremio.com\/br\/wp-json\/wp\/v2\/types\/post"}],"author":[{"embeddable":true,"href":"https:\/\/grandepremio.com\/br\/wp-json\/wp\/v2\/users\/19"}],"replies":[{"embeddable":true,"href":"https:\/\/grandepremio.com\/br\/wp-json\/wp\/v2\/comments?post=144105"}],"version-history":[{"count":8,"href":"https:\/\/grandepremio.com\/br\/wp-json\/wp\/v2\/posts\/144105\/revisions"}],"predecessor-version":[{"id":144144,"href":"https:\/\/grandepremio.com\/br\/wp-json\/wp\/v2\/posts\/144105\/revisions\/144144"}],"wp:featuredmedia":[{"embeddable":true,"href":"https:\/\/grandepremio.com\/br\/wp-json\/wp\/v2\/media\/1020307364"}],"wp:attachment":[{"href":"https:\/\/grandepremio.com\/br\/wp-json\/wp\/v2\/media?parent=144105"}],"wp:term":[{"taxonomy":"category","embeddable":true,"href":"https:\/\/grandepremio.com\/br\/wp-json\/wp\/v2\/categories?post=144105"},{"taxonomy":"post_tag","embeddable":true,"href":"https:\/\/grandepremio.com\/br\/wp-json\/wp\/v2\/tags?post=144105"},{"taxonomy":"42wp_author","embeddable":true,"href":"https:\/\/grandepremio.com\/br\/wp-json\/wp\/v2\/42wp_author?post=144105"}],"curies":[{"name":"wp","href":"https:\/\/api.w.org\/{rel}","templated":true}]}}