{"id":144287,"date":"2026-06-26T10:58:11","date_gmt":"2026-06-26T13:58:11","guid":{"rendered":"https:\/\/grandepremio.com\/br\/?p=144287"},"modified":"2026-06-26T10:58:44","modified_gmt":"2026-06-26T13:58:44","slug":"mercedes-puxa-fila-mudancas-motor-gp-austria-f1","status":"publish","type":"post","link":"https:\/\/grandepremio.com\/br\/f1\/mercedes-puxa-fila-mudancas-motor-gp-austria-f1\/","title":{"rendered":"Mercedes puxa fila de mudan\u00e7as no motor para GP da \u00c1ustria de F1"},"content":{"rendered":"\n<p class=\"wp-block-paragraph\">Como adiantado na quinta-feira (25) tanto por <strong>Andrea Kimi Antonelli <\/strong>quanto por <strong>Toto Wolff<\/strong>, a <strong>Mercedes <\/strong>foi para o treino livre 1 do <strong>GP da \u00c1ustria<\/strong> com os dois carros equipados com motores novos. O foco principal do time de Brackley \u00e9 solucionar os atuais problemas de confiabilidade que j\u00e1 ocasionaram abandonos de ambos os pilotos na temporada, al\u00e9m de problemas tamb\u00e9m para as equipes clientes.<\/p>\n\n\n\n<p class=\"wp-block-paragraph\">Antonelli e Russell mexeram em praticamente todos os elementos da unidade de pot\u00eancia, mantendo somente o<strong> MGU-K <\/strong>sem modifica\u00e7\u00f5es. Os dois, portanto, disputam a oitava etapa da temporada com novos <strong>motor a combust\u00e3o<\/strong> (<strong>ICE<\/strong>), <strong>turbocompressor <\/strong>(<strong>TC<\/strong>), <strong>bateria <\/strong>(<strong>ES<\/strong>), <strong>central eletr\u00f4nica<\/strong> (<strong>CE<\/strong>), <strong>componente auxiliar <\/strong>(<strong>AC<\/strong>) e <strong>escapamento <\/strong>(<strong>EX<\/strong>). Todas as substitui\u00e7\u00f5es est\u00e3o dentro do limite de novos permitidos pelo regulamento.<\/p>\n\n\n\n<figure class=\"wp-block-embed is-type-video is-provider-youtube wp-block-embed-youtube wp-embed-aspect-16-9 wp-has-aspect-ratio\"><div class=\"wp-block-embed__wrapper\">\n<iframe loading=\"lazy\" title=\"F1 QUENTE NA \u00c1USTRIA: DAS ORDENS DA MERCEDES A BEN SULAYEM PARA SEMPRE | WGP\" width=\"500\" height=\"281\" src=\"https:\/\/www.youtube.com\/embed\/tTmJmLLBXQU?feature=oembed\" frameborder=\"0\" allow=\"accelerometer; autoplay; clipboard-write; encrypted-media; gyroscope; picture-in-picture; web-share\" referrerpolicy=\"strict-origin-when-cross-origin\" allowfullscreen><\/iframe>\n<\/div><\/figure>\n\n\n\n<p class=\"wp-block-paragraph\">Mudan\u00e7a quase completa tamb\u00e9m na <strong>Ferrari<\/strong>, que manteve o escapamento dos carros de <strong>Charles Leclerc <\/strong>e <strong>Lewis Hamilton<\/strong>, mas introduziu novos motor a combust\u00e3o, turbocompressor, MGH-K, bateria, central eletr\u00f4nica e componente auxiliar. Vale destacar que os italianos levaram para a etapa a primeira atualiza\u00e7\u00e3o do motor j\u00e1 de acordo com as regras do <strong>ADUO <\/strong>(sigla em ingl\u00eas para <strong>Oportunidades Adicionais de Desenvolvimento e Atualiza\u00e7\u00e3o<\/strong>).<\/p>\n\n\n\n<p class=\"wp-block-paragraph\">A <strong>McLaren <\/strong>modificou toda a parte el\u00e9trica do carro de <strong>Oscar Piastri<\/strong>. Na <strong>Red Bull<\/strong>, <strong>Max Verstappen<\/strong> conta com bateria e controle eletr\u00f4nico novos, enquanto o carro de<strong> Isack Hadjar<\/strong> tem um novo ICE, turbocompressor, escapamento e componente auxiliar. J\u00e1 a irm\u00e3 <strong>Racing Bulls <\/strong>trocou o MGU-K dos carros de <strong>Arvid Lindblad<\/strong> e <strong>Liam Lawson<\/strong>, al\u00e9m de bateria e central eletr\u00f4nica.<\/p>\n\n\n\n<p class=\"wp-block-paragraph\">Os carros da <strong>Aston Martin <\/strong>foram \u00e0 pista com novo motor de combust\u00e3o interna e turbo, sendo que <strong>Lance Stroll<\/strong> tamb\u00e9m trocou escapamento, controle eletr\u00f4nico e componente auxiliar. Os dois \u00faltimos elementos tamb\u00e9m foram as mudan\u00e7as feitas pela <strong>Alpine<\/strong>, al\u00e9m da bateria de <strong>Pierre Gasly<\/strong> e <strong>Franco Colapinto<\/strong>.<\/p>\n\n\n\n<figure class=\"wp-block-image size-large\"><img loading=\"lazy\" decoding=\"async\" width=\"1024\" height=\"576\" src=\"https:\/\/grandepremio.com\/br\/wp-content\/uploads\/2026\/06\/f1-2026-austria-treino-livre-ferrari-charles-leclerc-01-1-1024x576.jpg\" alt=\"F1 2026, AUSTRIA, TREILO LIVRE, FERRARI, DINO BEGANOVIC, CARRO\" class=\"wp-image-1020307415\" srcset=\"https:\/\/grandepremio.com\/wp-content\/uploads\/2026\/06\/f1-2026-austria-treino-livre-ferrari-charles-leclerc-01-1-1024x576.jpg 1024w, https:\/\/grandepremio.com\/wp-content\/uploads\/2026\/06\/f1-2026-austria-treino-livre-ferrari-charles-leclerc-01-1-300x169.jpg 300w, https:\/\/grandepremio.com\/wp-content\/uploads\/2026\/06\/f1-2026-austria-treino-livre-ferrari-charles-leclerc-01-1-768x432.jpg 768w, https:\/\/grandepremio.com\/wp-content\/uploads\/2026\/06\/f1-2026-austria-treino-livre-ferrari-charles-leclerc-01-1-1536x864.jpg 1536w, https:\/\/grandepremio.com\/wp-content\/uploads\/2026\/06\/f1-2026-austria-treino-livre-ferrari-charles-leclerc-01-1-1200x675.jpg 1200w, https:\/\/grandepremio.com\/wp-content\/uploads\/2026\/06\/f1-2026-austria-treino-livre-ferrari-charles-leclerc-01-1-150x84.jpg 150w, https:\/\/grandepremio.com\/wp-content\/uploads\/2026\/06\/f1-2026-austria-treino-livre-ferrari-charles-leclerc-01-1.jpg 1920w\" sizes=\"(max-width: 1024px) 100vw, 1024px\" \/><figcaption class=\"wp-element-caption\">Dino Beganovic no TL1: Ferrari p\u00f4s pra jogo motor atualizado (Foto: Ferrari)<\/figcaption><\/figure>\n\n\n\n<p class=\"wp-block-paragraph\">Por fim, a <strong>Audi <\/strong>mexeu na bateria e na central eletr\u00f4nica do carro de <strong>Gabriel Bortoleto<\/strong>, assim como a <strong>Haas<\/strong>, enquanto <strong>Nico H\u00fclkenberg <\/strong>tem um novo componente auxiliar. A <strong>Williams <\/strong>tamb\u00e9m trocou o AC de <strong>Carlos Sainz<\/strong>. E <strong>Alexander Albon<\/strong>, por sua vez, tem um novo escapamento no carro.<\/p>\n\n\n\n<p class=\"wp-block-paragraph\">O&nbsp;<strong>GRANDE PR\u00caMIO<\/strong>&nbsp;acompanha todas as atividades do<strong>&nbsp;GP da \u00c1ustria,<\/strong>&nbsp;oitava etapa da temporada 2026,<a href=\"https:\/\/www.grandepremio.com\/br\/ao-vivo\/f1\/\">&nbsp;<strong>AO VIVO E EM&nbsp;<\/strong><\/a><strong><a href=\"https:\/\/www.grandepremio.com\/br\/ao-vivo\/\" target=\"_blank\" rel=\"noreferrer noopener\">TEMPO REAL<\/a><\/strong>,&nbsp;<a href=\"https:\/\/www.youtube.com\/@GrandePremio1\/streams\">al\u00e9m de classifica\u00e7\u00e3o e corrida em&nbsp;<strong>SEGUNDA TELA&nbsp;<\/strong>no YouTube<\/a>, em parceria com a&nbsp;<strong>Voz do Esporte<\/strong>. O&nbsp;<strong>Briefing&nbsp;<\/strong>chega para analisar ap\u00f3s o fim de cada dia de atividades nas redes sociais e na&nbsp;<strong>GPTV<\/strong>.<\/p>\n\n\n\n<p class=\"wp-block-paragraph\">Al\u00e9m da cobertura completa das atividades, o&nbsp;<strong>GRANDE PR\u00caMIO<\/strong>&nbsp;tamb\u00e9m estar\u00e1 in loco em&nbsp;<strong>Spielberg<\/strong>&nbsp;com o rep\u00f3rter&nbsp;<strong>Leonid Kliuev<\/strong>.<\/p>\n\n\n\n<h2 class=\"wp-block-heading\">GP da \u00c1ustria&nbsp;de F1: veja os hor\u00e1rios em Brasil, Cabo Verde,&nbsp;<a href=\"https:\/\/grandepremio.pt\/\" target=\"_blank\" rel=\"noreferrer noopener\"><strong>Portugal<\/strong><\/a>, Angola e Mo\u00e7ambique:<\/h2>\n\n\n\n<figure class=\"wp-block-table\"><table class=\"has-fixed-layout\"><tbody><tr><td><strong>Sess\u00e3o<\/strong><\/td><td><strong>BRA*<\/strong><\/td><td><strong>CBV<\/strong><\/td><td><strong>POR<\/strong><br><strong>ANG<\/strong><\/td><td><strong>MOZ<\/strong><\/td><\/tr><tr><td>Treino livre 2<\/td><td>12:00<\/td><td>14:00<\/td><td>16:00<\/td><td>17:00<\/td><\/tr><tr><td>Treino livre 3<\/td><td>07:30<\/td><td>09:30<\/td><td>11:30<\/td><td>12:30<\/td><\/tr><tr><td>Classifica\u00e7\u00e3o<\/td><td>11:00<\/td><td>13:00<\/td><td>15:00<\/td><td>16:00<\/td><\/tr><tr><td>Corrida<\/td><td>10:00<\/td><td>12:00<\/td><td>14:00<\/td><td>15:00<\/td><\/tr><\/tbody><\/table><\/figure>\n\n\n\n<p class=\"wp-block-paragraph\"><em>*Hor\u00e1rio de Bras\u00edlia<\/em><\/p>\n\n\n\n<p class=\"wp-block-paragraph\">\u25b6\ufe0f\u00a0\u00a0<strong>F1:\u00a0<a href=\"https:\/\/www.grandepremio.com\/br\/f1\/calendario\/\">confira o calend\u00e1rio completo de 2026<\/a><\/strong><br>\u25b6\ufe0f\u00a0 <strong>Inscreva-se nos dois canais do GRANDE PR\u00caMIO no YouTube:\u00a0<a href=\"https:\/\/www.youtube.com\/channel\/UC9OlHEgxoaY6QY6nWPoiqQg?sub_confirmation=1\">GP<\/a>\u00a0|\u00a0<a href=\"https:\/\/www.youtube.com\/channel\/UC9csiS6q_C3C0FYhyr1rnFA?sub_confirmation=1\">GPTV<\/a><\/strong><\/p>\n\n\n\n<h2 class=\"wp-block-heading\"><strong>F1 hoje: saiba aqui as not\u00edcias mais importantes do dia da F\u00f3rmula 1<\/strong><\/h2>\n\n\n\n<p class=\"wp-block-paragraph\">A reda\u00e7\u00e3o do&nbsp;<strong>GRANDE PR\u00caMIO<\/strong>&nbsp;selecionou as not\u00edcias mais importantes das \u00faltimas horas para voc\u00ea ficar por dentro de tudo que acontece na F1.<\/p>\n\n\n\n<p class=\"wp-block-paragraph\">\u25b6\ufe0f\u00a0<a href=\"https:\/\/grandepremio.com\/br\/f1\/lewis-hamilton-relata-ida-italia-apos-vitoria-pela-ferrari-policial-estava-muito-feliz\/\">Hamilton relata ida \u00e0 It\u00e1lia ap\u00f3s vit\u00f3ria pela Ferrari: \u201cPolicial estava muito feliz\u201d<\/a><br>\u25b6\ufe0f\u00a0<a href=\"https:\/\/grandepremio.com\/br\/f1\/guerra-atualizacoes-torna-austria-corrida-mais-importante-2026-crava-gabriel-carvalho\/\">\u201cGuerra de atualiza\u00e7\u00f5es torna \u00c1ustria corrida mais importante de 2026\u201d, crava Gabriel Carvalho<\/a><br>\u25b6\ufe0f\u00a0<a href=\"https:\/\/grandepremio.com\/br\/f1\/fia-confirma-legalidade-truque-ferrari-vitoria-lewis-hamilton-gp-barcelona-catalunha\/\">FIA confirma legalidade de truque da Ferrari em vit\u00f3ria de Hamilton no GP da Catalunha<\/a><br>\u25b6\ufe0f\u00a0<a href=\"https:\/\/grandepremio.com\/br\/f1\/gabriel-bortoleto-exalta-maturidade-rafael-camara-revela-conversa-antes-teste-f1\/\">Bortoleto exalta maturidade de C\u00e2mara e revela conversa antes de teste na F1<\/a><\/p>\n","protected":false},"excerpt":{"rendered":"<p>Mercedes s\u00f3 manteve o MGU-K nos carros de Andrea Kimi Antonelli e George Russell. Red Bull, Racing Bulls, Ferrari, Alpine, Haas, Audi, Williams e Aston Martin tamb\u00e9m mexeram na unidade de pot\u00eancia dos carros<\/p>\n","protected":false},"author":4,"featured_media":1001098091,"comment_status":"closed","ping_status":"closed","sticky":false,"template":"","format":"standard","meta":{"42wp_featured_image_caption":"F1 2026, BARCELONA-CATALUNHA, TREINOS LIVRES, MERCEDES, KIMI ANTONELLI","42wp_featured_image_credits":"","42wp_featured_video":"","42wp_featured_image_hidden":false,"42wp_authors_list":[],"footnotes":""},"categories":[2],"tags":[20491,27861,34712,309,26271,546,209,5273,302,147,29516,29148,176,207,180,31425,28995,25440,350,800,23783,40100,1491,28285,119,30840,28104,485,547,87,595,203,90,82,1521,29923,35129,2916,676,38179,204,1763,1197,3132,4613,31470,612,215],"42wp_author":[47147],"class_list":["post-144287","post","type-post","status-publish","format-standard","has-post-thumbnail","hentry","category-f1","tag-alpine","tag-andrea-kimi-antonelli","tag-arvid-lindblad","tag-aston-martin","tag-calendario-f1","tag-carlos-sainz","tag-charles-leclerc","tag-classificacao-f1","tag-esteban-ocon","tag-f1","tag-f1-2026","tag-f1-hoje","tag-fernando-alonso","tag-ferrari","tag-formula-1","tag-formula-1-2026","tag-formula-1-hoje","tag-franco-colapinto","tag-gabriel-bortoleto","tag-george-russell","tag-gp-da-austria","tag-gp-da-austria-f1","tag-grande-premio","tag-grandepremio","tag-haas","tag-horarios-f1","tag-isack-hadjar","tag-lance-stroll","tag-lando-norris","tag-lewis-hamilton","tag-liam-lawson","tag-max-verstappen","tag-mclaren","tag-mercedes","tag-nico-hulkenberg","tag-oliver-bearman","tag-onde-assistir-f1","tag-oscar-piastri","tag-pierre-gasly","tag-racing-bulls","tag-red-bull","tag-red-bull-ring","tag-sauber","tag-sergio-perez","tag-spielberg","tag-temporada-2026-f1","tag-valtteri-bottas","tag-williams","42wp_author-luana-marino"],"_links":{"self":[{"href":"https:\/\/grandepremio.com\/br\/wp-json\/wp\/v2\/posts\/144287","targetHints":{"allow":["GET"]}}],"collection":[{"href":"https:\/\/grandepremio.com\/br\/wp-json\/wp\/v2\/posts"}],"about":[{"href":"https:\/\/grandepremio.com\/br\/wp-json\/wp\/v2\/types\/post"}],"author":[{"embeddable":true,"href":"https:\/\/grandepremio.com\/br\/wp-json\/wp\/v2\/users\/4"}],"replies":[{"embeddable":true,"href":"https:\/\/grandepremio.com\/br\/wp-json\/wp\/v2\/comments?post=144287"}],"version-history":[{"count":2,"href":"https:\/\/grandepremio.com\/br\/wp-json\/wp\/v2\/posts\/144287\/revisions"}],"predecessor-version":[{"id":144301,"href":"https:\/\/grandepremio.com\/br\/wp-json\/wp\/v2\/posts\/144287\/revisions\/144301"}],"wp:featuredmedia":[{"embeddable":true,"href":"https:\/\/grandepremio.com\/br\/wp-json\/wp\/v2\/media\/1001098091"}],"wp:attachment":[{"href":"https:\/\/grandepremio.com\/br\/wp-json\/wp\/v2\/media?parent=144287"}],"wp:term":[{"taxonomy":"category","embeddable":true,"href":"https:\/\/grandepremio.com\/br\/wp-json\/wp\/v2\/categories?post=144287"},{"taxonomy":"post_tag","embeddable":true,"href":"https:\/\/grandepremio.com\/br\/wp-json\/wp\/v2\/tags?post=144287"},{"taxonomy":"42wp_author","embeddable":true,"href":"https:\/\/grandepremio.com\/br\/wp-json\/wp\/v2\/42wp_author?post=144287"}],"curies":[{"name":"wp","href":"https:\/\/api.w.org\/{rel}","templated":true}]}}