{"id":14435,"date":"2025-11-30T17:56:37","date_gmt":"2025-11-30T20:56:37","guid":{"rendered":"https:\/\/grandepremio.com\/br\/noticias\/ferrari-chora-pitangas-diz-que-nao-ha-nada-positivo-tirar-gp-do-catar\/"},"modified":"2025-11-30T17:59:56","modified_gmt":"2025-11-30T20:59:56","slug":"ferrari-chora-pitangas-diz-que-nao-ha-nada-positivo-tirar-gp-do-catar","status":"publish","type":"post","link":"https:\/\/grandepremio.com\/br\/f1\/ferrari-chora-pitangas-diz-que-nao-ha-nada-positivo-tirar-gp-do-catar\/","title":{"rendered":"Ferrari chora pitangas e diz que &#8220;n\u00e3o h\u00e1 nada positivo&#8221; para tirar do GP do Catar"},"content":{"rendered":"\n<p class=\"wp-block-paragraph\">A <strong>Ferrari <\/strong>quer esquecer o p\u00e9ssimo fim de semana do <strong>GP do Catar<\/strong> da <strong>F\u00f3rmula 1<\/strong>, mas pretende trabalhar para reagir e finalizar 2025 com um resultado positivo em <strong>Abu Dhabi<\/strong>.<\/p>\n\n\n\n<p class=\"wp-block-paragraph\">Fora da disputa por pontos, <strong>Lewis Hamilton<\/strong> fechou a corrida em 12\u00ba lugar e <strong>Charles Leclerc<\/strong> s\u00f3 conseguiu brigar pela oitava posi\u00e7\u00e3o. Para <strong>Fr\u00e9d\u00e9ric Vasseur<\/strong>, chefe do time italiano, nada deu certo para a Ferrari em <strong>Lusail<\/strong>.<\/p>\n\n\n\n<p class=\"wp-block-paragraph\">\u201cHonestamente, n\u00e3o h\u00e1 nada de positivo para tirar. Sab\u00edamos que seria um pouco mais dif\u00edcil do que os anteriores. N\u00e3o conseguimos encontrar o ajuste certo durante todo o fim de semana. Tivemos muita dificuldade em colocar o carro na janela certa com as press\u00f5es dos pneus muito altas impostas para este fim de semana e demos um claro passo atr\u00e1s em rela\u00e7\u00e3o \u00e0s corridas anteriores&#8221;, disse Vasseur \u00e0 <em>Sky Sports<\/em>.<\/p>\n\n\n\n<p class=\"wp-block-paragraph\">&#8220;H\u00e1 duas corridas, ainda est\u00e1vamos no p\u00f3dio, mas desta vez lutamos pelo d\u00e9cimo lugar, ent\u00e3o foi certamente um fim de semana dif\u00edcil\u201d, completou o franc\u00eas.<\/p>\n\n\n\n<figure class=\"wp-block-image size-large\"><img decoding=\"async\" src=\"https:\/\/www.grandepremio.com\/br\/wp-content\/uploads\/2025\/11\/catar-2025-f1-corrida-ferrari-lewis-hamilton-afp-02-1200x800.jpg\" alt=\"\" class=\"wp-image-1039205\"\/><figcaption class=\"wp-element-caption\">Lewis Hamilton (Foto: AFP) <\/figcaption><\/figure>\n\n\n\n<p class=\"wp-block-paragraph\">O momento, agora, \u00e9 de juntar os cacos e trabalhar para reagir na \u00faltima corrida do ano, nos <strong>Emirados \u00c1rabes Unidos<\/strong>, apesar de o foco principal estar na pr\u00f3xima temporada da F1.<\/p>\n\n\n\n<p class=\"wp-block-paragraph\">&#8220;Certamente precisamos reagir como equipe e entendo perfeitamente a frustra\u00e7\u00e3o dos pilotos, engenheiros e mec\u00e2nicos ap\u00f3s um fim de semana como este. Mas, a partir de amanh\u00e3, voltaremos a trabalhar para dar o nosso melhor em Abu Dhabi. Mas, como voc\u00eas sabem, 99% da carga de trabalho est\u00e1 concentrada no pr\u00f3ximo ano, ent\u00e3o temos de preparar do carro de 2026&#8221;, concluiu Vasseur.<\/p>\n\n\n\n<p class=\"wp-block-paragraph\">Agora, a&nbsp;<a href=\"https:\/\/www.grandepremio.com\/br\/f1\/\" target=\"_blank\" rel=\"noreferrer noopener\"><\/a><a href=\"https:\/\/www.grandepremio.com\/br\/f1\/\" target=\"_blank\" rel=\"noreferrer noopener\">F\u00f3rmula 1<\/a>&nbsp;retorna entre os dias&nbsp;<strong>5 e 7 de dezembro<\/strong>, para o encerramento da temporada 2025, com o&nbsp;<strong>GP de Abu Dhabi<\/strong>. O&nbsp;<strong>GRANDE PR\u00caMIO<\/strong>&nbsp;faz a cobertura completa do evento que vai coroar o campe\u00e3o.<\/p>\n\n\n\n<p class=\"wp-block-paragraph\"><strong>\u25b6\ufe0f<\/strong>&nbsp;<strong>F1: faltam quantas corridas?&nbsp;<a href=\"https:\/\/www.grandepremio.com\/br\/f1\/calendario\/\" target=\"_blank\" rel=\"noreferrer noopener\">Veja o calend\u00e1rio da F1<\/a>.<\/strong><br>\u25b6\ufe0f&nbsp;<strong>Inscreva-se nos dois canais do GRANDE PR\u00caMIO no YouTube:&nbsp;<a href=\"https:\/\/www.youtube.com\/channel\/UC9OlHEgxoaY6QY6nWPoiqQg?sub_confirmation=1\" target=\"_blank\" rel=\"noreferrer noopener\">GP<\/a>&nbsp;|&nbsp;<a href=\"https:\/\/www.youtube.com\/channel\/UC9csiS6q_C3C0FYhyr1rnFA?sub_confirmation=1\" target=\"_blank\" rel=\"noreferrer noopener\">GP2<\/a><\/strong><\/p>\n\n\n\n<figure class=\"wp-block-embed is-type-video is-provider-youtube wp-block-embed-youtube wp-embed-aspect-16-9 wp-has-aspect-ratio\"><div class=\"wp-block-embed__wrapper\">\n<iframe loading=\"lazy\" title=\"VERSTAPPEN VENCE NA BURRICE DA McLAREN E PODE SER CAMPE\u00c3O: CLASSIFICA\u00c7\u00c2O da  F1 no CATAR | BRIEFING\" width=\"500\" height=\"281\" src=\"https:\/\/www.youtube.com\/embed\/CVobLjDKCv4?feature=oembed\" frameborder=\"0\" allow=\"accelerometer; autoplay; clipboard-write; encrypted-media; gyroscope; picture-in-picture; web-share\" referrerpolicy=\"strict-origin-when-cross-origin\" allowfullscreen><\/iframe>\n<\/div><\/figure>\n","protected":false},"excerpt":{"rendered":"<p>Chefe da Ferrari, Fr\u00e9d\u00e9ric Vasseur admitiu frustra\u00e7\u00e3o e explicou fim de semana fraco em Lusail, mas pregou foco para buscar rea\u00e7\u00e3o em Abu Dhabi<\/p>\n","protected":false},"author":0,"featured_media":1001029966,"comment_status":"closed","ping_status":"closed","sticky":false,"template":"","format":"standard","meta":{"42wp_featured_image_caption":"","42wp_featured_image_credits":"","42wp_featured_video":"","42wp_featured_image_hidden":false,"42wp_authors_list":[],"footnotes":""},"categories":[2],"tags":[26271,209,5273,147,3630,207,180,3628,1322,25424,600,1491,28285,30840,87,31014,43265,35129,42001,1901],"42wp_author":[47161],"class_list":["post-14435","post","type-post","status-publish","format-standard","has-post-thumbnail","hentry","category-f1","tag-calendario-f1","tag-charles-leclerc","tag-classificacao-f1","tag-f1","tag-f1-2025","tag-ferrari","tag-formula-1","tag-formula-1-2025","tag-frederic-vasseur","tag-gp-de-abu-dhabi","tag-gp-do-catar","tag-grande-premio","tag-grandepremio","tag-horarios-f1","tag-lewis-hamilton","tag-lusail","tag-lusail-2025","tag-onde-assistir-f1","tag-temporada-2025-f1","tag-yas-marina","42wp_author-kaio-esteves"],"_links":{"self":[{"href":"https:\/\/grandepremio.com\/br\/wp-json\/wp\/v2\/posts\/14435","targetHints":{"allow":["GET"]}}],"collection":[{"href":"https:\/\/grandepremio.com\/br\/wp-json\/wp\/v2\/posts"}],"about":[{"href":"https:\/\/grandepremio.com\/br\/wp-json\/wp\/v2\/types\/post"}],"replies":[{"embeddable":true,"href":"https:\/\/grandepremio.com\/br\/wp-json\/wp\/v2\/comments?post=14435"}],"version-history":[{"count":0,"href":"https:\/\/grandepremio.com\/br\/wp-json\/wp\/v2\/posts\/14435\/revisions"}],"wp:featuredmedia":[{"embeddable":true,"href":"https:\/\/grandepremio.com\/br\/wp-json\/wp\/v2\/media\/1001029966"}],"wp:attachment":[{"href":"https:\/\/grandepremio.com\/br\/wp-json\/wp\/v2\/media?parent=14435"}],"wp:term":[{"taxonomy":"category","embeddable":true,"href":"https:\/\/grandepremio.com\/br\/wp-json\/wp\/v2\/categories?post=14435"},{"taxonomy":"post_tag","embeddable":true,"href":"https:\/\/grandepremio.com\/br\/wp-json\/wp\/v2\/tags?post=14435"},{"taxonomy":"42wp_author","embeddable":true,"href":"https:\/\/grandepremio.com\/br\/wp-json\/wp\/v2\/42wp_author?post=14435"}],"curies":[{"name":"wp","href":"https:\/\/api.w.org\/{rel}","templated":true}]}}