{"id":14437,"date":"2025-11-30T17:32:43","date_gmt":"2025-11-30T20:32:43","guid":{"rendered":"https:\/\/grandepremio.com\/br\/noticias\/nico-hulkenberg-se-diz-em-frangalhos-apos-incidente-pierre-gasly-catar-so-decepcao\/"},"modified":"2025-11-30T18:04:08","modified_gmt":"2025-11-30T21:04:08","slug":"nico-hulkenberg-se-diz-em-frangalhos-apos-incidente-pierre-gasly-catar-so-decepcao","status":"publish","type":"post","link":"https:\/\/grandepremio.com\/br\/f1\/nico-hulkenberg-se-diz-em-frangalhos-apos-incidente-pierre-gasly-catar-so-decepcao\/","title":{"rendered":"H\u00fclkenberg se diz &#8220;em frangalhos&#8221; ap\u00f3s incidente com Gasly no Catar: &#8220;S\u00f3 decep\u00e7\u00e3o&#8221;"},"content":{"rendered":"\n<p class=\"wp-block-paragraph\"><strong>Nico H\u00fclkenberg<\/strong> deixou o <strong>GP do Catar<\/strong>, <a href=\"https:\/\/www.grandepremio.com\/br\/f1\/noticias\/max-verstappen-aproveita-bagunca-estrategica-mclaren-vence-gp-do-catar-lando-norris\/\">disputado neste domingo (30)<\/a>, profundamente frustrado ap\u00f3s abandonar ainda na s\u00e9tima volta, <a href=\"https:\/\/www.grandepremio.com\/br\/video\/f1\/nico-hulkenberg-atinge-pierre-gasly-ultrapassagem-provoca-safety-car-gp-do-catar-formula-1\/\">quando tentou ultrapassar <strong>Pierre Gasly<\/strong><\/a> por fora na curva 1 e acabou atingido pela <strong>Alpine<\/strong>. O toque destruiu a suspens\u00e3o traseira direita da <strong>Sauber<\/strong> e encerrou imediatamente a corrida do alem\u00e3o, que havia mostrado ritmo competitivo desde a classifica\u00e7\u00e3o.<\/p>\n\n\n\n<p class=\"wp-block-paragraph\">H\u00fclkenberg vinha de uma classifica\u00e7\u00e3o s\u00f3lida \u2014 largou em 11\u00ba \u2014 e acreditava que a Sauber tinha ritmo para pontuar, especialmente ap\u00f3s boa performance nas voltas iniciais. O incidente com Gasly, por\u00e9m, acabou com qualquer chance de alcan\u00e7ar a zona de pontos.<\/p>\n\n\n\n<p class=\"wp-block-paragraph\">Ap\u00f3s a prova, n\u00e3o escondeu a frustra\u00e7\u00e3o. Visivelmente frustrado, afirmou que s\u00f3 deve virar a p\u00e1gina nos pr\u00f3ximos dias, quando a equipe inicia a prepara\u00e7\u00e3o para a etapa final da temporada.<\/p>\n\n\n\n<p class=\"wp-block-paragraph\">\u201cJ\u00e1 falei isso dez vezes hoje e parece at\u00e9 rid\u00edculo repetir, mas tentei passar por fora e acabei sendo atingido. Foi o fim\u201d, resumiu H\u00fclkenberg.<\/p>\n\n\n\n\n\n\n\n<p class=\"wp-block-paragraph\">\u201cAinda n\u00e3o consigo pensar em Abu Dhabi. \u00c9 s\u00f3 decep\u00e7\u00e3o por agora. Acho que nosso ritmo de corrida seria bom hoje. Me senti muito bem com o carro nas primeiras voltas, assim como ontem, ent\u00e3o havia potencial. \u00c9 muito frustrante sair com nada e com o fim de semana em frangalhos. Vamos resetar, reagrupar e tentar de novo em alguns dias\u201d, encerrou.<\/p>\n\n\n\n<p class=\"wp-block-paragraph\">Apesar de n\u00e3o abandonar a prova, Gasly sofreu. Mesmo ap\u00f3s trocar os componentes danificados, n\u00e3o apresentou bom ritmo para se recuperar e ficou somente no 16\u00ba lugar.<\/p>\n\n\n\n<p class=\"wp-block-paragraph\">Agora, a&nbsp;<a href=\"https:\/\/www.grandepremio.com\/br\/f1\/\" target=\"_blank\" rel=\"noreferrer noopener\"><\/a><a href=\"https:\/\/www.grandepremio.com\/br\/f1\/\" target=\"_blank\" rel=\"noreferrer noopener\">F\u00f3rmula 1<\/a>&nbsp;retorna entre os dias&nbsp;<strong>5 e 7 de dezembro<\/strong>, para o encerramento da temporada 2025, com o&nbsp;<strong>GP de Abu Dhabi<\/strong>. O&nbsp;<strong>GRANDE PR\u00caMIO<\/strong>&nbsp;faz a cobertura completa do evento que vai coroar o campe\u00e3o.<\/p>\n\n\n\n<p class=\"wp-block-paragraph\"><strong>\u25b6\ufe0f<\/strong>&nbsp;<strong>F1: faltam quantas corridas?&nbsp;<a href=\"https:\/\/www.grandepremio.com\/br\/f1\/calendario\/\" target=\"_blank\" rel=\"noreferrer noopener\">Veja o calend\u00e1rio da F1<\/a>.<\/strong><br>\u25b6\ufe0f&nbsp;<strong>Inscreva-se nos dois canais do GRANDE PR\u00caMIO no YouTube:&nbsp;<a href=\"https:\/\/www.youtube.com\/channel\/UC9OlHEgxoaY6QY6nWPoiqQg?sub_confirmation=1\" target=\"_blank\" rel=\"noreferrer noopener\">GP<\/a>&nbsp;|&nbsp;<a href=\"https:\/\/www.youtube.com\/channel\/UC9csiS6q_C3C0FYhyr1rnFA?sub_confirmation=1\" target=\"_blank\" rel=\"noreferrer noopener\">GP2<\/a><\/strong><\/p>\n\n\n\n<figure class=\"wp-block-embed is-type-video is-provider-youtube wp-block-embed-youtube wp-embed-aspect-16-9 wp-has-aspect-ratio\"><div class=\"wp-block-embed__wrapper\">\n<iframe loading=\"lazy\" title=\"VERSTAPPEN VENCE NA BURRICE DA McLAREN E PODE SER CAMPE\u00c3O: CLASSIFICA\u00c7\u00c2O da  F1 no CATAR | BRIEFING\" width=\"500\" height=\"281\" src=\"https:\/\/www.youtube.com\/embed\/CVobLjDKCv4?feature=oembed\" frameborder=\"0\" allow=\"accelerometer; autoplay; clipboard-write; encrypted-media; gyroscope; picture-in-picture; web-share\" referrerpolicy=\"strict-origin-when-cross-origin\" allowfullscreen><\/iframe>\n<\/div><\/figure>\n","protected":false},"excerpt":{"rendered":"<p>Nico H\u00fclkenberg n\u00e3o escondeu frustra\u00e7\u00e3o pelo incidente com Pierre Gasly e admitiu que precisa de alguns dias para superar epis\u00f3dio e focar na \u00faltima etapa da temporada, em Abu Dhabi<\/p>\n","protected":false},"author":0,"featured_media":1001039234,"comment_status":"closed","ping_status":"closed","sticky":false,"template":"","format":"standard","meta":{"42wp_featured_image_caption":"","42wp_featured_image_credits":"","42wp_featured_video":"","42wp_featured_image_hidden":false,"42wp_authors_list":[],"footnotes":""},"categories":[2],"tags":[26271,1113,5273,147,3630,180,3628,600,41740,1491,28285,30840,31014,43265,36668,1521,35129,676,42001],"42wp_author":[47164],"class_list":["post-14437","post","type-post","status-publish","format-standard","has-post-thumbnail","hentry","category-f1","tag-calendario-f1","tag-catar","tag-classificacao-f1","tag-f1","tag-f1-2025","tag-formula-1","tag-formula-1-2025","tag-gp-do-catar","tag-gp-do-catar-f1","tag-grande-premio","tag-grandepremio","tag-horarios-f1","tag-lusail","tag-lusail-2025","tag-lusail-f1","tag-nico-hulkenberg","tag-onde-assistir-f1","tag-pierre-gasly","tag-temporada-2025-f1","42wp_author-marcos-gil-ribeiro"],"_links":{"self":[{"href":"https:\/\/grandepremio.com\/br\/wp-json\/wp\/v2\/posts\/14437","targetHints":{"allow":["GET"]}}],"collection":[{"href":"https:\/\/grandepremio.com\/br\/wp-json\/wp\/v2\/posts"}],"about":[{"href":"https:\/\/grandepremio.com\/br\/wp-json\/wp\/v2\/types\/post"}],"replies":[{"embeddable":true,"href":"https:\/\/grandepremio.com\/br\/wp-json\/wp\/v2\/comments?post=14437"}],"version-history":[{"count":0,"href":"https:\/\/grandepremio.com\/br\/wp-json\/wp\/v2\/posts\/14437\/revisions"}],"wp:featuredmedia":[{"embeddable":true,"href":"https:\/\/grandepremio.com\/br\/wp-json\/wp\/v2\/media\/1001039234"}],"wp:attachment":[{"href":"https:\/\/grandepremio.com\/br\/wp-json\/wp\/v2\/media?parent=14437"}],"wp:term":[{"taxonomy":"category","embeddable":true,"href":"https:\/\/grandepremio.com\/br\/wp-json\/wp\/v2\/categories?post=14437"},{"taxonomy":"post_tag","embeddable":true,"href":"https:\/\/grandepremio.com\/br\/wp-json\/wp\/v2\/tags?post=14437"},{"taxonomy":"42wp_author","embeddable":true,"href":"https:\/\/grandepremio.com\/br\/wp-json\/wp\/v2\/42wp_author?post=14437"}],"curies":[{"name":"wp","href":"https:\/\/api.w.org\/{rel}","templated":true}]}}