{"id":144405,"date":"2026-06-26T14:04:57","date_gmt":"2026-06-26T17:04:57","guid":{"rendered":"https:\/\/grandepremio.com\/br\/?p=144405"},"modified":"2026-06-26T14:07:38","modified_gmt":"2026-06-26T17:07:38","slug":"red-bull-desconversa-sobre-saida-engenheiro-chefe-cadillac-f1","status":"publish","type":"post","link":"https:\/\/grandepremio.com\/br\/f1\/red-bull-desconversa-sobre-saida-engenheiro-chefe-cadillac-f1\/","title":{"rendered":"Red Bull desconversa sobre sa\u00edda de engenheiro-chefe para Cadillac na F1"},"content":{"rendered":"\n<p class=\"wp-block-paragraph\"><strong>Laurent Mekies<\/strong> evitou se aprofundar muito nos rumores que tratam da sa\u00edda de <strong>Paul Monaghan<\/strong>, engenheiro-chefe da <strong>Red Bull<\/strong>, para a <strong>Cadillac<\/strong>. O chefe da equipe, no entanto, n\u00e3o negou essa possibilidade, embora tenha colocado panos quentes ao dizer que o dirigente est\u00e1 presente no <strong>GP da \u00c1ustria<\/strong> para ajudar nos carros de <strong>Max Verstappen<\/strong> e <strong>Isack Hadjar<\/strong>.<\/p>\n\n\n\n<p class=\"wp-block-paragraph\">A informa\u00e7\u00e3o sobre a mudan\u00e7a de ares por parte do engenheiro foi divulgada pelo portal neerland\u00eas <em>RacingNews365<\/em>, <a href=\"https:\/\/grandepremio.com\/br\/f1\/engenheiro-chefe-encaminha-saida-red-bull-apos-21-anos-para-fechar-cadillac\/\">nesta sexta-feira (26)<\/a>. Apesar de n\u00e3o especificar qual ser\u00e1 o cargo de Monaghan na equipe norte-americana, a publica\u00e7\u00e3o indica que o profissional vai exercer um posto alto de lideran\u00e7a. Al\u00e9m da Cadillac, o atual membro dos taurinos tamb\u00e9m recebeu uma proposta da <strong>Aston Martin<\/strong>, atualmente liderada por <strong>Adrian Newey<\/strong>, mas n\u00e3o a aceitou.<\/p>\n\n\n\n<figure class=\"wp-block-embed is-type-video is-provider-youtube wp-block-embed-youtube wp-embed-aspect-16-9 wp-has-aspect-ratio\"><div class=\"wp-block-embed__wrapper\">\n<iframe loading=\"lazy\" title=\"\ud83d\udd34AO VIVO! F1 2026 NA \u00c1USTRIA: ANTONELLI LIDERA | TUDO SOBRE OS TREINOS LIVRES [Briefing]\" width=\"500\" height=\"281\" src=\"https:\/\/www.youtube.com\/embed\/BcD3LQqlzic?feature=oembed\" frameborder=\"0\" allow=\"accelerometer; autoplay; clipboard-write; encrypted-media; gyroscope; picture-in-picture; web-share\" referrerpolicy=\"strict-origin-when-cross-origin\" allowfullscreen><\/iframe>\n<\/div><\/figure>\n\n\n\n<p class=\"wp-block-paragraph\">Ao ser questionado sobre os boatos, Mekies desconversou. &#8220;H\u00e1 muitos rumores sobre a equipe e sobre os membros da equipe.\u00a0Por mais que tenhamos comentado sobre\u00a0<strong>Gianpiero Lambiase<\/strong>, porque \u00e9 um dos engenheiros mais expostos e agora vai assumir uma fun\u00e7\u00e3o ainda mais exposta, n\u00e3o acho que seria correto da minha parte comentar cada rumor que surge. Se eu olhar para os nomes que t\u00eam circulado nos \u00faltimos meses, a maioria deles ainda est\u00e1 na garagem. Alguns nunca quiseram sair&#8221;, come\u00e7ou.<\/p>\n\n\n\n<p class=\"wp-block-paragraph\">&#8220;Alguns mudaram de ideia e decidiram permanecer conosco, ent\u00e3o n\u00e3o acho que seria justo com as pessoas da equipe se eu come\u00e7asse a comentar sobre cada um desses casos. Paul est\u00e1 aqui hoje, inclusive. Ele trabalhou muito para colocar os carros na pista nesta manh\u00e3. Tamb\u00e9m deixamos muito claro que n\u00e3o h\u00e1 nada mais importante do que garantir que estejamos em condi\u00e7\u00f5es de manter os talentos e atrair aqueles de que precisamos. Essa continua sendo a maior prioridade&#8221;, encerrou.<\/p>\n\n\n\n<p class=\"wp-block-paragraph\">Monaghan tem contrato com a Red Bull at\u00e9 o fim de 2028 e, por isso, caso decida sair, deve passar por um per\u00edodo sab\u00e1tico obrigat\u00f3rio antes de assumir um cargo em outra equipe. Ou seja, se deixar a base de Milton Keynes ao final de 2026, precisar\u00e1 esperar at\u00e9 pelo menos o segundo semestre de 2027 para poder come\u00e7ar os trabalhos na Cadillac, apontada como destino mais prov\u00e1vel.<\/p>\n\n\n\n<p class=\"wp-block-paragraph\">O&nbsp;<strong>GRANDE PR\u00caMIO<\/strong>&nbsp;acompanha todas as atividades do&nbsp;<strong>GP da \u00c1ustria<\/strong>&nbsp;<a href=\"https:\/\/www.grandepremio.com\/br\/ao-vivo\/f1\/\">&nbsp;<strong>AO VIVO E EM&nbsp;<\/strong><\/a><strong><a href=\"https:\/\/www.grandepremio.com\/br\/ao-vivo\/\" target=\"_blank\" rel=\"noreferrer noopener\">TEMPO REAL<\/a><\/strong>,&nbsp;<a href=\"https:\/\/www.youtube.com\/@GrandePremio1\/streams\">al\u00e9m de classifica\u00e7\u00e3o e corrida em&nbsp;<strong>SEGUNDA TELA&nbsp;<\/strong>no YouTube<\/a>, em parceria com a&nbsp;<strong>Voz do Esporte<\/strong>. O&nbsp;<strong>Briefing&nbsp;<\/strong>chega para analisar ap\u00f3s o fim de cada dia de atividades nas redes sociais e na&nbsp;<strong>GPTV<\/strong>.<\/p>\n\n\n\n<p class=\"wp-block-paragraph\">Al\u00e9m da cobertura completa das atividades, o&nbsp;<strong>GRANDE PR\u00caMIO<\/strong>&nbsp;tamb\u00e9m estar\u00e1 in loco em&nbsp;<strong>Spielberg<\/strong>&nbsp;com o rep\u00f3rter&nbsp;<strong>Leonid Kliuev<\/strong>.<\/p>\n\n\n\n<h2 class=\"wp-block-heading\">GP da \u00c1ustria&nbsp;de F1: veja os hor\u00e1rios em Brasil, Cabo Verde,&nbsp;<a href=\"https:\/\/grandepremio.pt\/\" target=\"_blank\" rel=\"noreferrer noopener\"><strong>Portugal<\/strong><\/a>, Angola e Mo\u00e7ambique:<\/h2>\n\n\n\n<figure class=\"wp-block-table\"><table class=\"has-fixed-layout\"><tbody><tr><td><strong>Sess\u00e3o<\/strong><\/td><td><strong>BRA*<\/strong><\/td><td><strong>CBV<\/strong><\/td><td><strong>POR<\/strong><br><strong>ANG<\/strong><\/td><td><strong>MOZ<\/strong><\/td><\/tr><tr><td>Treino livre 3<\/td><td>07:30<\/td><td>09:30<\/td><td>11:30<\/td><td>12:30<\/td><\/tr><tr><td>Classifica\u00e7\u00e3o<\/td><td>11:00<\/td><td>13:00<\/td><td>15:00<\/td><td>16:00<\/td><\/tr><tr><td>Corrida<\/td><td>10:00<\/td><td>12:00<\/td><td>14:00<\/td><td>15:00<\/td><\/tr><\/tbody><\/table><\/figure>\n\n\n\n<p class=\"wp-block-paragraph\"><em>*Hor\u00e1rio de Bras\u00edlia<\/em><\/p>\n\n\n\n<p class=\"wp-block-paragraph\">\u25b6\ufe0f\u00a0<strong>F1:\u00a0<a href=\"https:\/\/www.grandepremio.com\/br\/f1\/calendario\/\">confira o calend\u00e1rio completo de 2026<\/a><\/strong><br>\u25b6\ufe0f\u00a0<strong>Inscreva-se nos dois canais do GRANDE PR\u00caMIO no YouTube:\u00a0<a href=\"https:\/\/www.youtube.com\/channel\/UC9OlHEgxoaY6QY6nWPoiqQg?sub_confirmation=1\">GP<\/a>\u00a0|\u00a0<a href=\"https:\/\/www.youtube.com\/channel\/UC9csiS6q_C3C0FYhyr1rnFA?sub_confirmation=1\">GPTV<\/a><\/strong><\/p>\n\n\n\n<h2 class=\"wp-block-heading\"><strong>F1 hoje: saiba aqui as not\u00edcias mais importantes do dia da F\u00f3rmula 1<\/strong><\/h2>\n\n\n\n<p class=\"wp-block-paragraph\">A reda\u00e7\u00e3o do&nbsp;<strong>GRANDE PR\u00caMIO<\/strong>&nbsp;selecionou as not\u00edcias mais importantes das \u00faltimas horas para voc\u00ea ficar por dentro de tudo que acontece na F1.<\/p>\n\n\n\n<p class=\"wp-block-paragraph\">\u25b6\ufe0f <strong><a href=\"https:\/\/grandepremio.com\/br\/f1\/andrea-kimi-antonelli-impoe-mclaren-lidera-tl2-gp-austria-gabriel-bortoleto-10o\/\">Antonelli se imp\u00f5e sobre McLaren e lidera TL2 do GP da \u00c1ustria. Bortoleto \u00e9 10\u00ba<\/a><\/strong><br>\u25b6\ufe0f <strong><a href=\"https:\/\/grandepremio.com\/br\/f1\/fia-proibe-inovacao-ferrari-traseira-carro-temporada-2027-f1\/\">FIA pro\u00edbe inova\u00e7\u00e3o da Ferrari na traseira do carro para temporada 2027 da F1<\/a><\/strong><br>\u25b6\ufe0f <strong><a href=\"https:\/\/grandepremio.com\/br\/f1\/andrea-kimi-antonelli-contem-george-russell-lidera-tl1-novatos-gp-austria\/\">Antonelli cont\u00e9m Russell e lidera TL1 de novatos do GP da \u00c1ustria<\/a><\/strong><br>\u25b6\ufe0f <strong><a href=\"https:\/\/grandepremio.com\/br\/f1\/engenheiro-chefe-encaminha-saida-red-bull-apos-21-anos-para-fechar-cadillac\/\">Engenheiro-chefe encaminha sa\u00edda da Red Bull ap\u00f3s 21 anos para fechar com Cadillac<\/a><\/strong><br>\u25b6\ufe0f <strong><a href=\"https:\/\/grandepremio.com\/br\/f1\/fia-ratifica-resultado-mantem-motor-red-bull-ford-referencia-f1-2026\/\">FIA ratifica resultado e mant\u00e9m motor Red Bull Ford como refer\u00eancia na F1 2026<\/a><\/strong><\/p>\n\n\n\n<p class=\"wp-block-paragraph\"><\/p>\n","protected":false},"excerpt":{"rendered":"<p>Chefe da Red Bull, Laurent Mekies afirmou que &#8220;n\u00e3o acha justo&#8221; comentar todos os rumores que surgem acerca dos membros da equipe na F\u00f3rmula 1<\/p>\n","protected":false},"author":19,"featured_media":1001075291,"comment_status":"closed","ping_status":"closed","sticky":false,"template":"","format":"standard","meta":{"42wp_featured_image_caption":"Laurent Mekies, Red Bull, F1 2026, GP do Jap\u00e3o","42wp_featured_image_credits":"Mas as insatisfa\u00e7\u00f5es com a organiza\u00e7\u00e3o interna parecem longe do fim\u2026 Em janeiro, a debandada continuou (Foto: Red Bull Content Pool)","42wp_featured_video":"","42wp_featured_image_hidden":false,"42wp_authors_list":[],"footnotes":""},"categories":[2],"tags":[26271,147,29516,29148,24868,31425,28995,24888,40100,24836,28285,36194,35129,1763,4613,47291,31955,31470],"42wp_author":[47160],"class_list":["post-144405","post","type-post","status-publish","format-standard","has-post-thumbnail","hentry","category-f1","tag-calendario-f1","tag-f1","tag-f1-2026","tag-f1-hoje","tag-formula-1-3","tag-formula-1-2026","tag-formula-1-hoje","tag-gp-da-austria-2","tag-gp-da-austria-f1","tag-grande-premio-2","tag-grandepremio","tag-horarios-f1-2","tag-onde-assistir-f1","tag-red-bull-ring","tag-spielberg","tag-spielberg-2026","tag-spielberg-f1","tag-temporada-2026-f1","42wp_author-vicente-soella"],"_links":{"self":[{"href":"https:\/\/grandepremio.com\/br\/wp-json\/wp\/v2\/posts\/144405","targetHints":{"allow":["GET"]}}],"collection":[{"href":"https:\/\/grandepremio.com\/br\/wp-json\/wp\/v2\/posts"}],"about":[{"href":"https:\/\/grandepremio.com\/br\/wp-json\/wp\/v2\/types\/post"}],"author":[{"embeddable":true,"href":"https:\/\/grandepremio.com\/br\/wp-json\/wp\/v2\/users\/19"}],"replies":[{"embeddable":true,"href":"https:\/\/grandepremio.com\/br\/wp-json\/wp\/v2\/comments?post=144405"}],"version-history":[{"count":5,"href":"https:\/\/grandepremio.com\/br\/wp-json\/wp\/v2\/posts\/144405\/revisions"}],"predecessor-version":[{"id":144457,"href":"https:\/\/grandepremio.com\/br\/wp-json\/wp\/v2\/posts\/144405\/revisions\/144457"}],"wp:featuredmedia":[{"embeddable":true,"href":"https:\/\/grandepremio.com\/br\/wp-json\/wp\/v2\/media\/1001075291"}],"wp:attachment":[{"href":"https:\/\/grandepremio.com\/br\/wp-json\/wp\/v2\/media?parent=144405"}],"wp:term":[{"taxonomy":"category","embeddable":true,"href":"https:\/\/grandepremio.com\/br\/wp-json\/wp\/v2\/categories?post=144405"},{"taxonomy":"post_tag","embeddable":true,"href":"https:\/\/grandepremio.com\/br\/wp-json\/wp\/v2\/tags?post=144405"},{"taxonomy":"42wp_author","embeddable":true,"href":"https:\/\/grandepremio.com\/br\/wp-json\/wp\/v2\/42wp_author?post=144405"}],"curies":[{"name":"wp","href":"https:\/\/api.w.org\/{rel}","templated":true}]}}