{"id":14449,"date":"2025-11-30T16:09:25","date_gmt":"2025-11-30T19:09:25","guid":{"rendered":"https:\/\/grandepremio.com\/br\/noticias\/estrategista-red-bull-diz-pit-stop-sob-safety-car-era-algo-claro-gp-catar\/"},"modified":"2025-11-30T16:13:36","modified_gmt":"2025-11-30T19:13:36","slug":"estrategista-red-bull-diz-pit-stop-sob-safety-car-era-algo-claro-gp-catar","status":"publish","type":"post","link":"https:\/\/grandepremio.com\/br\/f1\/estrategista-red-bull-diz-pit-stop-sob-safety-car-era-algo-claro-gp-catar\/","title":{"rendered":"Estrategista da Red Bull diz que pit-stop sob safety-car &#8220;era algo claro&#8221; no GP do Catar"},"content":{"rendered":"\n<p class=\"wp-block-paragraph\">Chefe de estrat\u00e9gia da <strong>Red Bull<\/strong>, <strong>Hannah Schmitz<\/strong> explicou a decis\u00e3o de chamar tanto <strong>Max Verstappen<\/strong> quanto <strong>Yuki Tsunoda<\/strong> para os boxes no in\u00edcio do <strong>GP do Catar<\/strong> <a href=\"https:\/\/www.grandepremio.com\/br\/f1\/noticias\/max-verstappen-aproveita-bagunca-estrategica-mclaren-vence-gp-do-catar-lando-norris\/\">deste domingo (30)<\/a>, medida que acabou sendo extremamente importante para a vit\u00f3ria do tetracampe\u00e3o no circuito de <strong>Lusail<\/strong>. A brit\u00e2nica, no entanto, revelou que alguns membros da equipe taurina duvidaram que essa era a escolha certa, j\u00e1 que a <strong>McLaren<\/strong> manteve <strong>Lando Norris<\/strong> e <strong>Oscar Piastri<\/strong> na pista naquele momento.<\/p>\n\n\n\n<p class=\"wp-block-paragraph\">Ainda com chances de conquistar o pentacampeonato em 2025, o dono do <strong>RB21 #1<\/strong> largou da terceira posi\u00e7\u00e3o e superou o <strong>#4<\/strong> do time papaia logo nos metros iniciais, saltando para o segundo posto. O momento crucial da corrida, por\u00e9m, aconteceu na s\u00e9tima volta, quando <strong>Pierre Gasly<\/strong> e <strong>Nico H\u00fclkenberg<\/strong> se enroscaram na curva 2 e for\u00e7aram a entrada do \u00fanico safety-car do dia.<\/p>\n\n\n\n<p class=\"wp-block-paragraph\">Com exce\u00e7\u00e3o da dupla da McLaren, todos os demais pilotos foram para a primeira troca de pneus, apostando que aquele era o momento ideal para come\u00e7ar a cumprir a obrigatoriedade de dois pit-stops estipulada pela <strong>Pirelli<\/strong> e pela <strong>Federa\u00e7\u00e3o Internacional de Automobilismo<\/strong> (<strong>FIA<\/strong>). Como resultado, Verstappen superou os rivais na estrat\u00e9gia e conquistou a s\u00e9tima vit\u00f3ria do ano, reduzindo a desvantagem em rela\u00e7\u00e3o ao l\u00edder Norris para somente 12 pontos <a href=\"https:\/\/www.grandepremio.com\/br\/galeria\/f1\/max-verstappen-vence-como-ficou-classificacao-f1-2025-gp-catar\/\">na briga pelo t\u00edtulo<\/a>.<\/p>\n\n\n\n<p class=\"wp-block-paragraph\">&#8220;Far\u00edamos o pit-stop com os dois carros se o safety-car sa\u00edsse na volta 7. H\u00e1 uma vantagem muito grande em parar durante o safety-car quando precisamos fazer duas paradas, isso estava claro para n\u00f3s, e muita gente no pit-lane pensou o mesmo&#8221;, come\u00e7ou Schmitz em entrevista ao streaming sueco <em>Viaplay<\/em>.<\/p>\n\n\n\n<figure class=\"wp-block-image size-large\"><img decoding=\"async\" src=\"https:\/\/www.grandepremio.com\/br\/wp-content\/uploads\/2025\/11\/catar-2025-f1-corrida-red-bull-max-verstappen-afp-01-1200x800.jpg\" alt=\"\" class=\"wp-image-1039176\"\/><figcaption class=\"wp-element-caption\">Chefe de estrat\u00e9gia da Red Bull explicou a decis\u00e3o de parar os dois carros sob safety-car (Foto: AFP) <\/figcaption><\/figure>\n\n\n\n<p class=\"wp-block-paragraph\">A chefe de estrat\u00e9gia da Red Bull, entretanto, admitiu que nem todos na garagem do time estavam realmente convencidos de que aquela era a chamada correta a se fazer.<\/p>\n\n\n\n<p class=\"wp-block-paragraph\">&#8220;Naquela volta, ouvimos que a McLaren estava ficando na pista, e todo mundo ficou tipo: &#8216;Tem certeza? Tem certeza de que quer parar?&#8217; E eu falei: &#8216;Sim, realmente acho que sim'&#8221;, concluiu Hannah.<\/p>\n\n\n\n<p class=\"wp-block-paragraph\">Agora, a\u00a0<a href=\"https:\/\/www.grandepremio.com\/br\/f1\/\" target=\"_blank\" rel=\"noreferrer noopener\"><\/a><a href=\"https:\/\/www.grandepremio.com\/br\/f1\/\" target=\"_blank\" rel=\"noreferrer noopener\">F\u00f3rmula 1<\/a>\u00a0retorna entre os dias\u00a0<strong>5 e 7 de dezembro<\/strong>, para o encerramento da temporada 2025, com o\u00a0<strong>GP de Abu Dhabi<\/strong>. O GRANDE PR\u00caMIO faz a cobertura completa do evento que vai coroar o campe\u00e3o.<\/p>\n\n\n\n<p class=\"wp-block-paragraph\">\u25b6\ufe0f <strong>Onde assistir F1?\u00a0<a href=\"https:\/\/www.grandepremio.com\/br\/programacao-tv\/noticias\/onde-assistir-corridas-do-fim-de-semana-tv-streaming-28-30-de-novembro\/\">Veja aqui todas as informa\u00e7\u00f5es<\/a><\/strong><br>\u25b6\ufe0f <strong>F1: faltam quantas corridas?\u00a0<a href=\"https:\/\/www.grandepremio.com\/br\/f1\/calendario\/\" target=\"_blank\" rel=\"noreferrer noopener\">Veja o calend\u00e1rio da F1<\/a><\/strong><br>\u25b6\ufe0f <strong>Inscreva-se nos dois canais do GRANDE PR\u00caMIO no YouTube:\u00a0<a href=\"https:\/\/www.youtube.com\/channel\/UC9OlHEgxoaY6QY6nWPoiqQg?sub_confirmation=1\" target=\"_blank\" rel=\"noreferrer noopener\">GP<\/a>\u00a0|\u00a0<a href=\"https:\/\/www.youtube.com\/channel\/UC9csiS6q_C3C0FYhyr1rnFA?sub_confirmation=1\" target=\"_blank\" rel=\"noreferrer noopener\">GP2<\/a><\/strong><\/p>\n\n\n\n<figure class=\"wp-block-embed is-type-video is-provider-youtube wp-block-embed-youtube wp-embed-aspect-16-9 wp-has-aspect-ratio\"><div class=\"wp-block-embed__wrapper\">\n<iframe loading=\"lazy\" title=\"VERSTAPPEN VENCE NA BURRICE DA McLAREN E PODE SER CAMPE\u00c3O: CLASSIFICA\u00c7\u00c2O da  F1 no CATAR | BRIEFING\" width=\"500\" height=\"281\" src=\"https:\/\/www.youtube.com\/embed\/CVobLjDKCv4?feature=oembed\" frameborder=\"0\" allow=\"accelerometer; autoplay; clipboard-write; encrypted-media; gyroscope; picture-in-picture; web-share\" referrerpolicy=\"strict-origin-when-cross-origin\" allowfullscreen><\/iframe>\n<\/div><\/figure>\n","protected":false},"excerpt":{"rendered":"<p>Chefe de estrat\u00e9gia da Red Bull, Hannah Schmitz tamb\u00e9m admitiu que alguns membros da equipe questionaram se a decis\u00e3o de chamar Max Verstappen para os boxes naquele momento era realmente a correta<\/p>\n","protected":false},"author":0,"featured_media":1000876060,"comment_status":"closed","ping_status":"closed","sticky":false,"template":"","format":"standard","meta":{"42wp_featured_image_caption":"","42wp_featured_image_credits":"","42wp_featured_video":"","42wp_featured_image_hidden":false,"42wp_authors_list":[],"footnotes":""},"categories":[2],"tags":[26271,1113,45192,30090,5273,147,3630,180,3628,600,41740,1491,28285,30840,31014,43265,36668,203,35129,204,42001],"42wp_author":[47160],"class_list":["post-14449","post","type-post","status-publish","format-standard","has-post-thumbnail","hentry","category-f1","tag-calendario-f1","tag-catar","tag-catar-2025","tag-catar-f1","tag-classificacao-f1","tag-f1","tag-f1-2025","tag-formula-1","tag-formula-1-2025","tag-gp-do-catar","tag-gp-do-catar-f1","tag-grande-premio","tag-grandepremio","tag-horarios-f1","tag-lusail","tag-lusail-2025","tag-lusail-f1","tag-max-verstappen","tag-onde-assistir-f1","tag-red-bull","tag-temporada-2025-f1","42wp_author-vicente-soella"],"_links":{"self":[{"href":"https:\/\/grandepremio.com\/br\/wp-json\/wp\/v2\/posts\/14449","targetHints":{"allow":["GET"]}}],"collection":[{"href":"https:\/\/grandepremio.com\/br\/wp-json\/wp\/v2\/posts"}],"about":[{"href":"https:\/\/grandepremio.com\/br\/wp-json\/wp\/v2\/types\/post"}],"replies":[{"embeddable":true,"href":"https:\/\/grandepremio.com\/br\/wp-json\/wp\/v2\/comments?post=14449"}],"version-history":[{"count":0,"href":"https:\/\/grandepremio.com\/br\/wp-json\/wp\/v2\/posts\/14449\/revisions"}],"wp:featuredmedia":[{"embeddable":true,"href":"https:\/\/grandepremio.com\/br\/wp-json\/wp\/v2\/media\/1000876060"}],"wp:attachment":[{"href":"https:\/\/grandepremio.com\/br\/wp-json\/wp\/v2\/media?parent=14449"}],"wp:term":[{"taxonomy":"category","embeddable":true,"href":"https:\/\/grandepremio.com\/br\/wp-json\/wp\/v2\/categories?post=14449"},{"taxonomy":"post_tag","embeddable":true,"href":"https:\/\/grandepremio.com\/br\/wp-json\/wp\/v2\/tags?post=14449"},{"taxonomy":"42wp_author","embeddable":true,"href":"https:\/\/grandepremio.com\/br\/wp-json\/wp\/v2\/42wp_author?post=14449"}],"curies":[{"name":"wp","href":"https:\/\/api.w.org\/{rel}","templated":true}]}}