{"id":144498,"date":"2026-06-27T12:03:04","date_gmt":"2026-06-27T15:03:04","guid":{"rendered":"https:\/\/grandepremio.com\/br\/?p=144498"},"modified":"2026-06-27T13:55:14","modified_gmt":"2026-06-27T16:55:14","slug":"perda-engenheiro-chefe-cadillac-inaceitavel-red-bull-avalia-giovani-danjo","status":"publish","type":"post","link":"https:\/\/grandepremio.com\/br\/f1\/perda-engenheiro-chefe-cadillac-inaceitavel-red-bull-avalia-giovani-danjo\/","title":{"rendered":"\u201cPerda de engenheiro-chefe para Cadillac \u00e9 inaceit\u00e1vel para Red Bull\u201d, avalia Giovani Danjo"},"content":{"rendered":"\n<p class=\"wp-block-paragraph\"><strong>Paul Monaghan<\/strong>, engenheiro-chefe da <strong>Red Bull<\/strong>, <a href=\"https:\/\/grandepremio.com\/br\/f1\/engenheiro-chefe-encaminha-saida-red-bull-apos-21-anos-para-fechar-cadillac\/\">est\u00e1 pr\u00f3ximo de deixar <strong>Milton Keynes<\/strong><\/a> ap\u00f3s mais de 20 anos para assumir um posto de lideran\u00e7a na <strong>Cadillac<\/strong>. Mais uma vez, uma figura proeminente deixa a equipe austr\u00edaca para se aventurar na <strong>F1<\/strong>, evidenciando que ainda h\u00e1 um certo desconforto nos bastidores mesmo depois das sa\u00eddas de <strong>Christian Horner<\/strong> e <strong>Helmut Marko<\/strong>.<\/p>\n\n\n\n<p class=\"wp-block-paragraph\"><strong>Giovani Danjo<\/strong> analisa a situa\u00e7\u00e3o da Red Bull na F1: <\/p>\n\n\n\n<figure class=\"wp-block-embed is-type-video is-provider-youtube wp-block-embed-youtube wp-embed-aspect-9-16 wp-has-aspect-ratio\"><div class=\"wp-block-embed__wrapper\">\nhttps:\/\/www.youtube.com\/shorts\/-cynR3MwKBg\n<\/div><\/figure>\n\n\n\n<h2 class=\"wp-block-heading\">GP da \u00c1ustria\u00a0de F1: veja os hor\u00e1rios em Brasil, Cabo Verde,\u00a0<a href=\"https:\/\/grandepremio.pt\/\" target=\"_blank\" rel=\"noreferrer noopener\"><strong>Portugal<\/strong><\/a>, Angola e Mo\u00e7ambique:<\/h2>\n\n\n\n<figure class=\"wp-block-table\"><table class=\"has-fixed-layout\"><tbody><tr><td><strong>Sess\u00e3o<\/strong><\/td><td><strong>BRA*<\/strong><\/td><td><strong>CBV<\/strong><\/td><td><strong>POR<\/strong><br><strong>ANG<\/strong><\/td><td><strong>MOZ<\/strong><\/td><\/tr><tr><td>Treino livre 3<\/td><td>07:30<\/td><td>09:30<\/td><td>11:30<\/td><td>12:30<\/td><\/tr><tr><td>Classifica\u00e7\u00e3o<\/td><td>11:00<\/td><td>13:00<\/td><td>15:00<\/td><td>16:00<\/td><\/tr><tr><td>Corrida<\/td><td>10:00<\/td><td>12:00<\/td><td>14:00<\/td><td>15:00<\/td><\/tr><\/tbody><\/table><\/figure>\n\n\n\n<p class=\"wp-block-paragraph\"><em>*Hor\u00e1rio de Bras\u00edlia<\/em><\/p>\n\n\n\n<p class=\"wp-block-paragraph\">&nbsp;<strong>F1:&nbsp;<a href=\"https:\/\/www.grandepremio.com\/br\/f1\/calendario\/\">confira o calend\u00e1rio completo de 2026<\/a><\/strong><br>&nbsp;<strong>Inscreva-se nos dois canais do GRANDE PR\u00caMIO no YouTube:&nbsp;<a href=\"https:\/\/www.youtube.com\/channel\/UC9OlHEgxoaY6QY6nWPoiqQg?sub_confirmation=1\">GP<\/a>&nbsp;|&nbsp;<a href=\"https:\/\/www.youtube.com\/channel\/UC9csiS6q_C3C0FYhyr1rnFA?sub_confirmation=1\">GPTV<\/a><\/strong><\/p>\n\n\n\n<h2 class=\"wp-block-heading\"><strong>F1 hoje: saiba aqui as not\u00edcias mais importantes do dia da F\u00f3rmula 1<\/strong><\/h2>\n\n\n\n<p class=\"wp-block-paragraph\">A reda\u00e7\u00e3o do&nbsp;<strong>GRANDE PR\u00caMIO<\/strong>&nbsp;selecionou as not\u00edcias mais importantes das \u00faltimas horas para voc\u00ea ficar por dentro de tudo que acontece na F1.<\/p>\n\n\n\n<p class=\"wp-block-paragraph\">&nbsp;<strong><a href=\"https:\/\/grandepremio.com\/br\/f1\/andrea-kimi-antonelli-impoe-mclaren-lidera-tl2-gp-austria-gabriel-bortoleto-10o\/\">Antonelli se imp\u00f5e sobre McLaren e lidera TL2 do GP da \u00c1ustria. Bortoleto \u00e9 10\u00ba<\/a><\/strong><br>&nbsp;<strong><a href=\"https:\/\/grandepremio.com\/br\/f1\/fia-proibe-inovacao-ferrari-traseira-carro-temporada-2027-f1\/\">FIA pro\u00edbe inova\u00e7\u00e3o da Ferrari na traseira do carro para temporada 2027 da F1<\/a><\/strong><br>&nbsp;<strong><a href=\"https:\/\/grandepremio.com\/br\/f1\/andrea-kimi-antonelli-contem-george-russell-lidera-tl1-novatos-gp-austria\/\">Antonelli cont\u00e9m Russell e lidera TL1 de novatos do GP da \u00c1ustria<\/a><\/strong><br>&nbsp;<strong><a href=\"https:\/\/grandepremio.com\/br\/f1\/engenheiro-chefe-encaminha-saida-red-bull-apos-21-anos-para-fechar-cadillac\/\">Engenheiro-chefe encaminha sa\u00edda da Red Bull ap\u00f3s 21 anos para fechar com Cadillac<\/a><\/strong><br>&nbsp;<strong><a href=\"https:\/\/grandepremio.com\/br\/f1\/fia-ratifica-resultado-mantem-motor-red-bull-ford-referencia-f1-2026\/\">FIA ratifica resultado e mant\u00e9m motor Red Bull Ford como refer\u00eancia na F1 2026<\/a><\/strong><\/p>\n","protected":false},"excerpt":{"rendered":"<p>A debandada na Red Bull continua, e Paul Monaghan desponta como o pr\u00f3ximo a deixar Milton Keynes. A sa\u00edda do engenheiro-chefe n\u00e3o chega a surpreender e refor\u00e7a a impress\u00e3o de que ainda h\u00e1 algo de errado nos bastidores da equipe austr\u00edaca<\/p>\n","protected":false},"author":20,"featured_media":1020307481,"comment_status":"closed","ping_status":"closed","sticky":false,"template":"","format":"standard","meta":{"42wp_featured_image_caption":"F1 2024, PAUL MONAGHAN, MAX VERSTAPPEN, RED BULL","42wp_featured_image_credits":"","42wp_featured_video":"","42wp_featured_image_hidden":false,"42wp_authors_list":[],"footnotes":""},"categories":[2],"tags":[729,26271,5273,147,29516,29148,180,31425,28995,23783,1491,28285,30840,90,35129,4602,204,1763,4613,31470],"42wp_author":[],"class_list":["post-144498","post","type-post","status-publish","format-standard","has-post-thumbnail","hentry","category-f1","tag-cadillac","tag-calendario-f1","tag-classificacao-f1","tag-f1","tag-f1-2026","tag-f1-hoje","tag-formula-1","tag-formula-1-2026","tag-formula-1-hoje","tag-gp-da-austria","tag-grande-premio","tag-grandepremio","tag-horarios-f1","tag-mclaren","tag-onde-assistir-f1","tag-paul-monaghan","tag-red-bull","tag-red-bull-ring","tag-spielberg","tag-temporada-2026-f1"],"_links":{"self":[{"href":"https:\/\/grandepremio.com\/br\/wp-json\/wp\/v2\/posts\/144498","targetHints":{"allow":["GET"]}}],"collection":[{"href":"https:\/\/grandepremio.com\/br\/wp-json\/wp\/v2\/posts"}],"about":[{"href":"https:\/\/grandepremio.com\/br\/wp-json\/wp\/v2\/types\/post"}],"author":[{"embeddable":true,"href":"https:\/\/grandepremio.com\/br\/wp-json\/wp\/v2\/users\/20"}],"replies":[{"embeddable":true,"href":"https:\/\/grandepremio.com\/br\/wp-json\/wp\/v2\/comments?post=144498"}],"version-history":[{"count":3,"href":"https:\/\/grandepremio.com\/br\/wp-json\/wp\/v2\/posts\/144498\/revisions"}],"predecessor-version":[{"id":144794,"href":"https:\/\/grandepremio.com\/br\/wp-json\/wp\/v2\/posts\/144498\/revisions\/144794"}],"wp:featuredmedia":[{"embeddable":true,"href":"https:\/\/grandepremio.com\/br\/wp-json\/wp\/v2\/media\/1020307481"}],"wp:attachment":[{"href":"https:\/\/grandepremio.com\/br\/wp-json\/wp\/v2\/media?parent=144498"}],"wp:term":[{"taxonomy":"category","embeddable":true,"href":"https:\/\/grandepremio.com\/br\/wp-json\/wp\/v2\/categories?post=144498"},{"taxonomy":"post_tag","embeddable":true,"href":"https:\/\/grandepremio.com\/br\/wp-json\/wp\/v2\/tags?post=144498"},{"taxonomy":"42wp_author","embeddable":true,"href":"https:\/\/grandepremio.com\/br\/wp-json\/wp\/v2\/42wp_author?post=144498"}],"curies":[{"name":"wp","href":"https:\/\/api.w.org\/{rel}","templated":true}]}}