{"id":14457,"date":"2025-11-30T15:17:56","date_gmt":"2025-11-30T18:17:56","guid":{"rendered":"https:\/\/grandepremio.com\/br\/noticias\/mclaren-assume-erro-estrategico-catar-nao-esperavamos-que-todos-parassem\/"},"modified":"2025-11-30T18:05:11","modified_gmt":"2025-11-30T21:05:11","slug":"mclaren-assume-erro-estrategico-catar-nao-esperavamos-que-todos-parassem","status":"publish","type":"post","link":"https:\/\/grandepremio.com\/br\/f1\/mclaren-assume-erro-estrategico-catar-nao-esperavamos-que-todos-parassem\/","title":{"rendered":"McLaren assume erro estrat\u00e9gico no Catar: &#8220;N\u00e3o esper\u00e1vamos que todos parassem&#8221;"},"content":{"rendered":"\n<p class=\"wp-block-paragraph\"><strong>Andrea Stella<\/strong> n\u00e3o tentou esconder a frustra\u00e7\u00e3o ap\u00f3s o <a href=\"https:\/\/www.grandepremio.com\/br\/f1\/noticias\/max-verstappen-aproveita-bagunca-estrategica-mclaren-vence-gp-do-catar-lando-norris\/\"><strong>GP do Catar<\/strong> deste domingo (30)<\/a>. O chefe da <strong>McLaren<\/strong> admitiu que a decis\u00e3o de manter <strong>Oscar Piastri<\/strong> e <strong>Lando Norris<\/strong> na pista durante o safety-car da volta 7 \u2014 momento em que praticamente todo o grid parou \u2014 foi um erro estrat\u00e9gico que comprometeu completamente o resultado da equipe em <strong>Lusail<\/strong>. A escolha deixou ambos os carros expostos em um stint for\u00e7ado e abriu caminho para a vit\u00f3ria de <strong>Max Verstappen<\/strong>.<\/p>\n\n\n\n<p class=\"wp-block-paragraph\">Piastri, dominante durante todo o fim de semana, terminou em segundo ap\u00f3s perseguir o neerland\u00eas at\u00e9 o fim. Norris, atrapalhado pela estrat\u00e9gia e por um erro pr\u00f3prio, acabou em quarto ap\u00f3s ter chances reais de brigar pelo p\u00f3dio.<\/p>\n\n\n\n<p class=\"wp-block-paragraph\">\u201c\u00c9 um resultado decepcionante. T\u00ednhamos potencial para vencer a corrida com Oscar, ele merecia isso. Foi o mais r\u00e1pido na classifica\u00e7\u00e3o e na sprint. O p\u00f3dio estava ao alcance de Lando tamb\u00e9m. Perdemos ambos. Definitivamente n\u00e3o \u00e9 o que quer\u00edamos\u201d, lamentou Stella \u00e0 <em>Sky Sports<\/em>.<\/p>\n\n\n\n<p class=\"wp-block-paragraph\">O epis\u00f3dio decisivo aconteceu logo ap\u00f3s <a href=\"https:\/\/www.grandepremio.com\/br\/video\/f1\/nico-hulkenberg-atinge-pierre-gasly-ultrapassagem-provoca-safety-car-gp-do-catar-formula-1\/\">o toque entre <strong>Nico H\u00fclkenberg<\/strong> e <strong>Pierre Gasly<\/strong><\/a>, que acionou o safety-car. Com o limite de 25 voltas por jogo de pneus imposto pela <strong>Pirelli<\/strong>, quase todas as equipes aproveitaram para antecipar a parada. Somente a McLaren ficou na pista.<\/p>\n\n\n\n\n\n\n\n<p class=\"wp-block-paragraph\">Segundo Stella, tratou-se de uma decis\u00e3o deliberada \u2014 mas tomada com uma leitura equivocada do comportamento rival. Apesar do erro, o chefe reafirmou confian\u00e7a na evolu\u00e7\u00e3o da equipe rumo \u00e0 decis\u00e3o do t\u00edtulo em Abu Dhabi.<\/p>\n\n\n\n<p class=\"wp-block-paragraph\">\u201cFoi uma decis\u00e3o n\u00e3o parar. Honestamente, n\u00e3o esper\u00e1vamos que todos os outros parassem. Quando todo mundo entra, passa a ser a escolha correta. N\u00e3o sab\u00edamos o que os demais fariam. Havia risco de perda para Lando se par\u00e1ssemos ambos juntos. Mas o principal motivo foi n\u00e3o esperar que todos parassem. Foi uma decis\u00e3o e, de fato, n\u00e3o foi a correta\u201d, admitiu.<\/p>\n\n\n\n<p class=\"wp-block-paragraph\">\u201cVamos revisar tudo, aprender com isso e voltar mais fortes para a pr\u00f3xima corrida, que ser\u00e1 ainda mais importante\u201d, concluiu.<\/p>\n\n\n\n<p class=\"wp-block-paragraph\">Agora, a&nbsp;<a href=\"https:\/\/www.grandepremio.com\/br\/f1\/\" target=\"_blank\" rel=\"noreferrer noopener\">F\u00f3rmula 1<\/a>&nbsp;retorna entre os dias&nbsp;<strong>5 e 7 de dezembro<\/strong>, para o encerramento da temporada 2025, com o&nbsp;<strong>GP de Abu Dhabi<\/strong>. O GRANDE PR\u00caMIO faz a cobertura completa do evento que vai coroar o campe\u00e3o.<\/p>\n\n\n\n<p class=\"wp-block-paragraph\">\u25b6\ufe0f&nbsp;<strong>Inscreva-se nos dois canais do GRANDE PR\u00caMIO no YouTube:&nbsp;<a href=\"https:\/\/www.youtube.com\/channel\/UC9OlHEgxoaY6QY6nWPoiqQg?sub_confirmation=1\" target=\"_blank\" rel=\"noreferrer noopener\">GP<\/a>&nbsp;|&nbsp;<a href=\"https:\/\/www.youtube.com\/channel\/UC9csiS6q_C3C0FYhyr1rnFA?sub_confirmation=1\" target=\"_blank\" rel=\"noreferrer noopener\">GP2<\/a><\/strong><\/p>\n\n\n\n<figure class=\"wp-block-embed is-type-video is-provider-youtube wp-block-embed-youtube wp-embed-aspect-16-9 wp-has-aspect-ratio\"><div class=\"wp-block-embed__wrapper\">\n<iframe loading=\"lazy\" title=\"VERSTAPPEN VENCE NA BURRICE DA McLAREN E PODE SER CAMPE\u00c3O: CLASSIFICA\u00c7\u00c2O da  F1 no CATAR | BRIEFING\" width=\"500\" height=\"281\" src=\"https:\/\/www.youtube.com\/embed\/CVobLjDKCv4?feature=oembed\" frameborder=\"0\" allow=\"accelerometer; autoplay; clipboard-write; encrypted-media; gyroscope; picture-in-picture; web-share\" referrerpolicy=\"strict-origin-when-cross-origin\" allowfullscreen><\/iframe>\n<\/div><\/figure>\n","protected":false},"excerpt":{"rendered":"<p>Andrea Stella admitiu que McLaren foi pego de surpresa por todas as equipes fazerem suas paradas durante safety-car e que foi um erro n\u00e3o fazer o mesmo com Oscar Piastri e Lando Norris<\/p>\n","protected":false},"author":0,"featured_media":1001039171,"comment_status":"closed","ping_status":"closed","sticky":false,"template":"","format":"standard","meta":{"42wp_featured_image_caption":"","42wp_featured_image_credits":"","42wp_featured_video":"","42wp_featured_image_hidden":false,"42wp_authors_list":[],"footnotes":""},"categories":[2],"tags":[7094,26271,1113,5273,147,3630,180,3628,600,41740,1491,28285,30840,547,31014,43265,36668,90,35129,2916,42001],"42wp_author":[47164],"class_list":["post-14457","post","type-post","status-publish","format-standard","has-post-thumbnail","hentry","category-f1","tag-andrea-stella","tag-calendario-f1","tag-catar","tag-classificacao-f1","tag-f1","tag-f1-2025","tag-formula-1","tag-formula-1-2025","tag-gp-do-catar","tag-gp-do-catar-f1","tag-grande-premio","tag-grandepremio","tag-horarios-f1","tag-lando-norris","tag-lusail","tag-lusail-2025","tag-lusail-f1","tag-mclaren","tag-onde-assistir-f1","tag-oscar-piastri","tag-temporada-2025-f1","42wp_author-marcos-gil-ribeiro"],"_links":{"self":[{"href":"https:\/\/grandepremio.com\/br\/wp-json\/wp\/v2\/posts\/14457","targetHints":{"allow":["GET"]}}],"collection":[{"href":"https:\/\/grandepremio.com\/br\/wp-json\/wp\/v2\/posts"}],"about":[{"href":"https:\/\/grandepremio.com\/br\/wp-json\/wp\/v2\/types\/post"}],"replies":[{"embeddable":true,"href":"https:\/\/grandepremio.com\/br\/wp-json\/wp\/v2\/comments?post=14457"}],"version-history":[{"count":0,"href":"https:\/\/grandepremio.com\/br\/wp-json\/wp\/v2\/posts\/14457\/revisions"}],"wp:featuredmedia":[{"embeddable":true,"href":"https:\/\/grandepremio.com\/br\/wp-json\/wp\/v2\/media\/1001039171"}],"wp:attachment":[{"href":"https:\/\/grandepremio.com\/br\/wp-json\/wp\/v2\/media?parent=14457"}],"wp:term":[{"taxonomy":"category","embeddable":true,"href":"https:\/\/grandepremio.com\/br\/wp-json\/wp\/v2\/categories?post=14457"},{"taxonomy":"post_tag","embeddable":true,"href":"https:\/\/grandepremio.com\/br\/wp-json\/wp\/v2\/tags?post=14457"},{"taxonomy":"42wp_author","embeddable":true,"href":"https:\/\/grandepremio.com\/br\/wp-json\/wp\/v2\/42wp_author?post=14457"}],"curies":[{"name":"wp","href":"https:\/\/api.w.org\/{rel}","templated":true}]}}