{"id":144631,"date":"2026-06-27T06:21:28","date_gmt":"2026-06-27T09:21:28","guid":{"rendered":"https:\/\/grandepremio.com\/br\/?p=144631"},"modified":"2026-06-27T06:41:59","modified_gmt":"2026-06-27T09:41:59","slug":"ernesto-rivera-vence-sprint-f3-austria-pedro-clerot-ultrapassa-dois-ultima-volta-e-2o","status":"publish","type":"post","link":"https:\/\/grandepremio.com\/br\/f3\/ernesto-rivera-vence-sprint-f3-austria-pedro-clerot-ultrapassa-dois-ultima-volta-e-2o\/","title":{"rendered":"Rivera vence sprint da F3 na \u00c1ustria. Clerot ultrapassa dois na \u00faltima volta e \u00e9 2\u00ba"},"content":{"rendered":"\n<p class=\"wp-block-paragraph\"><strong>Ernesto Rivera<\/strong> venceu pela primeira vez na temporada 2026 da <strong>F\u00f3rmula 3<\/strong> ao triunfar na corrida sprint da <strong>\u00c1ustria<\/strong>, disputada neste s\u00e1bado (27). Largando da segunda posi\u00e7\u00e3o, o mexicano precisou vencer uma intensa disputa com <strong>James Wharton<\/strong> para assumir a lideran\u00e7a na 14\u00aa volta.<strong> Pedro Clerot<\/strong> tamb\u00e9m teve sua melhor atua\u00e7\u00e3o da temporada e, ap\u00f3s superar <strong>Wharton <\/strong>e <strong>Jin Nakamura<\/strong> na \u00faltima volta, garantiu o segundo p\u00f3dio do ano ao terminar na segunda coloca\u00e7\u00e3o.<\/p>\n\n\n\n<p class=\"wp-block-paragraph\">A sprint da <strong>F3 <\/strong>na <strong>\u00c1ustria <\/strong>come\u00e7ou sem grandes mudan\u00e7as nas primeiras posi\u00e7\u00f5es, mas teve interven\u00e7\u00e3o do <strong>safety-car<\/strong> logo na primeira volta, ap\u00f3s <strong>Freddie Slater<\/strong> ser tocado pelo companheiro de equipe <strong>Noah Stromsted<\/strong>. Na relargada, <strong>Wharton <\/strong>manteve a ponta com tranquilidade, administrou a vantagem e chegou a abrir dist\u00e2ncia para <strong>Rivera<\/strong>.<\/p>\n\n\n\n<p class=\"wp-block-paragraph\">A partir da d\u00e9cima volta, por\u00e9m, o mexicano aumentou o ritmo, colou no rival e passou a pression\u00e1-lo constantemente. Depois de um duelo intenso ao longo de quatro voltas, <strong>Rivera <\/strong>assumiu a lideran\u00e7a e controlou a vantagem at\u00e9 a bandeirada. Mais atr\u00e1s, <strong>Clerot <\/strong>disputava posi\u00e7\u00e3o com <strong>Nakamura<\/strong>. A defini\u00e7\u00e3o veio apenas na \u00faltima volta, quando o brasileiro superou <strong>Nakamura <\/strong>e Wharton de uma s\u00f3 vez na curva 3 para garantir a segunda coloca\u00e7\u00e3o.<\/p>\n\n\n\n<p class=\"wp-block-paragraph\"><strong>Nakamura<\/strong> ainda terminou em terceiro, \u00e0 frente de <strong>Wharton<\/strong>. O top-10 foi completado por <strong>Noah Stromsted, Kanato Le, Tuukka Taponen, Taito Kato, Hiyu Yamakoshi<\/strong> e <strong>Ugo Ugochukwu<\/strong>.<\/p>\n\n\n\n<figure class=\"wp-block-image size-large\"><img loading=\"lazy\" decoding=\"async\" width=\"1024\" height=\"576\" src=\"https:\/\/grandepremio.com\/br\/wp-content\/uploads\/2026\/06\/Pedro-Clerot-F3-Austria-podio-Foto-Reproducao-F3-1024x576.jpg\" alt=\"\" class=\"wp-image-1020307579\" srcset=\"https:\/\/grandepremio.com\/wp-content\/uploads\/2026\/06\/Pedro-Clerot-F3-Austria-podio-Foto-Reproducao-F3-1024x576.jpg 1024w, https:\/\/grandepremio.com\/wp-content\/uploads\/2026\/06\/Pedro-Clerot-F3-Austria-podio-Foto-Reproducao-F3-300x169.jpg 300w, https:\/\/grandepremio.com\/wp-content\/uploads\/2026\/06\/Pedro-Clerot-F3-Austria-podio-Foto-Reproducao-F3-768x432.jpg 768w, https:\/\/grandepremio.com\/wp-content\/uploads\/2026\/06\/Pedro-Clerot-F3-Austria-podio-Foto-Reproducao-F3-1536x864.jpg 1536w, https:\/\/grandepremio.com\/wp-content\/uploads\/2026\/06\/Pedro-Clerot-F3-Austria-podio-Foto-Reproducao-F3-1200x675.jpg 1200w, https:\/\/grandepremio.com\/wp-content\/uploads\/2026\/06\/Pedro-Clerot-F3-Austria-podio-Foto-Reproducao-F3-150x84.jpg 150w, https:\/\/grandepremio.com\/wp-content\/uploads\/2026\/06\/Pedro-Clerot-F3-Austria-podio-Foto-Reproducao-F3.jpg 1920w\" sizes=\"(max-width: 1024px) 100vw, 1024px\" \/><figcaption class=\"wp-element-caption\">Pedro Clerot conseguiu um segundo lugar na \u00c1ustria (Foto: Reprodu\u00e7\u00e3o \/ F3)<\/figcaption><\/figure>\n\n\n\n<p class=\"wp-block-paragraph\">A F3 retoma as atividades na \u00c1ustria no domingo (28) \u00e0s 3h40 (de Bras\u00edlia, GMT-3) com a largada da corrida 2. O <strong>GRANDE PR\u00caMIO<\/strong> faz a cobertura completa do fim de semana.<\/p>\n\n\n\n<p class=\"wp-block-paragraph\">\u25b6\ufe0f<strong>Inscreva-se nos dois canais do GRANDE PR\u00caMIO no YouTube:&nbsp;<a href=\"https:\/\/www.youtube.com\/channel\/UC9OlHEgxoaY6QY6nWPoiqQg?sub_confirmation=1\">GP<\/a>&nbsp;|&nbsp;<a href=\"https:\/\/www.youtube.com\/channel\/UC9csiS6q_C3C0FYhyr1rnFA?sub_confirmation=1\">GPTV<\/a><\/strong><\/p>\n\n\n\n<h3 class=\"wp-block-heading\"><strong>Como foi a sprint da F\u00f3rmula 3 na <\/strong>\u00c1ustria<\/h3>\n\n\n\n<p class=\"wp-block-paragraph\">Beneficiado pelo grid invertido ap\u00f3s se classificar em 12\u00ba lugar, <strong>James Wharton<\/strong> alinhou na pole da corrida sprint, \u00e0 frente de <strong>Ernesto Rivera<\/strong>. Quando a prova come\u00e7ou, o piloto da <strong>Prema <\/strong>teve um bom in\u00edcio e manteve a dianteira ap\u00f3s a primeira curva. Enquanto isso, o come\u00e7o foi limpo na parte da frente do pelot\u00e3o, mas, no meio do grid, <strong>Freddie Slater <\/strong>foi tocado pelo companheiro <strong>Noah Stromsted<\/strong>, teve a suspens\u00e3o traseira quebrada e abandonou. Com isso, o safety-car foi acionado.<\/p>\n\n\n\n<p class=\"wp-block-paragraph\">A corrida recome\u00e7ou na quarta volta com <strong>Wharton <\/strong>puxando a fila e conseguindo se manter \u00e0 frente de <strong>Rivera<\/strong> com certa tranquilidade. Na s\u00e9tima volta, no entanto, o safety-car virtual foi ativado para limpar os detritos deixados na pista pelo toque entre <strong>Enzo Deligny<\/strong> e <strong>Fionn McLaughlin<\/strong>, que perdeu a asa dianteira. Por\u00e9m, n\u00e3o demorou para que a a\u00e7\u00e3o fosse retomada.<\/p>\n\n\n\n<p class=\"wp-block-paragraph\">Na oitava volta, <strong>Wharton <\/strong>tinha uma vantagem relativamente confort\u00e1vel, que o deixava a mais de 1s de <strong>Rivera<\/strong>. Por\u00e9m, o mexicano apertou o ritmo e, dois giros mais tarde, estava na cola do rival. Na primeira tentativa de ataque, na curva 3, os dois se tocaram, mas o piloto da <strong>Prema <\/strong>prevaleceu.<\/p>\n\n\n\n<p class=\"wp-block-paragraph\">A disputa pela lideran\u00e7a continuou e, na 12\u00aa volta, <strong>Rivera <\/strong>tentou um novo ataque, sem sucesso, na curva 4. O duelo permitiu a aproxima\u00e7\u00e3o de <strong>Jin Nakamura<\/strong> e <strong>Pedro Clerot<\/strong>. A briga seguiu ferrenha at\u00e9 o 14\u00ba giro, quando o mexicano finalmente concluiu a manobra para assumir o primeiro lugar.<\/p>\n\n\n\n<figure class=\"wp-block-image size-large\"><img loading=\"lazy\" decoding=\"async\" width=\"1024\" height=\"576\" src=\"https:\/\/grandepremio.com\/br\/wp-content\/uploads\/2026\/06\/Pedro-Clerot-F3-Austria-ultrapassagem-dupla-Foto-Reproducao-F3-1024x576.jpg\" alt=\"\" class=\"wp-image-1020307582\" srcset=\"https:\/\/grandepremio.com\/wp-content\/uploads\/2026\/06\/Pedro-Clerot-F3-Austria-ultrapassagem-dupla-Foto-Reproducao-F3-1024x576.jpg 1024w, https:\/\/grandepremio.com\/wp-content\/uploads\/2026\/06\/Pedro-Clerot-F3-Austria-ultrapassagem-dupla-Foto-Reproducao-F3-300x169.jpg 300w, https:\/\/grandepremio.com\/wp-content\/uploads\/2026\/06\/Pedro-Clerot-F3-Austria-ultrapassagem-dupla-Foto-Reproducao-F3-768x432.jpg 768w, https:\/\/grandepremio.com\/wp-content\/uploads\/2026\/06\/Pedro-Clerot-F3-Austria-ultrapassagem-dupla-Foto-Reproducao-F3-1536x864.jpg 1536w, https:\/\/grandepremio.com\/wp-content\/uploads\/2026\/06\/Pedro-Clerot-F3-Austria-ultrapassagem-dupla-Foto-Reproducao-F3-1200x675.jpg 1200w, https:\/\/grandepremio.com\/wp-content\/uploads\/2026\/06\/Pedro-Clerot-F3-Austria-ultrapassagem-dupla-Foto-Reproducao-F3-150x84.jpg 150w, https:\/\/grandepremio.com\/wp-content\/uploads\/2026\/06\/Pedro-Clerot-F3-Austria-ultrapassagem-dupla-Foto-Reproducao-F3.jpg 1920w\" sizes=\"(max-width: 1024px) 100vw, 1024px\" \/><figcaption class=\"wp-element-caption\">Ultrapassagem dupla de Clerot na \u00faltima volta (Foto: Reprodu\u00e7\u00e3o \/ F3)<\/figcaption><\/figure>\n\n\n\n<p class=\"wp-block-paragraph\">Depois de assumir a ponta, <strong>Rivera <\/strong>passou a controlar a corrida com tranquilidade. Por\u00e9m, a a\u00e7\u00e3o continuou um pouco mais atr\u00e1s, com <strong>Nakamura <\/strong>e <strong>Clerot<\/strong> brigando pelo terceiro lugar. O brasileiro, embora estivesse visivelmente mais r\u00e1pido, n\u00e3o conseguia efetuar a ultrapassagem e, inclusive, teve de segurar o carro ap\u00f3s ser espremido pelo japon\u00eas na sa\u00edda da curva 6.<\/p>\n\n\n\n<p class=\"wp-block-paragraph\">Na \u00faltima volta, <strong>Clerot <\/strong>colocou por fora e superou <strong>Nakamura <\/strong>na curva 3. Em seguida, aproveitou que <strong>Wharton <\/strong>estava um tanto lento e tamb\u00e9m o ultrapassou para assumir o segundo lugar. O piloto da <strong>Prema <\/strong>ainda caiu para quarto depois de ser ultrapassado por <strong>Jin<\/strong>. Assim, Rivera administrou a lideran\u00e7a e cruzou a linha de chegada em primeiro, com 1s7 de vantagem.<\/p>\n\n\n\n<h2 class=\"wp-block-heading\"><strong>F3 2026: resultado da corrida sprint da rodada da \u00c1ustria<\/strong><\/h2>\n\n\n\n<figure class=\"wp-block-table\"><table class=\"has-fixed-layout\"><tbody><tr><td>POS<\/td><td>Piloto<\/td><td>Equipe<\/td><td>Diff<\/td><\/tr><tr><td>1<\/td><td>E RIVERA<\/td><td>Campos<\/td><td>21 voltas<\/td><\/tr><tr><td>2<\/td><td>P CLEROT<\/td><td>Rodin<\/td><td>1.787<\/td><\/tr><tr><td>3<\/td><td>J NAKAMURA<\/td><td>Hitech<\/td><td>2.597<\/td><\/tr><tr><td>4<\/td><td>J WHARTON<\/td><td>Prema<\/td><td>+2.823<\/td><\/tr><tr><td>5<\/td><td>N STROMSTED<\/td><td>Trident<\/td><td>+3.255<\/td><\/tr><tr><td>6<\/td><td>K LE<\/td><td>ART<\/td><td>+3.869<\/td><\/tr><tr><td>7<\/td><td>T TAPONEN<\/td><td>MP<\/td><td>+4.131<\/td><\/tr><tr><td>8<\/td><td>T KATO<\/td><td>ART<\/td><td>+4.423<\/td><\/tr><tr><td>9<\/td><td>H YAMAKOSHI<\/td><td>Van Amersfoort<\/td><td>+4.946<\/td><\/tr><tr><td>10<\/td><td>U UGOCHUKWU<\/td><td>Campos<\/td><td>+9.236<\/td><\/tr><tr><td>11<\/td><td>B DEL PINO<\/td><td>Van Amersfoort<\/td><td>+9.965<\/td><\/tr><tr><td>12<\/td><td>A GIUSTI<\/td><td>MP<\/td><td>+10.544<\/td><\/tr><tr><td>13<\/td><td>N LACORTE<\/td><td>Dams<\/td><td>+11.084<\/td><\/tr><tr><td>14<\/td><td>M GIADYSZ<\/td><td>ART<\/td><td>13.340<\/td><\/tr><tr><td>15<\/td><td>L SHARP<\/td><td>Prema<\/td><td>13.736<\/td><\/tr><tr><td>16<\/td><td>T NA\u00cbL<\/td><td>Campos<\/td><td>+14.089<\/td><\/tr><tr><td>17<\/td><td>G XIE<\/td><td>Dams<\/td><td>+14.477<\/td><\/tr><tr><td>18<\/td><td>M COLNAGHI<\/td><td>MP<\/td><td>+14.664<\/td><\/tr><tr><td>19<\/td><td>M DE PALO<\/td><td>Trident<\/td><td>+14.891<\/td><\/tr><tr><td>20<\/td><td>Y DAVID<\/td><td>AIX<\/td><td>+21.172<\/td><\/tr><tr><td>21<\/td><td>E DELIGNY<\/td><td>Van Amersfoort<\/td><td>+21.773<\/td><\/tr><tr><td>22<\/td><td>B BADOER<\/td><td>Rodin<\/td><td>+22.831<\/td><\/tr><tr><td>23<\/td><td>C HO<\/td><td>Rodin<\/td><td>+23.483<\/td><\/tr><tr><td>24<\/td><td>F BARRICHELLO<\/td><td>AIX<\/td><td>+24.975<\/td><\/tr><tr><td>25<\/td><td>N BHIROMBHAKDI<\/td><td>Dams<\/td><td>+25.099<\/td><\/tr><tr><td>26<\/td><td>J GARFIAS<\/td><td>Prema<\/td><td>+27.604<\/td><\/tr><tr><td>27<\/td><td>W SHIN<\/td><td>Hitech<\/td><td>+ 28.007<\/td><\/tr><tr><td>28<\/td><td>S HANNA<\/td><td>AIX<\/td><td>29.440<\/td><\/tr><tr><td>29<\/td><td>G MCLAUGHLIN<\/td><td>Hitech<\/td><td>53.231<\/td><\/tr><tr><td>30<\/td><td>F SLATER<\/td><td>Trident<\/td><td>NC<\/td><\/tr><\/tbody><\/table><\/figure>\n","protected":false},"excerpt":{"rendered":"<p>Ernesto Rivera imprimiu um ritmo forte com a Campos na sprint da F3 na \u00c1ustria e superou James Wharton ap\u00f3s um duelo dos mais intensos. Pedro Clerot teve a melhor atua\u00e7\u00e3o do ano e superou Jin Nakamura e Wharton na \u00faltima volta para cruzar a linha de chegada em segundo<\/p>\n","protected":false},"author":17,"featured_media":1020307577,"comment_status":"closed","ping_status":"closed","sticky":false,"template":"","format":"standard","meta":{"42wp_featured_image_caption":"Ernesto Rivera F3 \u00c1ustria (Foto Reprodu\u00e7\u00e3o F3)","42wp_featured_image_credits":"","42wp_featured_video":"","42wp_featured_image_hidden":false,"42wp_authors_list":[],"footnotes":""},"categories":[10],"tags":[],"42wp_author":[47149],"class_list":["post-144631","post","type-post","status-publish","format-standard","has-post-thumbnail","hentry","category-f3","42wp_author-bernardo-castro"],"_links":{"self":[{"href":"https:\/\/grandepremio.com\/br\/wp-json\/wp\/v2\/posts\/144631","targetHints":{"allow":["GET"]}}],"collection":[{"href":"https:\/\/grandepremio.com\/br\/wp-json\/wp\/v2\/posts"}],"about":[{"href":"https:\/\/grandepremio.com\/br\/wp-json\/wp\/v2\/types\/post"}],"author":[{"embeddable":true,"href":"https:\/\/grandepremio.com\/br\/wp-json\/wp\/v2\/users\/17"}],"replies":[{"embeddable":true,"href":"https:\/\/grandepremio.com\/br\/wp-json\/wp\/v2\/comments?post=144631"}],"version-history":[{"count":3,"href":"https:\/\/grandepremio.com\/br\/wp-json\/wp\/v2\/posts\/144631\/revisions"}],"predecessor-version":[{"id":144656,"href":"https:\/\/grandepremio.com\/br\/wp-json\/wp\/v2\/posts\/144631\/revisions\/144656"}],"wp:featuredmedia":[{"embeddable":true,"href":"https:\/\/grandepremio.com\/br\/wp-json\/wp\/v2\/media\/1020307577"}],"wp:attachment":[{"href":"https:\/\/grandepremio.com\/br\/wp-json\/wp\/v2\/media?parent=144631"}],"wp:term":[{"taxonomy":"category","embeddable":true,"href":"https:\/\/grandepremio.com\/br\/wp-json\/wp\/v2\/categories?post=144631"},{"taxonomy":"post_tag","embeddable":true,"href":"https:\/\/grandepremio.com\/br\/wp-json\/wp\/v2\/tags?post=144631"},{"taxonomy":"42wp_author","embeddable":true,"href":"https:\/\/grandepremio.com\/br\/wp-json\/wp\/v2\/42wp_author?post=144631"}],"curies":[{"name":"wp","href":"https:\/\/api.w.org\/{rel}","templated":true}]}}