{"id":144636,"date":"2026-06-27T06:46:52","date_gmt":"2026-06-27T09:46:52","guid":{"rendered":"https:\/\/grandepremio.com\/br\/?p=144636"},"modified":"2026-06-27T07:09:55","modified_gmt":"2026-06-27T10:09:55","slug":"empresario-max-verstappen-aperta-red-bull-ele-nao-nasceu-andar-meio-grid","status":"publish","type":"post","link":"https:\/\/grandepremio.com\/br\/f1\/empresario-max-verstappen-aperta-red-bull-ele-nao-nasceu-andar-meio-grid\/","title":{"rendered":"Empres\u00e1rio de Verstappen aperta Red Bull: &#8220;Ele n\u00e3o nasceu para andar no meio do grid&#8221;"},"content":{"rendered":"\n<p class=\"wp-block-paragraph\">Com a proximidade das f\u00e9rias de ver\u00e3o na Europa, a <strong>Red Bull <\/strong>se v\u00ea cada vez mais pressionada a dar garantias de que<strong> Max Verstappen <\/strong>ter\u00e1 a curto prazo um carro novamente capaz de brigar por vit\u00f3rias na <strong>F\u00f3rmula 1<\/strong>. <strong>Raymond Vermeulen<\/strong>, empres\u00e1rio do tetracampe\u00e3o, afirmou que aguarda um posicionamento a respeito do desenvolvimento do carro antes de qualquer decis\u00e3o sobre o futuro do piloto \u2014 afinal, Max &#8220;n\u00e3o nasceu para andar no meio do grid&#8221;.<\/p>\n\n\n\n<p class=\"wp-block-paragraph\">A escolha de Verstappen em permanecer ou deixar a Red Bull ao final da temporada \u00e9 vista como determinante para destravar o mercado de pilotos. Ele tem nas m\u00e3os um contrato at\u00e9 o final de 2028, por\u00e9m desde a queda de performance da Red Bull ainda em 2024, as cl\u00e1usulas de sa\u00edda ligadas a desempenho passaram a ser especuladas.<\/p>\n\n\n\n<figure class=\"wp-block-embed is-type-video is-provider-youtube wp-block-embed-youtube wp-embed-aspect-16-9 wp-has-aspect-ratio\"><div class=\"wp-block-embed__wrapper\">\n<iframe loading=\"lazy\" title=\"\ud83d\udd34AO VIVO! F1 2026 NA \u00c1USTRIA: ANTONELLI LIDERA | TUDO SOBRE OS TREINOS LIVRES [Briefing]\" width=\"500\" height=\"281\" src=\"https:\/\/www.youtube.com\/embed\/BcD3LQqlzic?feature=oembed\" frameborder=\"0\" allow=\"accelerometer; autoplay; clipboard-write; encrypted-media; gyroscope; picture-in-picture; web-share\" referrerpolicy=\"strict-origin-when-cross-origin\" allowfullscreen><\/iframe>\n<\/div><\/figure>\n\n\n\n<p class=\"wp-block-paragraph\">Em meio \u00e0 incerteza, n\u00e3o faltam conversas no paddock que colocam <strong>Mercedes<\/strong> e <strong>McLaren <\/strong>como principais destinos, caso o #3 realmente resolva sair da equipe que defendeu pelos \u00faltimos dez anos, sem contar a Toro Rosso. Vermeulen, contudo, reiterou que a prioridade \u00e9 a Red Bull.<\/p>\n\n\n\n<p class=\"wp-block-paragraph\">&#8220;Nosso objetivo \u00e9 completar essa aventura junto com a Red Bull. O esp\u00edrito da Red Bull e o esp\u00edrito de Verstappen combinam muito bem. No entanto, precisamos de um conjunto competitivo que nos permita disputar as primeiras posi\u00e7\u00f5es. Essa sempre foi a base de tudo&#8221;, disse ao jornal neerland\u00eas<em> De Telegraaf<\/em>.<\/p>\n\n\n\n<p class=\"wp-block-paragraph\">&#8220;Sentimo-nos em casa na Red Bull, mas queremos ser competitivos. Afinal, o Max n\u00e3o nasceu para correr no pelot\u00e3o intermedi\u00e1rio&#8221;, disparou.<\/p>\n\n\n\n<p class=\"wp-block-paragraph\">Em 2026, os taurinos apostaram alto ao assumirem a produ\u00e7\u00e3o de um motor do zero dentro de um novo conjunto de regras e surpreenderam a concorr\u00eancia, por isso Verstappen sabe que tem nas m\u00e3os ao menos &#8220;uma base s\u00f3lida&#8221;, como destacou Vermeulen.<\/p>\n\n\n\n<figure class=\"wp-block-image size-large\"><img loading=\"lazy\" decoding=\"async\" width=\"1200\" height=\"822\" src=\"https:\/\/grandepremio.com\/br\/wp-content\/uploads\/2026\/04\/SI202504110292_hires_jpeg_24bit_rgb-scaled-1200x822.jpg\" alt=\"\" class=\"wp-image-1001078985\" srcset=\"https:\/\/grandepremio.com\/wp-content\/uploads\/2026\/04\/SI202504110292_hires_jpeg_24bit_rgb-scaled-1200x822.jpg 1200w, https:\/\/grandepremio.com\/wp-content\/uploads\/2026\/04\/SI202504110292_hires_jpeg_24bit_rgb-scaled-300x205.jpg 300w, https:\/\/grandepremio.com\/wp-content\/uploads\/2026\/04\/SI202504110292_hires_jpeg_24bit_rgb-scaled-768x526.jpg 768w, https:\/\/grandepremio.com\/wp-content\/uploads\/2026\/04\/SI202504110292_hires_jpeg_24bit_rgb-scaled-1536x1052.jpg 1536w, https:\/\/grandepremio.com\/wp-content\/uploads\/2026\/04\/SI202504110292_hires_jpeg_24bit_rgb-scaled-2048x1402.jpg 2048w, https:\/\/grandepremio.com\/wp-content\/uploads\/2026\/04\/SI202504110292_hires_jpeg_24bit_rgb-scaled-150x103.jpg 150w\" sizes=\"(max-width: 1200px) 100vw, 1200px\" \/><figcaption class=\"wp-element-caption\">Max Verstappen e Raymond Vermeulen: futuro do neerland\u00eas \u00e9 a chave do mercado de pilotos (Foto: Red Bull Content Pool)<\/figcaption><\/figure>\n\n\n\n<p class=\"wp-block-paragraph\">&#8220;Isso \u00e9 obviamente muito positivo. A base \u00e9 s\u00f3lida. Aqui na <strong>\u00c1ustria<\/strong>, a equipe introduziu uma grande atualiza\u00e7\u00e3o no carro. Esperamos que tenha um efeito positivo, pois \u00e9 claro que precisamos evoluir. Max est\u00e1 em s\u00e9timo no campeonato. Esse n\u00e3o \u00e9 o lugar onde ele e a Red Bull deveriam estar, mas \u00e9 a realidade&#8221;, comentou.<\/p>\n\n\n\n<p class=\"wp-block-paragraph\">&#8220;Temos tempo agora para focar no desempenho do carro. Isso n\u00e3o tem nada a ver com sair ou ficar. Queremos simplesmente saber em que p\u00e9 estamos e como o carro est\u00e1 evoluindo. E isso significa que n\u00e3o precisamos dizer &#8216;sim&#8217; ou &#8216;n\u00e3o&#8217; agora. Temos acordos em vigor que est\u00e3o sendo cumpridos&#8221;, seguiu.<\/p>\n\n\n\n<p class=\"wp-block-paragraph\">&#8220;A lealdade sempre foi o princ\u00edpio norteador de ambas as partes. Tivemos muitos contratos novos ao longo dos anos, e eles foram sempre firmados ap\u00f3s an\u00e1lise cuidadosa&#8221;, encerrou Vermeulen.<\/p>\n\n\n\n<p class=\"wp-block-paragraph\">O&nbsp;<strong>GRANDE PR\u00caMIO<\/strong>&nbsp;acompanha todas as atividades do&nbsp;<strong>GP da \u00c1ustria<\/strong>&nbsp;<a href=\"https:\/\/www.grandepremio.com\/br\/ao-vivo\/f1\/\">&nbsp;<strong>AO VIVO E EM&nbsp;<\/strong><\/a><strong><a href=\"https:\/\/www.grandepremio.com\/br\/ao-vivo\/\" target=\"_blank\" rel=\"noreferrer noopener\">TEMPO REAL<\/a><\/strong>,&nbsp;<a href=\"https:\/\/www.youtube.com\/@GrandePremio1\/streams\">al\u00e9m de classifica\u00e7\u00e3o e corrida em&nbsp;<strong>SEGUNDA TELA&nbsp;<\/strong>no YouTube<\/a>, em parceria com a&nbsp;<strong>Voz do Esporte<\/strong>. O&nbsp;<strong>Briefing&nbsp;<\/strong>chega para analisar ap\u00f3s o fim de cada dia de atividades nas redes sociais e na&nbsp;<strong>GPTV<\/strong>.<\/p>\n\n\n\n<p class=\"wp-block-paragraph\">Al\u00e9m da cobertura completa das atividades, o&nbsp;<strong>GRANDE PR\u00caMIO<\/strong>&nbsp;tamb\u00e9m estar\u00e1 in loco em&nbsp;<strong>Spielberg<\/strong>&nbsp;com o rep\u00f3rter&nbsp;<strong>Leonid Kliuev<\/strong>.<\/p>\n\n\n\n<h2 class=\"wp-block-heading\">GP da \u00c1ustria&nbsp;de F1: veja os hor\u00e1rios em Brasil, Cabo Verde,&nbsp;<a href=\"https:\/\/grandepremio.pt\/\" target=\"_blank\" rel=\"noreferrer noopener\"><strong>Portugal<\/strong><\/a>, Angola e Mo\u00e7ambique:<\/h2>\n\n\n\n<figure class=\"wp-block-table\"><table class=\"has-fixed-layout\"><tbody><tr><td><strong>Sess\u00e3o<\/strong><\/td><td><strong>BRA*<\/strong><\/td><td><strong>CBV<\/strong><\/td><td><strong>POR<\/strong><br><strong>ANG<\/strong><\/td><td><strong>MOZ<\/strong><\/td><\/tr><tr><td>Treino livre 3<\/td><td>07:30<\/td><td>09:30<\/td><td>11:30<\/td><td>12:30<\/td><\/tr><tr><td>Classifica\u00e7\u00e3o<\/td><td>11:00<\/td><td>13:00<\/td><td>15:00<\/td><td>16:00<\/td><\/tr><tr><td>Corrida<\/td><td>10:00<\/td><td>12:00<\/td><td>14:00<\/td><td>15:00<\/td><\/tr><\/tbody><\/table><\/figure>\n\n\n\n<p class=\"wp-block-paragraph\"><em>*Hor\u00e1rio de Bras\u00edlia<\/em><\/p>\n\n\n\n<p class=\"wp-block-paragraph\">\u25b6\ufe0f <strong>F1:\u00a0<a href=\"https:\/\/www.grandepremio.com\/br\/f1\/calendario\/\">confira o calend\u00e1rio completo de 2026<\/a><\/strong><br>\u25b6\ufe0f <strong>Inscreva-se nos dois canais do GRANDE PR\u00caMIO no YouTube:\u00a0<a href=\"https:\/\/www.youtube.com\/channel\/UC9OlHEgxoaY6QY6nWPoiqQg?sub_confirmation=1\">GP<\/a>\u00a0|\u00a0<a href=\"https:\/\/www.youtube.com\/channel\/UC9csiS6q_C3C0FYhyr1rnFA?sub_confirmation=1\">GPTV<\/a><\/strong><\/p>\n\n\n\n<p class=\"wp-block-paragraph\"><strong>F1 hoje: saiba aqui as not\u00edcias mais importantes do dia da F\u00f3rmula 1<\/strong><\/p>\n\n\n\n<p class=\"wp-block-paragraph\">A reda\u00e7\u00e3o do&nbsp;<strong>GRANDE PR\u00caMIO<\/strong>&nbsp;selecionou as not\u00edcias mais importantes das \u00faltimas horas para voc\u00ea ficar por dentro de tudo que acontece na F1.<\/p>\n\n\n\n<p class=\"wp-block-paragraph\">\u25b6\ufe0f <strong><a href=\"https:\/\/grandepremio.com\/br\/f1\/engenheiro-chefe-encaminha-saida-red-bull-apos-21-anos-para-fechar-cadillac\/\">Engenheiro-chefe encaminha sa\u00edda da Red Bull ap\u00f3s 21 anos para fechar com Cadillac<\/a><\/strong><br>\u25b6\ufe0f <strong><a href=\"https:\/\/grandepremio.com\/br\/f1\/fia-proibe-inovacao-ferrari-traseira-carro-temporada-2027-f1\/\">FIA pro\u00edbe inova\u00e7\u00e3o da Ferrari na traseira do carro para temporada 2027 da F1<\/a><\/strong><br>\u25b6\ufe0f <strong><a href=\"https:\/\/grandepremio.com\/br\/f1\/fia-ratifica-resultado-mantem-motor-red-bull-ford-referencia-f1-2026\/\">FIA ratifica resultado e mant\u00e9m motor Red Bull Ford como refer\u00eancia na F1 2026<\/a><\/strong><\/p>\n","protected":false},"excerpt":{"rendered":"<p>Raymond Vermeulen afirmou que, no momento, aguarda uma posi\u00e7\u00e3o sobre a evolu\u00e7\u00e3o do carro, por mais que seja desejo de Max Verstappen continuar na &#8220;casa&#8221; Red Bull<\/p>\n","protected":false},"author":4,"featured_media":1020307425,"comment_status":"closed","ping_status":"closed","sticky":false,"template":"","format":"standard","meta":{"42wp_featured_image_caption":"F1 2026, AUSTRIA, TREINO LIVRE, RED BULL RACING, MAX VERSTAPPEN, ROSTO CAPACETE","42wp_featured_image_credits":"F1 2026, AUSTRIA, TREINO LIVRE, RED BULL RACING, MAX VERSTAPPEN, ROSTO CAPACETE","42wp_featured_video":"","42wp_featured_image_hidden":false,"42wp_authors_list":[],"footnotes":""},"categories":[2],"tags":[26271,5273,147,29516,29148,180,31425,28995,23783,40100,1491,28285,30840,203,90,82,35129,204,1763,4613,31470],"42wp_author":[47147],"class_list":["post-144636","post","type-post","status-publish","format-standard","has-post-thumbnail","hentry","category-f1","tag-calendario-f1","tag-classificacao-f1","tag-f1","tag-f1-2026","tag-f1-hoje","tag-formula-1","tag-formula-1-2026","tag-formula-1-hoje","tag-gp-da-austria","tag-gp-da-austria-f1","tag-grande-premio","tag-grandepremio","tag-horarios-f1","tag-max-verstappen","tag-mclaren","tag-mercedes","tag-onde-assistir-f1","tag-red-bull","tag-red-bull-ring","tag-spielberg","tag-temporada-2026-f1","42wp_author-luana-marino"],"_links":{"self":[{"href":"https:\/\/grandepremio.com\/br\/wp-json\/wp\/v2\/posts\/144636","targetHints":{"allow":["GET"]}}],"collection":[{"href":"https:\/\/grandepremio.com\/br\/wp-json\/wp\/v2\/posts"}],"about":[{"href":"https:\/\/grandepremio.com\/br\/wp-json\/wp\/v2\/types\/post"}],"author":[{"embeddable":true,"href":"https:\/\/grandepremio.com\/br\/wp-json\/wp\/v2\/users\/4"}],"replies":[{"embeddable":true,"href":"https:\/\/grandepremio.com\/br\/wp-json\/wp\/v2\/comments?post=144636"}],"version-history":[{"count":6,"href":"https:\/\/grandepremio.com\/br\/wp-json\/wp\/v2\/posts\/144636\/revisions"}],"predecessor-version":[{"id":144660,"href":"https:\/\/grandepremio.com\/br\/wp-json\/wp\/v2\/posts\/144636\/revisions\/144660"}],"wp:featuredmedia":[{"embeddable":true,"href":"https:\/\/grandepremio.com\/br\/wp-json\/wp\/v2\/media\/1020307425"}],"wp:attachment":[{"href":"https:\/\/grandepremio.com\/br\/wp-json\/wp\/v2\/media?parent=144636"}],"wp:term":[{"taxonomy":"category","embeddable":true,"href":"https:\/\/grandepremio.com\/br\/wp-json\/wp\/v2\/categories?post=144636"},{"taxonomy":"post_tag","embeddable":true,"href":"https:\/\/grandepremio.com\/br\/wp-json\/wp\/v2\/tags?post=144636"},{"taxonomy":"42wp_author","embeddable":true,"href":"https:\/\/grandepremio.com\/br\/wp-json\/wp\/v2\/42wp_author?post=144636"}],"curies":[{"name":"wp","href":"https:\/\/api.w.org\/{rel}","templated":true}]}}