{"id":14467,"date":"2025-11-30T12:18:56","date_gmt":"2025-11-30T15:18:56","guid":{"rendered":"https:\/\/grandepremio.com\/br\/noticias\/red-bull-busca-bala-de-prata-traz-motor-antigo-max-verstappen-gp-do-catar\/"},"modified":"2025-11-30T12:22:50","modified_gmt":"2025-11-30T15:22:50","slug":"red-bull-busca-bala-de-prata-traz-motor-antigo-max-verstappen-gp-do-catar","status":"publish","type":"post","link":"https:\/\/grandepremio.com\/br\/f1\/red-bull-busca-bala-de-prata-traz-motor-antigo-max-verstappen-gp-do-catar\/","title":{"rendered":"Red Bull busca bala de prata e traz motor antigo para Verstappen no GP do Catar"},"content":{"rendered":"\n<p class=\"wp-block-paragraph\">A <strong>Red Bull<\/strong> promoveu uma mudan\u00e7a importante ap\u00f3s a classifica\u00e7\u00e3o para o <strong>GP do Catar <\/strong>deste domingo (30) na tentativa de maximizar o desempenho de <strong>Max Verstappen<\/strong>, que ainda luta para seguir vivo na disputa pelo t\u00edtulo mundial da <strong><a href=\"https:\/\/www.grandepremio.com\/br\/f1\/\">F1 2025<\/a><\/strong>.<\/p>\n\n\n\n<p class=\"wp-block-paragraph\">A equipe taurina optou por trocar a unidade de pot\u00eancia do tetracampe\u00e3o ap\u00f3s a defini\u00e7\u00e3o do grid, reinstalando o motor utilizado pelo neerland\u00eas antes do <strong>GP de S\u00e3o Paulo<\/strong>. A altera\u00e7\u00e3o n\u00e3o gera qualquer penalidade, e Verstappen seguir\u00e1 largando da terceira posi\u00e7\u00e3o em <strong>Lusail<\/strong>.<\/p>\n\n\n\n<p class=\"wp-block-paragraph\">Com <strong>Oscar Piastri <\/strong>na pole-position e <strong>Lando Norris<\/strong> saindo da segunda posi\u00e7\u00e3o, a etapa deste domingo pode definir o t\u00edtulo para o <strong>#4<\/strong> da <strong>McLaren<\/strong>. <\/p>\n\n\n\n<p class=\"wp-block-paragraph\">Ap\u00f3s a corrida sprint deste s\u00e1bado (29), em <strong>Lusail<\/strong>, Lando encabe\u00e7a a tabela com 396 pontos, seguido por Piastri, com 374, e Verstappen, que tem 371 tentos.<\/p>\n\n\n\n<figure class=\"wp-block-image size-large\"><img decoding=\"async\" src=\"https:\/\/www.grandepremio.com\/br\/wp-content\/uploads\/2025\/11\/catar-2025-f1-classificacao-red-bull-max-verstappen-05-1200x800.jpg\" alt=\"\" class=\"wp-image-1038851\"\/><figcaption class=\"wp-element-caption\">Max Verstappen (Foto: Red Bull Content Pool)<\/figcaption><\/figure>\n\n\n\n<p class=\"wp-block-paragraph\">O\u00a0<strong>GRANDE PR\u00caMIO<\/strong>\u00a0acompanha todas as atividades do\u00a0<strong>GP do Catar<\/strong><a href=\"https:\/\/www.grandepremio.com\/br\/ao-vivo\/f1\/\">\u00a0<strong>AO VIVO E EM\u00a0<\/strong><\/a><strong><a href=\"https:\/\/www.grandepremio.com\/br\/ao-vivo\/\" target=\"_blank\" rel=\"noreferrer noopener\">TEMPO REAL<\/a><\/strong>,\u00a0<a href=\"https:\/\/www.youtube.com\/@GrandePremio1\/streams\">al\u00e9m de classifica\u00e7\u00f5es e corridas em\u00a0<strong>SEGUNDA TELA\u00a0<\/strong>no YouTube<\/a>, em parceria com a\u00a0<strong>Voz do Esporte<\/strong>. O\u00a0<strong>Briefing\u00a0<\/strong>chega para analisar ap\u00f3s o fim de cada dia de atividades nas redes sociais e na\u00a0<strong>GPTV<\/strong>.<\/p>\n\n\n\n<p class=\"wp-block-paragraph\">Al\u00e9m da cobertura tradicional, o<strong>&nbsp;GRANDE PR\u00caMIO<\/strong>&nbsp;estar\u00e1&nbsp;<strong>IN LOCO<\/strong>&nbsp;em&nbsp;<strong><a href=\"https:\/\/www.grandepremio.com\/br\/circuito\/lusail\/\" target=\"_blank\" rel=\"noreferrer noopener\">Lusail<\/a><\/strong>&nbsp;para acompanhar todas as emo\u00e7\u00f5es da etapa com o rep\u00f3rter&nbsp;<strong>Leonid Kliuev<\/strong>.<\/p>\n\n\n\n<p class=\"wp-block-paragraph\"><strong>GP do Catar de F1: veja os hor\u00e1rios em Brasil, Cabo Verde,&nbsp;<a href=\"https:\/\/grandepremio.pt\/\" target=\"_blank\" rel=\"noreferrer noopener\">Portugal<\/a>, Angola e Mo\u00e7ambique:<\/strong><\/p>\n\n\n\n<figure class=\"wp-block-table\"><table class=\"has-fixed-layout\"><tbody><tr><td><strong>Sess\u00e3o<\/strong><\/td><td><strong>BRA*<\/strong><\/td><td><strong>CBV<\/strong><\/td><td><strong>POR<\/strong><br><strong>ANG<\/strong><\/td><td><strong>MOZ<\/strong><\/td><\/tr><tr><td>Corrida<\/td><td>13:00<\/td><td>15:00<\/td><td>17:00<\/td><td>18:00<\/td><\/tr><\/tbody><\/table><\/figure>\n\n\n\n<p class=\"wp-block-paragraph\"><em>*Hor\u00e1rio de Bras\u00edlia<\/em><\/p>\n\n\n\n<p class=\"wp-block-paragraph\"><strong>\u25b6\ufe0f<\/strong>&nbsp;<strong>Onde assistir F1?&nbsp;<a href=\"https:\/\/www.grandepremio.com\/br\/programacao-tv\/noticias\/onde-assistir-corridas-do-fim-de-semana-tv-streaming-28-30-de-novembro\/\">Veja aqui todas as informa\u00e7\u00f5es<\/a><\/strong><br><strong>\u25b6\ufe0f<\/strong>&nbsp;<strong>F1: faltam quantas corridas?&nbsp;<a href=\"https:\/\/www.grandepremio.com\/br\/f1\/calendario\/\" target=\"_blank\" rel=\"noreferrer noopener\">Veja o calend\u00e1rio da F1<\/a><\/strong><br>\u25b6\ufe0f&nbsp;<strong>Inscreva-se nos dois canais do GRANDE PR\u00caMIO no YouTube:&nbsp;<a href=\"https:\/\/www.youtube.com\/channel\/UC9OlHEgxoaY6QY6nWPoiqQg?sub_confirmation=1\" target=\"_blank\" rel=\"noreferrer noopener\">GP<\/a>&nbsp;|&nbsp;<a href=\"https:\/\/www.youtube.com\/channel\/UC9csiS6q_C3C0FYhyr1rnFA?sub_confirmation=1\" target=\"_blank\" rel=\"noreferrer noopener\">GP2<\/a><\/strong><\/p>\n\n\n\n<figure class=\"wp-block-embed is-type-video is-provider-youtube wp-block-embed-youtube wp-embed-aspect-16-9 wp-has-aspect-ratio\"><div class=\"wp-block-embed__wrapper\">\n<iframe loading=\"lazy\" title=\"NORRIS CAMPE\u00c3O HOJE? GP DO CATAR F1 AO VIVO: GRID E PR\u00c9-CORRIDA | BRIEFING [grande premio]\" width=\"500\" height=\"281\" src=\"https:\/\/www.youtube.com\/embed\/8PKYds0d8pY?feature=oembed\" frameborder=\"0\" allow=\"accelerometer; autoplay; clipboard-write; encrypted-media; gyroscope; picture-in-picture; web-share\" referrerpolicy=\"strict-origin-when-cross-origin\" allowfullscreen><\/iframe>\n<\/div><\/figure>\n","protected":false},"excerpt":{"rendered":"<p>Max Verstappen vai utilizar motor anterior para a prova que pode definir o t\u00edtulo mundial neste domingo (30), no Catar. Neerland\u00eas trocou unidade de pot\u00eancia para GP de S\u00e3o Paulo <\/p>\n","protected":false},"author":0,"featured_media":1001038927,"comment_status":"closed","ping_status":"closed","sticky":false,"template":"","format":"standard","meta":{"42wp_featured_image_caption":"","42wp_featured_image_credits":"","42wp_featured_video":"","42wp_featured_image_hidden":false,"42wp_authors_list":[],"footnotes":""},"categories":[2],"tags":[26271,5273,147,3630,180,3628,600,1491,28285,30840,547,31014,43265,203,90,35129,2916,204,42001],"42wp_author":[47161],"class_list":["post-14467","post","type-post","status-publish","format-standard","has-post-thumbnail","hentry","category-f1","tag-calendario-f1","tag-classificacao-f1","tag-f1","tag-f1-2025","tag-formula-1","tag-formula-1-2025","tag-gp-do-catar","tag-grande-premio","tag-grandepremio","tag-horarios-f1","tag-lando-norris","tag-lusail","tag-lusail-2025","tag-max-verstappen","tag-mclaren","tag-onde-assistir-f1","tag-oscar-piastri","tag-red-bull","tag-temporada-2025-f1","42wp_author-kaio-esteves"],"_links":{"self":[{"href":"https:\/\/grandepremio.com\/br\/wp-json\/wp\/v2\/posts\/14467","targetHints":{"allow":["GET"]}}],"collection":[{"href":"https:\/\/grandepremio.com\/br\/wp-json\/wp\/v2\/posts"}],"about":[{"href":"https:\/\/grandepremio.com\/br\/wp-json\/wp\/v2\/types\/post"}],"replies":[{"embeddable":true,"href":"https:\/\/grandepremio.com\/br\/wp-json\/wp\/v2\/comments?post=14467"}],"version-history":[{"count":0,"href":"https:\/\/grandepremio.com\/br\/wp-json\/wp\/v2\/posts\/14467\/revisions"}],"wp:featuredmedia":[{"embeddable":true,"href":"https:\/\/grandepremio.com\/br\/wp-json\/wp\/v2\/media\/1001038927"}],"wp:attachment":[{"href":"https:\/\/grandepremio.com\/br\/wp-json\/wp\/v2\/media?parent=14467"}],"wp:term":[{"taxonomy":"category","embeddable":true,"href":"https:\/\/grandepremio.com\/br\/wp-json\/wp\/v2\/categories?post=14467"},{"taxonomy":"post_tag","embeddable":true,"href":"https:\/\/grandepremio.com\/br\/wp-json\/wp\/v2\/tags?post=14467"},{"taxonomy":"42wp_author","embeddable":true,"href":"https:\/\/grandepremio.com\/br\/wp-json\/wp\/v2\/42wp_author?post=14467"}],"curies":[{"name":"wp","href":"https:\/\/api.w.org\/{rel}","templated":true}]}}