{"id":14471,"date":"2025-11-30T09:57:16","date_gmt":"2025-11-30T12:57:16","guid":{"rendered":"https:\/\/grandepremio.com\/br\/noticias\/formula-1-disputa-gp-do-catar-noite-sem-chance-chuva-com-alta-umidade\/"},"modified":"2025-11-30T18:05:47","modified_gmt":"2025-11-30T21:05:47","slug":"formula-1-disputa-gp-do-catar-noite-sem-chance-chuva-com-alta-umidade","status":"publish","type":"post","link":"https:\/\/grandepremio.com\/br\/f1\/formula-1-disputa-gp-do-catar-noite-sem-chance-chuva-com-alta-umidade\/","title":{"rendered":"F1 disputa GP do Catar em noite sem chance de chuva e com alta umidade"},"content":{"rendered":"\n<p class=\"wp-block-paragraph\">A disputa do <strong>GP do Catar de F1<\/strong> deve acontecer com clima totalmente est\u00e1vel em <strong>Lusail<\/strong>, sem qualquer amea\u00e7a de chuva e com temperatura amena durante toda a corrida. A noite traz poucas varia\u00e7\u00f5es e refor\u00e7a o cen\u00e1rio de const\u00e2ncia no asfalto, condi\u00e7\u00e3o que favorece quem j\u00e1 mostrou for\u00e7a desde o in\u00edcio do fim de semana \u2014 especialmente a <strong>McLaren<\/strong> de <strong>Oscar Piastri<\/strong>.<\/p>\n\n\n\n<p class=\"wp-block-paragraph\">Segundo informa\u00e7\u00f5es do <em>The Weather Channel<\/em>, a previs\u00e3o indica 23 \u00b0C para a hora da largada (19h, hor\u00e1rio local), com sensa\u00e7\u00e3o t\u00e9rmica igual. A umidade fica em torno de 63%, com ventos de at\u00e9 13 km\/h, 0% de nebulosidade e somente 1% de chance de chuva.<\/p>\n\n\n\n<p class=\"wp-block-paragraph\">As condi\u00e7\u00f5es dever\u00e3o ficar est\u00e1veis ao longo de toda a prova. At\u00e9 a bandeirada final, a temperatura pode cair levemente, para 21 \u00b0C, com at\u00e9 1% de nebulosidade e apenas 2% de probabilidade de chuva. A maior varia\u00e7\u00e3o deve ser na umidade, que pode chegar at\u00e9 72%.<\/p>\n\n\n\n<p class=\"wp-block-paragraph\">O clima firme n\u00e3o altera a expectativa de uma corrida focada no desgaste dos pneus, tema central do fim de semana. <a href=\"https:\/\/www.grandepremio.com\/br\/f1\/noticias\/pirelli-confirma-numero-maximo-voltas-jogo-pneu-fim-semana-catar\/\">A <strong>Pirelli <\/strong>imp\u00f4s limite de 25 voltas por pneu<\/a>, tornando a estrat\u00e9gia obrigatoriamente de duas paradas. Na sprint, tanto <strong>Oscar Piastri<\/strong> quanto <strong>George Russell<\/strong><a href=\"https:\/\/www.grandepremio.com\/br\/f1\/noticias\/pilotos-saem-defesa-pirelli-limite-voltas-pneu-gp-do-catar\/\"> relataram vibra\u00e7\u00f5es e perda de performance no composto dianteiro esquerdo<\/a>, reflexo das curvas r\u00e1pidas e da carga lateral extrema de Lusail.<\/p>\n\n\n\n<figure class=\"wp-block-image size-large\"><img decoding=\"async\" src=\"https:\/\/www.grandepremio.com\/br\/wp-content\/uploads\/2025\/11\/catar-2025-f1-classificacao-mclaren-oscar-piastri-03-1200x789.jpg\" alt=\"\" class=\"wp-image-1038879\"\/><figcaption class=\"wp-element-caption\">Oscar Piastri larga na pole-position no GP do Catar (Foto: McLaren)<\/figcaption><\/figure>\n\n\n\n<p class=\"wp-block-paragraph\">A McLaren chega como favorita ap\u00f3s dominar todas as atividades de pista. Piastri liderou treinos, venceu a sprint e cravou 1min19s387 para conquistar a pole-position da pen\u00faltima etapa do campeonato. <strong>Lando Norris<\/strong> completa a primeira fila. <strong>Max Verstappen<\/strong>, sem ritmo suficiente para amea\u00e7ar a dupla laranja, parte em terceiro.<\/p>\n\n\n\n<p class=\"wp-block-paragraph\">A <strong>Mercedes<\/strong> aparece logo atr\u00e1s com <strong>George Russell<\/strong> em quarto, seguido por <strong>Andrea Kimi Antonelli<\/strong>. <strong>Isack Hadjar<\/strong>, <strong>Carlos Sainz<\/strong>, <strong>Fernando Alonso<\/strong>, <strong>Pierre Gasly<\/strong> e <strong>Charles Leclerc<\/strong> completam o top-10. Gabriel Bortoleto, com a puni\u00e7\u00e3o de cinco posi\u00e7\u00f5es pelo acidente no in\u00edcio do <strong>GP de Las Vegas<\/strong>, larga na 19\u00aa posi\u00e7\u00e3o.<\/p>\n\n\n\n<p class=\"wp-block-paragraph\">O&nbsp;<strong>GRANDE PR\u00caMIO<\/strong>&nbsp;acompanha todas as atividades do&nbsp;<strong>GP do Catar<\/strong><a href=\"https:\/\/www.grandepremio.com\/br\/ao-vivo\/f1\/\">&nbsp;<strong>AO VIVO E EM&nbsp;<\/strong><\/a><strong><a href=\"https:\/\/www.grandepremio.com\/br\/ao-vivo\/\" target=\"_blank\" rel=\"noreferrer noopener\">TEMPO REAL<\/a><\/strong>,&nbsp;<a href=\"https:\/\/www.youtube.com\/@GrandePremio1\/streams\">al\u00e9m de classifica\u00e7\u00f5es e corridas em&nbsp;<strong>SEGUNDA TELA&nbsp;<\/strong>no YouTube<\/a>, em parceria com a&nbsp;<strong>Voz do Esporte<\/strong>. O&nbsp;<strong>Briefing&nbsp;<\/strong>chega para analisar ap\u00f3s o fim de cada dia de atividades nas redes sociais e na&nbsp;<strong>GPTV<\/strong>.<\/p>\n\n\n\n<p class=\"wp-block-paragraph\">Al\u00e9m da cobertura tradicional, o<strong>&nbsp;GRANDE PR\u00caMIO<\/strong>&nbsp;estar\u00e1&nbsp;<strong>IN LOCO<\/strong>&nbsp;em&nbsp;<strong><a href=\"https:\/\/www.grandepremio.com\/br\/circuito\/lusail\/\" target=\"_blank\" rel=\"noreferrer noopener\">Lusail<\/a><\/strong>&nbsp;para acompanhar todas as emo\u00e7\u00f5es da etapa com o rep\u00f3rter&nbsp;<strong>Leonid Kliuev<\/strong>.<\/p>\n\n\n\n<p class=\"wp-block-paragraph\"><strong>GP do Catar de F1: veja os hor\u00e1rios em Brasil, Cabo Verde,&nbsp;<a href=\"https:\/\/grandepremio.pt\/\" target=\"_blank\" rel=\"noreferrer noopener\">Portugal<\/a>, Angola e Mo\u00e7ambique:<\/strong><\/p>\n\n\n\n<figure class=\"wp-block-table\"><table class=\"has-fixed-layout\"><tbody><tr><td><strong>Sess\u00e3o<\/strong><\/td><td><strong>BRA*<\/strong><\/td><td><strong>CBV<\/strong><\/td><td><strong>POR<\/strong><br><strong>ANG<\/strong><\/td><td><strong>MOZ<\/strong><\/td><\/tr><tr><td>Corrida<\/td><td>13:00<\/td><td>15:00<\/td><td>17:00<\/td><td>18:00<\/td><\/tr><\/tbody><\/table><\/figure>\n\n\n\n<p class=\"wp-block-paragraph\"><em>*Hor\u00e1rio de Bras\u00edlia<\/em><\/p>\n\n\n\n<p class=\"wp-block-paragraph\"><strong>\u25b6\ufe0f<\/strong>\u00a0<strong>Onde assistir F1?\u00a0<a href=\"https:\/\/www.grandepremio.com\/br\/programacao-tv\/noticias\/onde-assistir-corridas-do-fim-de-semana-tv-streaming-28-30-de-novembro\/\">Veja aqui todas as informa\u00e7\u00f5es<\/a><\/strong><br><strong>\u25b6\ufe0f<\/strong>\u00a0<strong>F1: faltam quantas corridas?\u00a0<a href=\"https:\/\/www.grandepremio.com\/br\/f1\/calendario\/\" target=\"_blank\" rel=\"noreferrer noopener\">Veja o calend\u00e1rio da F1<\/a><\/strong><br>\u25b6\ufe0f\u00a0<strong>Inscreva-se nos dois canais do GRANDE PR\u00caMIO no YouTube:\u00a0<a href=\"https:\/\/www.youtube.com\/channel\/UC9OlHEgxoaY6QY6nWPoiqQg?sub_confirmation=1\" target=\"_blank\" rel=\"noreferrer noopener\">GP<\/a>\u00a0|\u00a0<a href=\"https:\/\/www.youtube.com\/channel\/UC9csiS6q_C3C0FYhyr1rnFA?sub_confirmation=1\" target=\"_blank\" rel=\"noreferrer noopener\">GP2<\/a><\/strong><\/p>\n\n\n\n<figure class=\"wp-block-embed is-type-video is-provider-youtube wp-block-embed-youtube wp-embed-aspect-16-9 wp-has-aspect-ratio\"><div class=\"wp-block-embed__wrapper\">\n<iframe loading=\"lazy\" title=\"GP DO CATAR F1 2025 AO VIVO: TUDO SOBRE A CLASSIFICA\u00c7\u00c3O | BRIEFING [grande premio]\" width=\"500\" height=\"281\" src=\"https:\/\/www.youtube.com\/embed\/pyUzCwd2Cyg?feature=oembed\" frameborder=\"0\" allow=\"accelerometer; autoplay; clipboard-write; encrypted-media; gyroscope; picture-in-picture; web-share\" referrerpolicy=\"strict-origin-when-cross-origin\" allowfullscreen><\/iframe>\n<\/div><\/figure>\n","protected":false},"excerpt":{"rendered":"<p>Previs\u00e3o do tempo indica chance de chuva de somente 1% para hora da largada do GP do Catar. Alta umidade promete ser fator complicador para equipes e pilotos em Lusail<\/p>\n","protected":false},"author":0,"featured_media":1001039120,"comment_status":"closed","ping_status":"closed","sticky":false,"template":"","format":"standard","meta":{"42wp_featured_image_caption":"","42wp_featured_image_credits":"","42wp_featured_video":"","42wp_featured_image_hidden":false,"42wp_authors_list":[],"footnotes":""},"categories":[2],"tags":[26271,1113,45192,30090,5273,147,3630,180,3628,600,41740,1491,28285,30840,31014,43265,36668,35129,42001],"42wp_author":[47164],"class_list":["post-14471","post","type-post","status-publish","format-standard","has-post-thumbnail","hentry","category-f1","tag-calendario-f1","tag-catar","tag-catar-2025","tag-catar-f1","tag-classificacao-f1","tag-f1","tag-f1-2025","tag-formula-1","tag-formula-1-2025","tag-gp-do-catar","tag-gp-do-catar-f1","tag-grande-premio","tag-grandepremio","tag-horarios-f1","tag-lusail","tag-lusail-2025","tag-lusail-f1","tag-onde-assistir-f1","tag-temporada-2025-f1","42wp_author-marcos-gil-ribeiro"],"_links":{"self":[{"href":"https:\/\/grandepremio.com\/br\/wp-json\/wp\/v2\/posts\/14471","targetHints":{"allow":["GET"]}}],"collection":[{"href":"https:\/\/grandepremio.com\/br\/wp-json\/wp\/v2\/posts"}],"about":[{"href":"https:\/\/grandepremio.com\/br\/wp-json\/wp\/v2\/types\/post"}],"replies":[{"embeddable":true,"href":"https:\/\/grandepremio.com\/br\/wp-json\/wp\/v2\/comments?post=14471"}],"version-history":[{"count":0,"href":"https:\/\/grandepremio.com\/br\/wp-json\/wp\/v2\/posts\/14471\/revisions"}],"wp:featuredmedia":[{"embeddable":true,"href":"https:\/\/grandepremio.com\/br\/wp-json\/wp\/v2\/media\/1001039120"}],"wp:attachment":[{"href":"https:\/\/grandepremio.com\/br\/wp-json\/wp\/v2\/media?parent=14471"}],"wp:term":[{"taxonomy":"category","embeddable":true,"href":"https:\/\/grandepremio.com\/br\/wp-json\/wp\/v2\/categories?post=14471"},{"taxonomy":"post_tag","embeddable":true,"href":"https:\/\/grandepremio.com\/br\/wp-json\/wp\/v2\/tags?post=14471"},{"taxonomy":"42wp_author","embeddable":true,"href":"https:\/\/grandepremio.com\/br\/wp-json\/wp\/v2\/42wp_author?post=14471"}],"curies":[{"name":"wp","href":"https:\/\/api.w.org\/{rel}","templated":true}]}}