{"id":14483,"date":"2025-11-29T19:14:18","date_gmt":"2025-11-29T22:14:18","guid":{"rendered":"https:\/\/grandepremio.com\/br\/noticias\/carlos-sainz-exalta-7o-lugar-grid-catar-problema-plastico-recuperamos-bem\/"},"modified":"2025-11-29T22:07:40","modified_gmt":"2025-11-30T01:07:40","slug":"carlos-sainz-exalta-7o-lugar-grid-catar-problema-plastico-recuperamos-bem","status":"publish","type":"post","link":"https:\/\/grandepremio.com\/br\/f1\/carlos-sainz-exalta-7o-lugar-grid-catar-problema-plastico-recuperamos-bem\/","title":{"rendered":"Sainz exalta 7\u00ba lugar no grid do Catar ap\u00f3s problema com pl\u00e1stico: &#8220;Recuperamos bem&#8221;"},"content":{"rendered":"\n<p class=\"wp-block-paragraph\"><strong>Carlos Sainz<\/strong> confirmou o bom momento na reta final da temporada e garantiu o s\u00e9timo lugar no grid do <strong>GP do Catar<\/strong>. O espanhol voltou ao Q3 em <strong>Lusail<\/strong> e encerrou <a href=\"https:\/\/www.grandepremio.com\/br\/f1\/noticias\/oscar-piastri-soberania-bate-lando-norris-pole-gp-do-catar-max-verstappen\/\">o s\u00e1bado (29) <\/a>de maneira s\u00f3lida, poucas horas depois de finalizar a sprint em oitavo lugar, repetindo a mesma posi\u00e7\u00e3o obtida na classifica\u00e7\u00e3o para a prova curta.<\/p>\n\n\n\n<p class=\"wp-block-paragraph\">A sess\u00e3o teve um momento at\u00edpico no Q3, quando a regressiva marcava aproximadamente cinco minutos para o fim. Um adesivo colado no carro de Sainz se soltou durante a volta de aquecimento e ficou na pista, provocando a bandeira vermelha. O espanhol havia relatado no r\u00e1dio que algo preso ao carro o tornava \u201cimposs\u00edvel de guiar\u201d, e a interrup\u00e7\u00e3o permitiu que tudo fosse normalizado. Na retomada, Sainz registrou 1min20s287 e assegurou o s\u00e9timo lugar no grid.<\/p>\n\n\n\n<p class=\"wp-block-paragraph\">Ele explicou que o problema come\u00e7ou ainda na sa\u00edda dos boxes. \u201cAcho que pegamos um pl\u00e1stico na sa\u00edda do pit-lane e ele grudou no pneu. A\u00ed fiquei deslizando com o pl\u00e1stico no pneu, ent\u00e3o d\u00e1 para imaginar como \u00e9 dif\u00edcil guiar um carro de F1 com pl\u00e1stico em vez de borracha\u201d, relatou. \u201cN\u00e3o foi o ideal porque danificou um pouco a carroceria e perdi um pouco de confian\u00e7a em tudo, mas conseguimos nos recuperar bem.\u201d<\/p>\n\n\n\n<p class=\"wp-block-paragraph\">Mesmo com o contratempo, Sainz registrou o mesmo tempo de volta que havia feito no Q2 e manteve o carro no limite. \u201cFiz outra volta em 20s2 no Q3, o mesmo tempo do Q2, que era o limite do carro. Ent\u00e3o largar em s\u00e9timo \u00e9 um bom lugar para estar\u201d, avaliou.<\/p>\n\n\n\n<figure class=\"wp-block-image size-large\"><img decoding=\"async\" src=\"https:\/\/www.grandepremio.com\/br\/wp-content\/uploads\/2025\/11\/catar-2025-f1-corrida-sprint-williams-carlos-sainz-01-1200x764.jpg\" alt=\"\" class=\"wp-image-1038593\"\/><figcaption class=\"wp-element-caption\">Carlos Sainz chegou mais uma vez ao Q3 com a Williams (Foto: Williams) <\/figcaption><\/figure>\n\n\n\n<p class=\"wp-block-paragraph\">O bom desempenho refor\u00e7a atual fase consistente do piloto, que coleciona resultados fortes desde o quinto lugar em <strong>Las Vegas.<\/strong> Em entrevista recente, Sainz afirmou que teria assinado \u201cainda mais r\u00e1pido\u201d com a equipe caso soubesse do n\u00edvel competitivo que encontraria.<\/p>\n\n\n\n<p class=\"wp-block-paragraph\">Para a corrida de domingo no Catar, o espanhol espera uma disputa direta com<strong> Isack Hadjar<\/strong>, que larga em sexto. \u201cAcho que com Hadjar. Na sprint ele tinha um ritmo muito parecido, ent\u00e3o quem chegar na curva um na frente talvez fique com a vit\u00f3ria do pelot\u00e3o intermedi\u00e1rio. Ele foi muito r\u00e1pido hoje, provavelmente um d\u00e9cimo mais r\u00e1pido que a gente, mas amanh\u00e3 \u00e9 um dia diferente e, com a estrat\u00e9gia, esperamos conseguir fazer alguma coisa&#8221;, encerrou.<\/p>\n\n\n\n<p class=\"wp-block-paragraph\">O\u00a0<strong>GRANDE PR\u00caMIO<\/strong>\u00a0acompanha todas as atividades do\u00a0<strong>GP do Catar<\/strong><a href=\"https:\/\/www.grandepremio.com\/br\/ao-vivo\/f1\/\">\u00a0<strong>AO VIVO E EM\u00a0<\/strong><\/a><strong><a href=\"https:\/\/www.grandepremio.com\/br\/ao-vivo\/\" target=\"_blank\" rel=\"noreferrer noopener\">TEMPO REAL<\/a><\/strong>,\u00a0<a href=\"https:\/\/www.youtube.com\/@GrandePremio1\/streams\">al\u00e9m de classifica\u00e7\u00f5es e corridas em\u00a0<strong>SEGUNDA TELA\u00a0<\/strong>no YouTube<\/a>, em parceria com a\u00a0<strong>Voz do Esporte<\/strong>. O\u00a0<strong>Briefing\u00a0<\/strong>chega para analisar ap\u00f3s o fim de cada dia de atividades nas redes sociais e na\u00a0<strong>GPTV<\/strong>.<\/p>\n\n\n\n<p class=\"wp-block-paragraph\">Al\u00e9m da cobertura tradicional, o<strong>&nbsp;GRANDE PR\u00caMIO<\/strong>&nbsp;estar\u00e1&nbsp;<strong>IN LOCO<\/strong>&nbsp;em&nbsp;<strong><a href=\"https:\/\/www.grandepremio.com\/br\/circuito\/lusail\/\" target=\"_blank\" rel=\"noreferrer noopener\">Lusail<\/a><\/strong>&nbsp;para acompanhar todas as emo\u00e7\u00f5es da etapa com o rep\u00f3rter&nbsp;<strong>Leonid Kliuev<\/strong>.<\/p>\n\n\n\n<p class=\"wp-block-paragraph\"><strong>GP do Catar de F1: veja os hor\u00e1rios em Brasil, Cabo Verde,&nbsp;<a href=\"https:\/\/grandepremio.pt\/\" target=\"_blank\" rel=\"noreferrer noopener\">Portugal<\/a>, Angola e Mo\u00e7ambique:<\/strong><\/p>\n\n\n\n<figure class=\"wp-block-table\"><table class=\"has-fixed-layout\"><tbody><tr><td><strong>Sess\u00e3o<\/strong><\/td><td><strong>BRA*<\/strong><\/td><td><strong>CBV<\/strong><\/td><td><strong>POR<\/strong><br><strong>ANG<\/strong><\/td><td><strong>MOZ<\/strong><\/td><\/tr><tr><td>Corrida<\/td><td>13:00<\/td><td>15:00<\/td><td>17:00<\/td><td>18:00<\/td><\/tr><\/tbody><\/table><\/figure>\n\n\n\n<p class=\"wp-block-paragraph\"><em>*Hor\u00e1rio de Bras\u00edlia<\/em><\/p>\n\n\n\n<p class=\"wp-block-paragraph\"><strong>\u25b6\ufe0f<\/strong> <strong>Onde assistir F1?\u00a0<a href=\"https:\/\/www.grandepremio.com\/br\/programacao-tv\/noticias\/onde-assistir-corridas-do-fim-de-semana-tv-streaming-28-30-de-novembro\/\">Veja aqui todas as informa\u00e7\u00f5es<\/a><\/strong><br><strong>\u25b6\ufe0f<\/strong> <strong>F1: faltam quantas corridas?\u00a0<a href=\"https:\/\/www.grandepremio.com\/br\/f1\/calendario\/\" target=\"_blank\" rel=\"noreferrer noopener\">Veja o calend\u00e1rio da F1<\/a><\/strong><br>\u25b6\ufe0f <strong>Inscreva-se nos dois canais do GRANDE PR\u00caMIO no YouTube:\u00a0<a href=\"https:\/\/www.youtube.com\/channel\/UC9OlHEgxoaY6QY6nWPoiqQg?sub_confirmation=1\" target=\"_blank\" rel=\"noreferrer noopener\">GP<\/a>\u00a0|\u00a0<a href=\"https:\/\/www.youtube.com\/channel\/UC9csiS6q_C3C0FYhyr1rnFA?sub_confirmation=1\" target=\"_blank\" rel=\"noreferrer noopener\">GP2<\/a><\/strong><\/p>\n","protected":false},"excerpt":{"rendered":"<p>Carlos Sainz manteve a boa fase da Williams ao chegar novamente ao Q3 neste s\u00e1bado (29), na classifica\u00e7\u00e3o do GP do Catar<\/p>\n","protected":false},"author":0,"featured_media":1001038696,"comment_status":"closed","ping_status":"closed","sticky":false,"template":"","format":"standard","meta":{"42wp_featured_image_caption":"","42wp_featured_image_credits":"","42wp_featured_video":"","42wp_featured_image_hidden":false,"42wp_authors_list":[],"footnotes":""},"categories":[2],"tags":[26271,546,1113,5273,147,3630,180,3628,600,41740,1491,28285,30840,31014,43265,36668,35129,42001],"42wp_author":[47147,47169],"class_list":["post-14483","post","type-post","status-publish","format-standard","has-post-thumbnail","hentry","category-f1","tag-calendario-f1","tag-carlos-sainz","tag-catar","tag-classificacao-f1","tag-f1","tag-f1-2025","tag-formula-1","tag-formula-1-2025","tag-gp-do-catar","tag-gp-do-catar-f1","tag-grande-premio","tag-grandepremio","tag-horarios-f1","tag-lusail","tag-lusail-2025","tag-lusail-f1","tag-onde-assistir-f1","tag-temporada-2025-f1","42wp_author-luana-marino","42wp_author-rainne-yuka"],"_links":{"self":[{"href":"https:\/\/grandepremio.com\/br\/wp-json\/wp\/v2\/posts\/14483","targetHints":{"allow":["GET"]}}],"collection":[{"href":"https:\/\/grandepremio.com\/br\/wp-json\/wp\/v2\/posts"}],"about":[{"href":"https:\/\/grandepremio.com\/br\/wp-json\/wp\/v2\/types\/post"}],"replies":[{"embeddable":true,"href":"https:\/\/grandepremio.com\/br\/wp-json\/wp\/v2\/comments?post=14483"}],"version-history":[{"count":0,"href":"https:\/\/grandepremio.com\/br\/wp-json\/wp\/v2\/posts\/14483\/revisions"}],"wp:featuredmedia":[{"embeddable":true,"href":"https:\/\/grandepremio.com\/br\/wp-json\/wp\/v2\/media\/1001038696"}],"wp:attachment":[{"href":"https:\/\/grandepremio.com\/br\/wp-json\/wp\/v2\/media?parent=14483"}],"wp:term":[{"taxonomy":"category","embeddable":true,"href":"https:\/\/grandepremio.com\/br\/wp-json\/wp\/v2\/categories?post=14483"},{"taxonomy":"post_tag","embeddable":true,"href":"https:\/\/grandepremio.com\/br\/wp-json\/wp\/v2\/tags?post=14483"},{"taxonomy":"42wp_author","embeddable":true,"href":"https:\/\/grandepremio.com\/br\/wp-json\/wp\/v2\/42wp_author?post=14483"}],"curies":[{"name":"wp","href":"https:\/\/api.w.org\/{rel}","templated":true}]}}